{"id":2848,"date":"2024-03-28T13:58:32","date_gmt":"2024-03-28T12:58:32","guid":{"rendered":"https:\/\/judobelgium.be\/?p=2848"},"modified":"2024-03-28T13:59:20","modified_gmt":"2024-03-28T12:59:20","slug":"bk-kata-2024-nabeschouwing-met-dirk-de-maerteleire","status":"publish","type":"post","link":"https:\/\/judobelgium.be\/en\/belgisch-kampioenschap\/bk-kata-2024-nabeschouwing-met-dirk-de-maerteleire\/","title":{"rendered":"BK Kata 2024: nabeschouwing met Dirk De Maerteleire"},"content":{"rendered":"<p class=\"translation-block\"><strong><em>GENK \u2013<\/em><\/strong> Op 23 maart jl. vond in Genk het Belgische Kampioenschap Kata plaats. Samen met JV-Technisch Directeur Dirk De Maerteleire blikken we terug op het succesvolle event.<\/p>\n\n\n\n<p>\u201cVoor mij was dat alvast een succeseditie,\u201d vindt Dirk. \u201cHet is ook een van de eerste keren dat Judo Vlaanderen aangeduid was om het BK Kata te organiseren en in goede banen te leiden. We hebben daar dan ook publiciteit rond gemaakt. Vooral tijdens de technische en katatrainingen, maar ook online op sociale media e.d. Ook bij onze Waalse collega\u2019s hebben we op de deur geklopt om reclame te maken. Dat is allemaal goed verlopen.\u201d<\/p>\n\n\n\n<figure class=\"wp-block-gallery has-nested-images columns-default is-cropped wp-block-gallery-1 is-layout-flex wp-block-gallery-is-layout-flex\">\n<figure class=\"wp-block-image size-large\"><img fetchpriority=\"high\" decoding=\"async\" width=\"1024\" height=\"664\" data-id=\"2851\" src=\"https:\/\/judobelgium.be\/wp-content\/uploads\/2024\/03\/BK_Kata_2024_3-1-1024x664.jpg\" alt=\"\" class=\"wp-image-2851\" srcset=\"https:\/\/judobelgium.be\/wp-content\/uploads\/2024\/03\/BK_Kata_2024_3-1-1024x664.jpg 1024w, https:\/\/judobelgium.be\/wp-content\/uploads\/2024\/03\/BK_Kata_2024_3-1-500x324.jpg 500w, https:\/\/judobelgium.be\/wp-content\/uploads\/2024\/03\/BK_Kata_2024_3-1-768x498.jpg 768w, https:\/\/judobelgium.be\/wp-content\/uploads\/2024\/03\/BK_Kata_2024_3-1-18x12.jpg 18w, https:\/\/judobelgium.be\/wp-content\/uploads\/2024\/03\/BK_Kata_2024_3-1.jpg 1256w\" sizes=\"(max-width: 1024px) 100vw, 1024px\" \/><\/figure>\n\n\n\n<figure class=\"wp-block-image size-large\"><img decoding=\"async\" width=\"1024\" height=\"680\" data-id=\"2850\" src=\"https:\/\/judobelgium.be\/wp-content\/uploads\/2024\/03\/BK_Kata_2024_4-1-1024x680.jpg\" alt=\"\" class=\"wp-image-2850\" srcset=\"https:\/\/judobelgium.be\/wp-content\/uploads\/2024\/03\/BK_Kata_2024_4-1-1024x680.jpg 1024w, https:\/\/judobelgium.be\/wp-content\/uploads\/2024\/03\/BK_Kata_2024_4-1-500x332.jpg 500w, https:\/\/judobelgium.be\/wp-content\/uploads\/2024\/03\/BK_Kata_2024_4-1-768x510.jpg 768w, https:\/\/judobelgium.be\/wp-content\/uploads\/2024\/03\/BK_Kata_2024_4-1-18x12.jpg 18w, https:\/\/judobelgium.be\/wp-content\/uploads\/2024\/03\/BK_Kata_2024_4-1.jpg 1256w\" sizes=\"(max-width: 1024px) 100vw, 1024px\" \/><\/figure>\n<\/figure>\n\n\n\n<h2 class=\"wp-block-heading\">Superlocatie<\/h2>\n\n\n\n<p>Venue voor dit BK was de sporthal in sportpark \u2018SportInGenk\u2019. \u201cDit was een uitstekende accommodatie,\u201d aldus Dirk. \u201cVeel licht, heel ruim en voldoende kleedkamers en parking. Ook de mensen van JC Genk met Frank Behr en zijn team stonden voor ons klaar. Niets was te veel gevraagd om iets in orde te krijgen.\u201d<\/p>\n\n\n\n<h2 class=\"wp-block-heading\">Deelnemers<\/h2>\n\n\n\n<p>Dirk is tevens tevreden over het aantal deelnemers. \u201cEen recordaantal deelnemers tekende present, van 43 demonstraties naar 41 effectieve demo\u2019s. Bij de vijf senioren kata\u2019s hadden we steevast een volledig podium, in het verleden was dat niet altijd het geval, nu wel. Dus heel tevreden. We zitten op de goede weg,\u201d meent de Technisch Directeur. \u201cImmers, dat betekent dat kata ook mee in de lift zit, samen met de rest van de breedtesport van judo.\u201d<\/p>\n\n\n\n<p>Kwaliteit was dan ook aanwezig. \u201cInderdaad, de vaste waarden hadden zich ingeschreven, zoals de tweelingbroers Gilon, het duo Engelen-Closset, maar er waren ook enkele nieuwe deelnemers. Echter, wat mij vooral verheugde, was die jonge gasten aan het werk te zien. De attitude van die jonge judoka\u2019s op de mat, heel knap.\u201d<\/p>\n\n\n\n<figure class=\"wp-block-gallery has-nested-images columns-default is-cropped wp-block-gallery-2 is-layout-flex wp-block-gallery-is-layout-flex\">\n<figure class=\"wp-block-image size-large\"><img decoding=\"async\" width=\"1024\" height=\"671\" data-id=\"2853\" src=\"https:\/\/judobelgium.be\/wp-content\/uploads\/2024\/03\/BK_Kata_2024_1-1-1024x671.jpg\" alt=\"\" class=\"wp-image-2853\" srcset=\"https:\/\/judobelgium.be\/wp-content\/uploads\/2024\/03\/BK_Kata_2024_1-1-1024x671.jpg 1024w, https:\/\/judobelgium.be\/wp-content\/uploads\/2024\/03\/BK_Kata_2024_1-1-500x328.jpg 500w, https:\/\/judobelgium.be\/wp-content\/uploads\/2024\/03\/BK_Kata_2024_1-1-768x503.jpg 768w, https:\/\/judobelgium.be\/wp-content\/uploads\/2024\/03\/BK_Kata_2024_1-1-18x12.jpg 18w, https:\/\/judobelgium.be\/wp-content\/uploads\/2024\/03\/BK_Kata_2024_1-1.jpg 1254w\" sizes=\"(max-width: 1024px) 100vw, 1024px\" \/><\/figure>\n\n\n\n<figure class=\"wp-block-image size-large\"><img loading=\"lazy\" decoding=\"async\" width=\"1024\" height=\"641\" data-id=\"2852\" src=\"https:\/\/judobelgium.be\/wp-content\/uploads\/2024\/03\/BK_Kata_2024_2-1-1024x641.jpg\" alt=\"\" class=\"wp-image-2852\" srcset=\"https:\/\/judobelgium.be\/wp-content\/uploads\/2024\/03\/BK_Kata_2024_2-1-1024x641.jpg 1024w, https:\/\/judobelgium.be\/wp-content\/uploads\/2024\/03\/BK_Kata_2024_2-1-500x313.jpg 500w, https:\/\/judobelgium.be\/wp-content\/uploads\/2024\/03\/BK_Kata_2024_2-1-768x480.jpg 768w, https:\/\/judobelgium.be\/wp-content\/uploads\/2024\/03\/BK_Kata_2024_2-1-18x12.jpg 18w, https:\/\/judobelgium.be\/wp-content\/uploads\/2024\/03\/BK_Kata_2024_2-1.jpg 1250w\" sizes=\"(max-width: 1024px) 100vw, 1024px\" \/><\/figure>\n<\/figure>\n\n\n\n<p>Er waren ook twee Enbu-teams aanwezig. \u201cEnbu, de judoshow, komt wat moeilijker van de grond,\u201d stelt Dirk. \u201cWe hadden in de vrije oefening slechts \u00e9\u00e9n team en in de opgelegde oefening ook maar \u00e9\u00e9n team. Ik hoop dat dit naar de toekomst toe wat verder evolueert. Inzake verhouding Vlaamse-Waalse koppels, waren in deze editie de Vlaamse koppels toch ook goed vertegenwoordigd, wat in het verleden niet altijd het geval was. Ik weet dat er een aantal koppels hebben meegedaan ter voorbereiding van de Shodan Shiken, voor een examen tot graadverhoging. Wat eigenlijk de ideale oefening daarvoor is. Maar ook anderen, louter uit interesse of als kata-competiteur. Die laatste eindigden dan ook logischerwijs bovenaan de ranking. Zo zijn er een aantal Vlaamse koppels die op podium ge\u00ebindigd zijn, zoals Minnoy-Vandekerckhove, Lips-De Neve, maar ook nieuwkomers haalden het podium, zoals Dereere-Depoorter. Daarentegen bespeurde ik tevens veel andere deelnemers. Kata is dan ook een mooi alternatief voor judoka\u2019s die geen boodschap meer hebben aan shiai of die blessuregevoelig zijn of om andere redenen geen shiai meer doen.\u201d<\/p>\n\n\n\n<h2 class=\"wp-block-heading\">Judges<\/h2>\n\n\n\n<figure class=\"wp-block-gallery has-nested-images columns-default is-cropped wp-block-gallery-3 is-layout-flex wp-block-gallery-is-layout-flex\">\n<figure class=\"wp-block-image size-large\"><img loading=\"lazy\" decoding=\"async\" width=\"1024\" height=\"562\" data-id=\"2855\" src=\"https:\/\/judobelgium.be\/wp-content\/uploads\/2024\/03\/judges-BK-Kata-2024-1024x562.jpg\" alt=\"\" class=\"wp-image-2855\" srcset=\"https:\/\/judobelgium.be\/wp-content\/uploads\/2024\/03\/judges-BK-Kata-2024-1024x562.jpg 1024w, https:\/\/judobelgium.be\/wp-content\/uploads\/2024\/03\/judges-BK-Kata-2024-500x275.jpg 500w, https:\/\/judobelgium.be\/wp-content\/uploads\/2024\/03\/judges-BK-Kata-2024-768x422.jpg 768w, https:\/\/judobelgium.be\/wp-content\/uploads\/2024\/03\/judges-BK-Kata-2024-1536x844.jpg 1536w, https:\/\/judobelgium.be\/wp-content\/uploads\/2024\/03\/judges-BK-Kata-2024-18x10.jpg 18w, https:\/\/judobelgium.be\/wp-content\/uploads\/2024\/03\/judges-BK-Kata-2024.jpg 1566w\" sizes=\"(max-width: 1024px) 100vw, 1024px\" \/><\/figure>\n<\/figure>\n\n\n\n<p>Voor een aantal kata judges was dit BK tevens de vuurdoop om hun recent verworven licentie en kennis tot zijn recht te laten komen. \u201cIk ben dan ook zeer tevreden en trots op de judges. Het was de ideale gelegenheid voor de judges met nationale licenties om ermee aan de slag te gaan. Ze hadden van op voorhand de kata\u2019s aangeduid gekregen dus ze konden zich goed voorbereiden,\u201d aldus Dirk. \u201cEn de EJU en IJF judges van beide vleugels stonden paraat om als judge en\/of commissioner mee te werken, maar ook voor hen was dit een opportuniteit om te oefenen. De samenwerking verliep zeer vlot. Ik ben trouwens zeer tevreden over de samenwerking met de Waalse collega\u2019s om dit BK te organiseren. Dikke pluim voor Dimitri Nemegaire, Eddy Lamblot en Michel Pongoli met wie ik veelvuldig contact had de weken voorafgaand.\u201d<\/p>\n\n\n\n<h2 class=\"wp-block-heading\">Nationale katatraining hogere graden<\/h2>\n\n\n\n<figure class=\"wp-block-image size-large\"><img loading=\"lazy\" decoding=\"async\" width=\"1024\" height=\"768\" src=\"https:\/\/judobelgium.be\/wp-content\/uploads\/2024\/03\/Nat_Training_hogere_graden_23.03.2024-1024x768.jpeg\" alt=\"\" class=\"wp-image-2856\" srcset=\"https:\/\/judobelgium.be\/wp-content\/uploads\/2024\/03\/Nat_Training_hogere_graden_23.03.2024-1024x768.jpeg 1024w, https:\/\/judobelgium.be\/wp-content\/uploads\/2024\/03\/Nat_Training_hogere_graden_23.03.2024-500x375.jpeg 500w, https:\/\/judobelgium.be\/wp-content\/uploads\/2024\/03\/Nat_Training_hogere_graden_23.03.2024-768x576.jpeg 768w, https:\/\/judobelgium.be\/wp-content\/uploads\/2024\/03\/Nat_Training_hogere_graden_23.03.2024-1536x1152.jpeg 1536w, https:\/\/judobelgium.be\/wp-content\/uploads\/2024\/03\/Nat_Training_hogere_graden_23.03.2024-16x12.jpeg 16w, https:\/\/judobelgium.be\/wp-content\/uploads\/2024\/03\/Nat_Training_hogere_graden_23.03.2024.jpeg 2048w\" sizes=\"(max-width: 1024px) 100vw, 1024px\" \/><\/figure>\n\n\n\n<p>Aansluitend op het BK Kata was er de nationale katatraining hogere graden, de inaugurale editie trouwens. \u201cDe training stond open voor iedereen vanaf 1ste DAN, maar het programma van een dergelijke training legt wel de focus op kata voor hogere graden\u201d legt Dirk uit. \u201cMet meer dan vijftig deelnemers durf ik ook dit een succes te noemen, We hebben tijdens deze eerste editie samen gewerkt rond de kime-no-kate en de koshiki-no-kata. Vooral om de techniek van deze kata\u2019s bij te schaven, maar tevens om te netwerken achteraf en samen op de mat te staan, Walen en Vlamingen, wat een belangrijk signaal was. Dit BK Kata zie ik echt als een stap vooruit richting nationaal kata platform, iets dat wij vanuit Belgi\u00eb organiseren en dat we vanuit Judo Belgium willen blijven ondersteunen aan beide kanten van de taalgrens. Inzake Europees en Wereldtoneel moeten we immers een inhaalbeweging maken wat wedstrijdkata betreft. Beide vleugels in samenwerkend verband onder Judo Belgium kunnen alleen maar progressie maken,\u201d aldus nog Dirk.<\/p>\n\n\n\n<h2 class=\"wp-block-heading\">Results<\/h2>\n\n\n\n<p class=\"translation-block\">Je kan <a href=\"https:\/\/judobelgium.be\/wp-content\/uploads\/2024\/03\/Resultaten-BK-kata-2024-1.pdf\" target=\"_self\">hier de resultaten<\/a> downloaden.<\/p>\n\n\n\n<h2 class=\"wp-block-heading\"><strong>Photo Gallery<\/strong><\/h2>\n\n\n\n<p><a href=\"https:\/\/www.flickr.com\/photos\/rikvandersanden\/albums\/72177720315576385\/with\/53607536819\">Rik Vander Sanden<\/a><\/p>","protected":false},"excerpt":{"rendered":"<p>GENK \u2013 Op 23 maart jl. vond in Genk het Belgische Kampioenschap Kata plaats. Samen met JV-Technisch Directeur Dirk De Maerteleire blikken we terug op het succesvolle event. \u201cVoor mij was dat alvast een succeseditie,\u201d vindt Dirk. \u201cHet is ook een van de eerste keren dat Judo Vlaanderen aangeduid was om het BK Kata te [&hellip;]<\/p>\n","protected":false},"author":4,"featured_media":2850,"comment_status":"closed","ping_status":"closed","sticky":false,"template":"","format":"standard","meta":{"_seopress_robots_primary_cat":"none","_seopress_titles_title":"","_seopress_titles_desc":"","_seopress_robots_index":"","footnotes":""},"categories":[44],"tags":[258,259],"class_list":["post-2848","post","type-post","status-publish","format-standard","has-post-thumbnail","hentry","category-belgisch-kampioenschap","tag-bk-kata-2024","tag-cb-kata-2024"],"_links":{"self":[{"href":"https:\/\/judobelgium.be\/en\/wp-json\/wp\/v2\/posts\/2848","targetHints":{"allow":["GET"]}}],"collection":[{"href":"https:\/\/judobelgium.be\/en\/wp-json\/wp\/v2\/posts"}],"about":[{"href":"https:\/\/judobelgium.be\/en\/wp-json\/wp\/v2\/types\/post"}],"author":[{"embeddable":true,"href":"https:\/\/judobelgium.be\/en\/wp-json\/wp\/v2\/users\/4"}],"replies":[{"embeddable":true,"href":"https:\/\/judobelgium.be\/en\/wp-json\/wp\/v2\/comments?post=2848"}],"version-history":[{"count":3,"href":"https:\/\/judobelgium.be\/en\/wp-json\/wp\/v2\/posts\/2848\/revisions"}],"predecessor-version":[{"id":2858,"href":"https:\/\/judobelgium.be\/en\/wp-json\/wp\/v2\/posts\/2848\/revisions\/2858"}],"wp:featuredmedia":[{"embeddable":true,"href":"https:\/\/judobelgium.be\/en\/wp-json\/wp\/v2\/media\/2850"}],"wp:attachment":[{"href":"https:\/\/judobelgium.be\/en\/wp-json\/wp\/v2\/media?parent=2848"}],"wp:term":[{"taxonomy":"category","embeddable":true,"href":"https:\/\/judobelgium.be\/en\/wp-json\/wp\/v2\/categories?post=2848"},{"taxonomy":"post_tag","embeddable":true,"href":"https:\/\/judobelgium.be\/en\/wp-json\/wp\/v2\/tags?post=2848"}],"curies":[{"name":"wp","href":"https:\/\/api.w.org\/{rel}","templated":true}]}}