{"id":3236,"date":"2024-11-04T16:15:35","date_gmt":"2024-11-04T15:15:35","guid":{"rendered":"https:\/\/judobelgium.be\/?p=3236"},"modified":"2024-11-04T16:15:36","modified_gmt":"2024-11-04T15:15:36","slug":"le-championnat-de-belgique-seniors-un-succes-pour-le-judo-belge","status":"publish","type":"post","link":"https:\/\/judobelgium.be\/en\/belgisch-kampioenschap\/le-championnat-de-belgique-seniors-un-succes-pour-le-judo-belge\/","title":{"rendered":"Le Championnat de Belgique S\u00e9niors : Un succ\u00e8s pour le judo belge"},"content":{"rendered":"<p>Ce samedi 2 novembre, les projecteurs \u00e9taient braqu\u00e9s sur Louvain-la-Neuve, o\u00f9 la F\u00e9d\u00e9ration Judo Wallonie-Bruxelles organisait pour Judo Belgium le championnat de Belgique S\u00e9niors. Le pr\u00e9sident de Judo Belgium, S\u00e9bastien Bonte, qui n\u2019a pas cach\u00e9 sa satisfaction face \u00e0 cette journ\u00e9e riche en \u00e9motions et en exploits sportifs.<\/p>\n\n\n\n<figure class=\"wp-block-image size-large\"><img fetchpriority=\"high\" decoding=\"async\" width=\"1024\" height=\"490\" src=\"https:\/\/judobelgium.be\/wp-content\/uploads\/2024\/11\/CFER3929-1024x490.jpg\" alt=\"\" class=\"wp-image-3239\" srcset=\"https:\/\/judobelgium.be\/wp-content\/uploads\/2024\/11\/CFER3929-1024x490.jpg 1024w, https:\/\/judobelgium.be\/wp-content\/uploads\/2024\/11\/CFER3929-500x239.jpg 500w, https:\/\/judobelgium.be\/wp-content\/uploads\/2024\/11\/CFER3929-768x367.jpg 768w, https:\/\/judobelgium.be\/wp-content\/uploads\/2024\/11\/CFER3929-1536x735.jpg 1536w, https:\/\/judobelgium.be\/wp-content\/uploads\/2024\/11\/CFER3929-2048x979.jpg 2048w, https:\/\/judobelgium.be\/wp-content\/uploads\/2024\/11\/CFER3929-18x9.jpg 18w\" sizes=\"(max-width: 1024px) 100vw, 1024px\" \/><\/figure>\n\n\n\n<p><strong>&#8220;Une \u00e9dition d\u2019un niveau exceptionnel&#8221;<\/strong><\/p>\n\n\n\n<p>\u00ab Nous avons assist\u00e9 \u00e0 un championnat d\u2019un niveau exceptionnel. Le judo belge a montr\u00e9 qu\u2019il peut rivaliser avec les meilleurs, \u00bb d\u00e9clare S\u00e9bastien Bonte, visiblement fier du niveau affich\u00e9 par les judokas. Les combats ont \u00e9t\u00e9 disput\u00e9s avec une intensit\u00e9 rare, chaque athl\u00e8te donnant le meilleur de lui-m\u00eame pour se hisser sur le podium. \u00ab Les judokas ont tous \u00e9t\u00e9 remarquables, leur combativit\u00e9 et leur engagement \u00e9taient palpables. \u00bb<\/p>\n\n\n\n<p><strong>Un invit\u00e9 d\u2019honneur pour une journ\u00e9e sp\u00e9ciale<\/strong><\/p>\n\n\n\n<p>L&#8217;\u00e9v\u00e9nement a pris une dimension toute particuli\u00e8re gr\u00e2ce \u00e0 la pr\u00e9sence de l\u2019ambassadeur du Japon en Belgique, Masahiro Mikami, qui a honor\u00e9 de sa pr\u00e9sence les finales. \u00ab Avoir l\u2019ambassadeur du Japon, pays d&#8217;origine du judo, parmi nous, \u00e9tait un immense privil\u00e8ge, \u00bb explique S\u00e9bastien Bonte. \u00ab Cela t\u00e9moigne de l\u2019importance de ce championnat et de la place qu\u2019occupe le judo en Belgique. C&#8217;\u00e9tait un moment fort pour notre sport et pour les athl\u00e8tes. \u00bb<\/p>\n\n\n\n<figure class=\"wp-block-image size-large\"><img decoding=\"async\" width=\"1024\" height=\"683\" src=\"https:\/\/judobelgium.be\/wp-content\/uploads\/2024\/11\/CFER3505-1024x683.jpg\" alt=\"\" class=\"wp-image-3241\" srcset=\"https:\/\/judobelgium.be\/wp-content\/uploads\/2024\/11\/CFER3505-1024x683.jpg 1024w, https:\/\/judobelgium.be\/wp-content\/uploads\/2024\/11\/CFER3505-500x333.jpg 500w, https:\/\/judobelgium.be\/wp-content\/uploads\/2024\/11\/CFER3505-768x512.jpg 768w, https:\/\/judobelgium.be\/wp-content\/uploads\/2024\/11\/CFER3505-1536x1024.jpg 1536w, https:\/\/judobelgium.be\/wp-content\/uploads\/2024\/11\/CFER3505-2048x1365.jpg 2048w, https:\/\/judobelgium.be\/wp-content\/uploads\/2024\/11\/CFER3505-18x12.jpg 18w\" sizes=\"(max-width: 1024px) 100vw, 1024px\" \/><\/figure>\n\n\n\n<p><strong>Des arbitres au c\u0153ur de l\u2019action<\/strong><\/p>\n\n\n\n<p>Si les judokas ont brill\u00e9 sur le tatami, les arbitres ont \u00e9galement jou\u00e9 un r\u00f4le essentiel. \u00ab Les points \u00e9taient serr\u00e9s, les combats intenses, et les d\u00e9cisions d\u00e9licates. Nos arbitres ont su g\u00e9rer ces moments de tension avec rigueur et professionnalisme, \u00bb commente le pr\u00e9sident. Selon lui, leur travail pr\u00e9cis et impartial a contribu\u00e9 au bon d\u00e9roulement du championnat.<\/p>\n\n\n\n<p><strong>&#8220;Une journ\u00e9e m\u00e9morable pour le judo belge&#8221;<\/strong><\/p>\n\n\n\n<p>\u00c0 l\u2019issue de la journ\u00e9e, S\u00e9bastien Bonte se dit \u00ab fier et reconnaissant \u00bb. Fier du niveau de ses athl\u00e8tes, de la qualit\u00e9 de l\u2019organisation, et de l\u2019engagement de tous les participants. \u00ab C&#8217;est une tr\u00e8s belle journ\u00e9e pour le judo belge. Nous avons offert un spectacle de qualit\u00e9 aux spectateurs, et c\u2019est toute notre discipline qui en sort grandie. \u00bb<\/p>\n\n\n\n<p>La prochaine date \u00e0 retenir est le 18 janvier, pour les judogis d\u2019or.<\/p>\n\n\n\n<p><strong>Les r\u00e9actions des champions&nbsp;:<\/strong><\/p>\n\n\n\n<p><strong>Maelys Dapa (U48 \u2013 RJC Vis\u00e9)<\/strong>&nbsp;: Je me sens tr\u00e8s heureuse, contente. Je suis fi\u00e8re de moi car j\u2019ai fait un beau parcours. Je ne m\u2019y attendais pas, mais voil\u00e0. Le travail a pay\u00e9. A 15 ans, faire un titre national chez les seniors, c\u2019est beaucoup. J\u2019appr\u00e9hendais un peu mes combats, du coup je me suis conditionn\u00e9e pour ne pas stresser et avoir confiance en moi.<\/p>\n\n\n\n<p><strong>Manon Lecharlier (U57 \u2013 JC Frameries)<\/strong>&nbsp;: Je suis vraiment contente car je n\u2019\u00e9tais pas s\u00fbre de pouvoir participer au championnat car j\u2019\u00e9tais bless\u00e9e. Du coup je n\u2019ai pas eu l\u2019occasion de bien me pr\u00e9parer donc j\u2019ai d\u00e9cider de tout faire au mental. J\u2019ai fait quelques erreurs en finale, mais je repars avec le titre, un deuxi\u00e8me d\u2019affil\u00e9, donc je suis tr\u00e8s contente. Mes deux premiers combats se sont bien d\u00e9roul\u00e9s. Pour la finale, \u00e7a a \u00e9t\u00e9 plus compliqu\u00e9 car elle m\u2019avait d\u00e9j\u00e0 battue. C\u2019\u00e9tait dur, comme pr\u00e9vu, mais pour finir je ressors victorieuse. Maintenant je vais me reposer un peu.<\/p>\n\n\n\n<p><strong>Alessia Corrao (U63 \u2013 RJC Vis\u00e9)<\/strong>&nbsp;: Cette finale \u00e9tait tr\u00e8s stressante. Physiquement j\u2019ai un peu craqu\u00e9. J\u2019ai vite men\u00e9 au score, puis je me suis fait une grosse frayeur. Le mental n\u2019a pas trop suivi. On peut s\u2019imaginer qu\u2019en \u00e9tant \u00e9lite, le national est une formalit\u00e9, mais en fait c\u2019est beaucoup plus de pression car tout le monde s\u2019attend \u00e0 ce que tu gagnes. \u00c7a reste une comp\u00e9tition donc rien n\u2019est jamais \u00e9crit \u00e0 l\u2019avance. On peut gagner ou perdre contre tout le monde. Je suis soulag\u00e9e malgr\u00e9 tout d\u2019avoir gagn\u00e9.<\/p>\n\n\n\n<p><strong>Marielle Bouvier (U70 \u2013 JC Sambreville)<\/strong>&nbsp;: Une finale assez dure car on se connait bien avec L\u00e9ah, on s\u2019entraine tout le temps ensemble, mais voil\u00e0 j\u2019ai \u00e9t\u00e9 confiante. J\u2019ai pu marquer rapidement. J\u2019ai senti qu\u2019elle avait un peu peur et \u00e7a m\u2019a mise en confiance. C\u2019est ma troisi\u00e8me participation en seniors. J\u2019ai fait 2 fois la m\u00e9daille d\u2019argent donc reporter l\u2019or cette fois ci, je suis vraiment contente.<\/p>\n\n\n\n<p><strong>Gabrielle Bouvier (O78 \u2013 JC Sambreville)<\/strong>&nbsp;: J\u2019ai fait championne chez les juniors en d\u00e9but d\u2019ann\u00e9e, l\u00e0 je le suis aussi chez les seniors, deux titres sur la m\u00eame ann\u00e9e, je suis contente. C\u2019est beaucoup de travail. Je reviens d\u2019une grosse blessure donc \u00e7a fait du bien de revenir et de refaire des comp\u00e9titions. J\u2019affronte Sophie Berger en demi-finale. J\u2019avais un peu de pression car je ne l\u2019avais jamais affront\u00e9e et en plus elle a l\u2019exp\u00e9rience internationale, mais tout s\u2019est bien pass\u00e9. La suite pour moi, c\u2019est le Japon. Je pars en stage l\u00e0-bas fin d\u2019ann\u00e9e. \u00c7a va \u00eatre dur, j\u2019appr\u00e9hende un peu, mais en m\u00eame temps c\u2019est un r\u00eave d\u2019y aller. Je suis tr\u00e8s heureuse.<\/p>\n\n\n\n<p><strong>Jitse Van Den Herrewegen (U100 \u2013 RIGW)<\/strong> : Je suis fatigu\u00e9 parce que d\u2019habitude je suis en -90kg. En -100kg, ils sont un peu plus costauds que moi donc physiquement il me faut un peu plus de temps pour me sentir \u00e0 l\u2019aise. J\u2019avais d\u00e9j\u00e0 fait des comp\u00e9titions dans cette cat\u00e9gorie donc je savais \u00e0 quoi m\u2019attendre. Ici c\u2019est mon premier titre en -100kg donc je suis tr\u00e8s content.<\/p>\n\n\n\n<figure class=\"wp-block-gallery has-nested-images columns-default is-cropped wp-block-gallery-1 is-layout-flex wp-block-gallery-is-layout-flex\">\n<figure class=\"wp-block-image size-large\"><img decoding=\"async\" width=\"1024\" height=\"683\" data-id=\"3247\" src=\"https:\/\/judobelgium.be\/wp-content\/uploads\/2024\/11\/CFER3518-1-1024x683.jpg\" alt=\"\" class=\"wp-image-3247\" srcset=\"https:\/\/judobelgium.be\/wp-content\/uploads\/2024\/11\/CFER3518-1-1024x683.jpg 1024w, https:\/\/judobelgium.be\/wp-content\/uploads\/2024\/11\/CFER3518-1-500x333.jpg 500w, https:\/\/judobelgium.be\/wp-content\/uploads\/2024\/11\/CFER3518-1-768x512.jpg 768w, https:\/\/judobelgium.be\/wp-content\/uploads\/2024\/11\/CFER3518-1-1536x1024.jpg 1536w, https:\/\/judobelgium.be\/wp-content\/uploads\/2024\/11\/CFER3518-1-2048x1365.jpg 2048w, https:\/\/judobelgium.be\/wp-content\/uploads\/2024\/11\/CFER3518-1-18x12.jpg 18w\" sizes=\"(max-width: 1024px) 100vw, 1024px\" \/><\/figure>\n\n\n\n<figure class=\"wp-block-image size-large\"><img loading=\"lazy\" decoding=\"async\" width=\"1024\" height=\"683\" data-id=\"3245\" src=\"https:\/\/judobelgium.be\/wp-content\/uploads\/2024\/11\/CFER3561-1024x683.jpg\" alt=\"\" class=\"wp-image-3245\" srcset=\"https:\/\/judobelgium.be\/wp-content\/uploads\/2024\/11\/CFER3561-1024x683.jpg 1024w, https:\/\/judobelgium.be\/wp-content\/uploads\/2024\/11\/CFER3561-500x333.jpg 500w, https:\/\/judobelgium.be\/wp-content\/uploads\/2024\/11\/CFER3561-768x512.jpg 768w, https:\/\/judobelgium.be\/wp-content\/uploads\/2024\/11\/CFER3561-1536x1024.jpg 1536w, https:\/\/judobelgium.be\/wp-content\/uploads\/2024\/11\/CFER3561-2048x1365.jpg 2048w, https:\/\/judobelgium.be\/wp-content\/uploads\/2024\/11\/CFER3561-18x12.jpg 18w\" sizes=\"(max-width: 1024px) 100vw, 1024px\" \/><\/figure>\n\n\n\n<figure class=\"wp-block-image size-large\"><img loading=\"lazy\" decoding=\"async\" width=\"1024\" height=\"683\" data-id=\"3250\" src=\"https:\/\/judobelgium.be\/wp-content\/uploads\/2024\/11\/CFER3577-1024x683.jpg\" alt=\"\" class=\"wp-image-3250\" srcset=\"https:\/\/judobelgium.be\/wp-content\/uploads\/2024\/11\/CFER3577-1024x683.jpg 1024w, https:\/\/judobelgium.be\/wp-content\/uploads\/2024\/11\/CFER3577-500x333.jpg 500w, https:\/\/judobelgium.be\/wp-content\/uploads\/2024\/11\/CFER3577-768x512.jpg 768w, https:\/\/judobelgium.be\/wp-content\/uploads\/2024\/11\/CFER3577-1536x1024.jpg 1536w, https:\/\/judobelgium.be\/wp-content\/uploads\/2024\/11\/CFER3577-2048x1365.jpg 2048w, https:\/\/judobelgium.be\/wp-content\/uploads\/2024\/11\/CFER3577-18x12.jpg 18w\" sizes=\"(max-width: 1024px) 100vw, 1024px\" \/><\/figure>\n\n\n\n<figure class=\"wp-block-image size-large\"><img loading=\"lazy\" decoding=\"async\" width=\"1024\" height=\"683\" data-id=\"3251\" src=\"https:\/\/judobelgium.be\/wp-content\/uploads\/2024\/11\/CFER3601-1024x683.jpg\" alt=\"\" class=\"wp-image-3251\" srcset=\"https:\/\/judobelgium.be\/wp-content\/uploads\/2024\/11\/CFER3601-1024x683.jpg 1024w, https:\/\/judobelgium.be\/wp-content\/uploads\/2024\/11\/CFER3601-500x334.jpg 500w, https:\/\/judobelgium.be\/wp-content\/uploads\/2024\/11\/CFER3601-768x512.jpg 768w, https:\/\/judobelgium.be\/wp-content\/uploads\/2024\/11\/CFER3601-1536x1025.jpg 1536w, https:\/\/judobelgium.be\/wp-content\/uploads\/2024\/11\/CFER3601-2048x1366.jpg 2048w, https:\/\/judobelgium.be\/wp-content\/uploads\/2024\/11\/CFER3601-18x12.jpg 18w\" sizes=\"(max-width: 1024px) 100vw, 1024px\" \/><\/figure>\n\n\n\n<figure class=\"wp-block-image size-large\"><img loading=\"lazy\" decoding=\"async\" width=\"1024\" height=\"683\" data-id=\"3254\" src=\"https:\/\/judobelgium.be\/wp-content\/uploads\/2024\/11\/CFER3630-1024x683.jpg\" alt=\"\" class=\"wp-image-3254\" srcset=\"https:\/\/judobelgium.be\/wp-content\/uploads\/2024\/11\/CFER3630-1024x683.jpg 1024w, https:\/\/judobelgium.be\/wp-content\/uploads\/2024\/11\/CFER3630-500x333.jpg 500w, https:\/\/judobelgium.be\/wp-content\/uploads\/2024\/11\/CFER3630-768x512.jpg 768w, https:\/\/judobelgium.be\/wp-content\/uploads\/2024\/11\/CFER3630-1536x1024.jpg 1536w, https:\/\/judobelgium.be\/wp-content\/uploads\/2024\/11\/CFER3630-2048x1365.jpg 2048w, https:\/\/judobelgium.be\/wp-content\/uploads\/2024\/11\/CFER3630-18x12.jpg 18w\" sizes=\"(max-width: 1024px) 100vw, 1024px\" \/><\/figure>\n\n\n\n<figure class=\"wp-block-image size-large\"><img loading=\"lazy\" decoding=\"async\" width=\"1024\" height=\"684\" data-id=\"3255\" src=\"https:\/\/judobelgium.be\/wp-content\/uploads\/2024\/11\/CFER3657-1024x684.jpg\" alt=\"\" class=\"wp-image-3255\" srcset=\"https:\/\/judobelgium.be\/wp-content\/uploads\/2024\/11\/CFER3657-1024x684.jpg 1024w, https:\/\/judobelgium.be\/wp-content\/uploads\/2024\/11\/CFER3657-500x334.jpg 500w, https:\/\/judobelgium.be\/wp-content\/uploads\/2024\/11\/CFER3657-768x513.jpg 768w, https:\/\/judobelgium.be\/wp-content\/uploads\/2024\/11\/CFER3657-1536x1025.jpg 1536w, https:\/\/judobelgium.be\/wp-content\/uploads\/2024\/11\/CFER3657-2048x1367.jpg 2048w, https:\/\/judobelgium.be\/wp-content\/uploads\/2024\/11\/CFER3657-18x12.jpg 18w\" sizes=\"(max-width: 1024px) 100vw, 1024px\" \/><\/figure>\n\n\n\n<figure class=\"wp-block-image size-large\"><img loading=\"lazy\" decoding=\"async\" width=\"1024\" height=\"683\" data-id=\"3258\" src=\"https:\/\/judobelgium.be\/wp-content\/uploads\/2024\/11\/CFER3676-1024x683.jpg\" alt=\"\" class=\"wp-image-3258\" srcset=\"https:\/\/judobelgium.be\/wp-content\/uploads\/2024\/11\/CFER3676-1024x683.jpg 1024w, https:\/\/judobelgium.be\/wp-content\/uploads\/2024\/11\/CFER3676-500x334.jpg 500w, https:\/\/judobelgium.be\/wp-content\/uploads\/2024\/11\/CFER3676-768x512.jpg 768w, https:\/\/judobelgium.be\/wp-content\/uploads\/2024\/11\/CFER3676-1536x1025.jpg 1536w, https:\/\/judobelgium.be\/wp-content\/uploads\/2024\/11\/CFER3676-2048x1366.jpg 2048w, https:\/\/judobelgium.be\/wp-content\/uploads\/2024\/11\/CFER3676-18x12.jpg 18w\" sizes=\"(max-width: 1024px) 100vw, 1024px\" \/><\/figure>\n\n\n\n<figure class=\"wp-block-image size-large\"><img loading=\"lazy\" decoding=\"async\" width=\"1024\" height=\"683\" data-id=\"3260\" src=\"https:\/\/judobelgium.be\/wp-content\/uploads\/2024\/11\/CFER3726-1024x683.jpg\" alt=\"\" class=\"wp-image-3260\" srcset=\"https:\/\/judobelgium.be\/wp-content\/uploads\/2024\/11\/CFER3726-1024x683.jpg 1024w, https:\/\/judobelgium.be\/wp-content\/uploads\/2024\/11\/CFER3726-500x333.jpg 500w, https:\/\/judobelgium.be\/wp-content\/uploads\/2024\/11\/CFER3726-768x512.jpg 768w, https:\/\/judobelgium.be\/wp-content\/uploads\/2024\/11\/CFER3726-1536x1024.jpg 1536w, https:\/\/judobelgium.be\/wp-content\/uploads\/2024\/11\/CFER3726-2048x1365.jpg 2048w, https:\/\/judobelgium.be\/wp-content\/uploads\/2024\/11\/CFER3726-18x12.jpg 18w\" sizes=\"(max-width: 1024px) 100vw, 1024px\" \/><\/figure>\n\n\n\n<figure class=\"wp-block-image size-large\"><img loading=\"lazy\" decoding=\"async\" width=\"1024\" height=\"683\" data-id=\"3261\" src=\"https:\/\/judobelgium.be\/wp-content\/uploads\/2024\/11\/CFER3745-1024x683.jpg\" alt=\"\" class=\"wp-image-3261\" srcset=\"https:\/\/judobelgium.be\/wp-content\/uploads\/2024\/11\/CFER3745-1024x683.jpg 1024w, https:\/\/judobelgium.be\/wp-content\/uploads\/2024\/11\/CFER3745-500x333.jpg 500w, https:\/\/judobelgium.be\/wp-content\/uploads\/2024\/11\/CFER3745-768x512.jpg 768w, https:\/\/judobelgium.be\/wp-content\/uploads\/2024\/11\/CFER3745-1536x1024.jpg 1536w, https:\/\/judobelgium.be\/wp-content\/uploads\/2024\/11\/CFER3745-2048x1365.jpg 2048w, https:\/\/judobelgium.be\/wp-content\/uploads\/2024\/11\/CFER3745-18x12.jpg 18w\" sizes=\"(max-width: 1024px) 100vw, 1024px\" \/><\/figure>\n\n\n\n<figure class=\"wp-block-image size-large\"><img loading=\"lazy\" decoding=\"async\" width=\"1024\" height=\"683\" data-id=\"3263\" src=\"https:\/\/judobelgium.be\/wp-content\/uploads\/2024\/11\/CFER3777-1024x683.jpg\" alt=\"\" class=\"wp-image-3263\" srcset=\"https:\/\/judobelgium.be\/wp-content\/uploads\/2024\/11\/CFER3777-1024x683.jpg 1024w, https:\/\/judobelgium.be\/wp-content\/uploads\/2024\/11\/CFER3777-500x333.jpg 500w, https:\/\/judobelgium.be\/wp-content\/uploads\/2024\/11\/CFER3777-768x512.jpg 768w, https:\/\/judobelgium.be\/wp-content\/uploads\/2024\/11\/CFER3777-1536x1024.jpg 1536w, https:\/\/judobelgium.be\/wp-content\/uploads\/2024\/11\/CFER3777-2048x1365.jpg 2048w, https:\/\/judobelgium.be\/wp-content\/uploads\/2024\/11\/CFER3777-18x12.jpg 18w\" sizes=\"(max-width: 1024px) 100vw, 1024px\" \/><\/figure>\n\n\n\n<figure class=\"wp-block-image size-large\"><img loading=\"lazy\" decoding=\"async\" width=\"1024\" height=\"683\" data-id=\"3264\" src=\"https:\/\/judobelgium.be\/wp-content\/uploads\/2024\/11\/CFER3795-1024x683.jpg\" alt=\"\" class=\"wp-image-3264\" srcset=\"https:\/\/judobelgium.be\/wp-content\/uploads\/2024\/11\/CFER3795-1024x683.jpg 1024w, https:\/\/judobelgium.be\/wp-content\/uploads\/2024\/11\/CFER3795-500x333.jpg 500w, https:\/\/judobelgium.be\/wp-content\/uploads\/2024\/11\/CFER3795-768x512.jpg 768w, https:\/\/judobelgium.be\/wp-content\/uploads\/2024\/11\/CFER3795-1536x1024.jpg 1536w, https:\/\/judobelgium.be\/wp-content\/uploads\/2024\/11\/CFER3795-2048x1365.jpg 2048w, https:\/\/judobelgium.be\/wp-content\/uploads\/2024\/11\/CFER3795-18x12.jpg 18w\" sizes=\"(max-width: 1024px) 100vw, 1024px\" \/><\/figure>\n\n\n\n<figure class=\"wp-block-image size-large\"><img loading=\"lazy\" decoding=\"async\" width=\"1024\" height=\"683\" data-id=\"3269\" src=\"https:\/\/judobelgium.be\/wp-content\/uploads\/2024\/11\/CFER3832-1024x683.jpg\" alt=\"\" class=\"wp-image-3269\" srcset=\"https:\/\/judobelgium.be\/wp-content\/uploads\/2024\/11\/CFER3832-1024x683.jpg 1024w, https:\/\/judobelgium.be\/wp-content\/uploads\/2024\/11\/CFER3832-500x333.jpg 500w, https:\/\/judobelgium.be\/wp-content\/uploads\/2024\/11\/CFER3832-768x512.jpg 768w, https:\/\/judobelgium.be\/wp-content\/uploads\/2024\/11\/CFER3832-1536x1024.jpg 1536w, https:\/\/judobelgium.be\/wp-content\/uploads\/2024\/11\/CFER3832-2048x1365.jpg 2048w, https:\/\/judobelgium.be\/wp-content\/uploads\/2024\/11\/CFER3832-18x12.jpg 18w\" sizes=\"(max-width: 1024px) 100vw, 1024px\" \/><\/figure>\n\n\n\n<figure class=\"wp-block-image size-large\"><img loading=\"lazy\" decoding=\"async\" width=\"1024\" height=\"683\" data-id=\"3270\" src=\"https:\/\/judobelgium.be\/wp-content\/uploads\/2024\/11\/CFER3867-1024x683.jpg\" alt=\"\" class=\"wp-image-3270\" srcset=\"https:\/\/judobelgium.be\/wp-content\/uploads\/2024\/11\/CFER3867-1024x683.jpg 1024w, https:\/\/judobelgium.be\/wp-content\/uploads\/2024\/11\/CFER3867-500x333.jpg 500w, https:\/\/judobelgium.be\/wp-content\/uploads\/2024\/11\/CFER3867-768x512.jpg 768w, https:\/\/judobelgium.be\/wp-content\/uploads\/2024\/11\/CFER3867-1536x1024.jpg 1536w, https:\/\/judobelgium.be\/wp-content\/uploads\/2024\/11\/CFER3867-2048x1365.jpg 2048w, https:\/\/judobelgium.be\/wp-content\/uploads\/2024\/11\/CFER3867-18x12.jpg 18w\" sizes=\"(max-width: 1024px) 100vw, 1024px\" \/><\/figure>\n\n\n\n<figure class=\"wp-block-image size-large\"><img loading=\"lazy\" decoding=\"async\" width=\"1024\" height=\"682\" data-id=\"3271\" src=\"https:\/\/judobelgium.be\/wp-content\/uploads\/2024\/11\/CFER3886-1024x682.jpg\" alt=\"\" class=\"wp-image-3271\" srcset=\"https:\/\/judobelgium.be\/wp-content\/uploads\/2024\/11\/CFER3886-1024x682.jpg 1024w, https:\/\/judobelgium.be\/wp-content\/uploads\/2024\/11\/CFER3886-500x333.jpg 500w, https:\/\/judobelgium.be\/wp-content\/uploads\/2024\/11\/CFER3886-768x512.jpg 768w, https:\/\/judobelgium.be\/wp-content\/uploads\/2024\/11\/CFER3886-1536x1023.jpg 1536w, https:\/\/judobelgium.be\/wp-content\/uploads\/2024\/11\/CFER3886-2048x1365.jpg 2048w, https:\/\/judobelgium.be\/wp-content\/uploads\/2024\/11\/CFER3886-18x12.jpg 18w\" sizes=\"(max-width: 1024px) 100vw, 1024px\" \/><\/figure>\n<\/figure>\n\n\n\n<p><a href=\"https:\/\/results.judowb.be\/cbs24\/results\/\">Tous les r\u00e9sultats<\/a><\/p>\n\n\n\n<p><a href=\"https:\/\/www.facebook.com\/media\/set\/?vanity=judowalloniebruxelles&amp;set=a.1095080612619488\">Photos Carlos Ferreira<\/a><\/p>\n\n\n\n<p><\/p>","protected":false},"excerpt":{"rendered":"<p>Ce samedi 2 novembre, les projecteurs \u00e9taient braqu\u00e9s sur Louvain-la-Neuve, o\u00f9 la F\u00e9d\u00e9ration Judo Wallonie-Bruxelles organisait pour Judo Belgium le championnat de Belgique S\u00e9niors. Le pr\u00e9sident de Judo Belgium, S\u00e9bastien Bonte, qui n\u2019a pas cach\u00e9 sa satisfaction face \u00e0 cette journ\u00e9e riche en \u00e9motions et en exploits sportifs. &#8220;Une \u00e9dition d\u2019un niveau exceptionnel&#8221; \u00ab Nous [&hellip;]<\/p>\n","protected":false},"author":7,"featured_media":3240,"comment_status":"closed","ping_status":"closed","sticky":false,"template":"","format":"standard","meta":{"_seopress_robots_primary_cat":"none","_seopress_titles_title":"Le Championnat de Belgique S\u00e9niors : Un succ\u00e8s pour le judo belge","_seopress_titles_desc":"Ce samedi 2 novembre, les projecteurs \u00e9taient braqu\u00e9s sur Louvain-la-Neuve, o\u00f9 la F\u00e9d\u00e9ration Judo Wallonie-Bruxelles organisait pour Judo Belgium le championnat de Belgique S\u00e9niors.","_seopress_robots_index":"","footnotes":""},"categories":[44,46],"tags":[],"class_list":["post-3236","post","type-post","status-publish","format-standard","has-post-thumbnail","hentry","category-belgisch-kampioenschap","category-bk-sen"],"_links":{"self":[{"href":"https:\/\/judobelgium.be\/en\/wp-json\/wp\/v2\/posts\/3236","targetHints":{"allow":["GET"]}}],"collection":[{"href":"https:\/\/judobelgium.be\/en\/wp-json\/wp\/v2\/posts"}],"about":[{"href":"https:\/\/judobelgium.be\/en\/wp-json\/wp\/v2\/types\/post"}],"author":[{"embeddable":true,"href":"https:\/\/judobelgium.be\/en\/wp-json\/wp\/v2\/users\/7"}],"replies":[{"embeddable":true,"href":"https:\/\/judobelgium.be\/en\/wp-json\/wp\/v2\/comments?post=3236"}],"version-history":[{"count":1,"href":"https:\/\/judobelgium.be\/en\/wp-json\/wp\/v2\/posts\/3236\/revisions"}],"predecessor-version":[{"id":3273,"href":"https:\/\/judobelgium.be\/en\/wp-json\/wp\/v2\/posts\/3236\/revisions\/3273"}],"wp:featuredmedia":[{"embeddable":true,"href":"https:\/\/judobelgium.be\/en\/wp-json\/wp\/v2\/media\/3240"}],"wp:attachment":[{"href":"https:\/\/judobelgium.be\/en\/wp-json\/wp\/v2\/media?parent=3236"}],"wp:term":[{"taxonomy":"category","embeddable":true,"href":"https:\/\/judobelgium.be\/en\/wp-json\/wp\/v2\/categories?post=3236"},{"taxonomy":"post_tag","embeddable":true,"href":"https:\/\/judobelgium.be\/en\/wp-json\/wp\/v2\/tags?post=3236"}],"curies":[{"name":"wp","href":"https:\/\/api.w.org\/{rel}","templated":true}]}}