{"id":1409,"date":"2022-04-27T16:11:58","date_gmt":"2022-04-27T14:11:58","guid":{"rendered":"https:\/\/judobelgium.be\/?p=1409"},"modified":"2022-04-27T16:31:42","modified_gmt":"2022-04-27T14:31:42","slug":"resultaten-bk-kata-bk-veteranen","status":"publish","type":"post","link":"https:\/\/judobelgium.be\/fr\/belgisch-kampioenschap\/resultaten-bk-kata-bk-veteranen\/","title":{"rendered":"Resultaten BK Kata &#038; BK Veteranen"},"content":{"rendered":"<div class=\"wp-block-image\"><figure class=\"alignright size-full is-resized\"><img fetchpriority=\"high\" decoding=\"async\" src=\"https:\/\/judobelgium.be\/wp-content\/uploads\/2022\/04\/BK-kata-2022_1.jpg\" alt=\"\" class=\"wp-image-1411\" width=\"366\" height=\"274\" srcset=\"https:\/\/judobelgium.be\/wp-content\/uploads\/2022\/04\/BK-kata-2022_1.jpg 487w, https:\/\/judobelgium.be\/wp-content\/uploads\/2022\/04\/BK-kata-2022_1-16x12.jpg 16w\" sizes=\"(max-width: 366px) 100vw, 366px\" \/><\/figure><\/div>\n\n\n\n<p class=\"translation-block\"><strong><em>BURST\/ETTERBEEK - <\/em><\/strong>Le 23 avril, le Championnat de Belgique Kata et le Championnat de Belgique pour V\u00e9t\u00e9rans se sont d\u00e9roul\u00e9s \u00e0 Etterbeek.<\/p>\n\n\n\n<h2 class=\"wp-block-heading\">R\u00e9sultats<\/h2>\n\n\n\n<p>Vous pouvez t\u00e9l\u00e9charger les r\u00e9sultats ci-apr\u00e8s.<\/p>\n\n\n\n<p><strong><a href=\"https:\/\/judobelgium.be\/wp-content\/uploads\/2022\/04\/Resultaten-BK-Kata-2022.jpg\" target=\"_blank\" rel=\"noreferrer noopener\">CB Kata 2022<\/a><\/strong><\/p>\n\n\n\n<p><strong><a href=\"https:\/\/judobelgium.be\/wp-content\/uploads\/2022\/04\/Resultaten-BK-VET-2022.pdf\" target=\"_blank\" rel=\"noreferrer noopener\">CB V\u00e9t\u00e9rans 2022<\/a><\/strong><\/p>\n\n\n\n<h2 class=\"wp-block-heading\">Photos<\/h2>\n\n\n\n<p>Vous pouvez voir les photos via le lien ci-dessous.<br><a href=\"https:\/\/www.flickr.com\/photos\/rikvandersanden\/albums\/72177720295398146\" target=\"_blank\" rel=\"noreferrer noopener\">Photos par Rik Vander Sanden<\/a><br><\/p>","protected":false},"excerpt":{"rendered":"<p>BURST\/ETTERBEEK \u2013 Op 23 april jl. vond in Etterbeek achtereenvolgens het Belgisch kampioenschap Kata en het Belgisch kampioenschap voor Veteranen plaats. Resultaten De resultaten kan je hierna downloaden. BK Kata 2022 BK Veteranen 2022 Foto\u2019s Foto\u2019s kan je bekijken via onderstaande linkFoto\u2019s door Rik Vander Sanden<\/p>","protected":false},"author":4,"featured_media":1411,"comment_status":"closed","ping_status":"closed","sticky":false,"template":"","format":"standard","meta":{"_seopress_robots_primary_cat":"","_seopress_titles_title":"","_seopress_titles_desc":"","_seopress_robots_index":"","footnotes":""},"categories":[44],"tags":[51,49,50],"class_list":["post-1409","post","type-post","status-publish","format-standard","has-post-thumbnail","hentry","category-belgisch-kampioenschap","tag-51","tag-kata","tag-veteranen"],"_links":{"self":[{"href":"https:\/\/judobelgium.be\/fr\/wp-json\/wp\/v2\/posts\/1409","targetHints":{"allow":["GET"]}}],"collection":[{"href":"https:\/\/judobelgium.be\/fr\/wp-json\/wp\/v2\/posts"}],"about":[{"href":"https:\/\/judobelgium.be\/fr\/wp-json\/wp\/v2\/types\/post"}],"author":[{"embeddable":true,"href":"https:\/\/judobelgium.be\/fr\/wp-json\/wp\/v2\/users\/4"}],"replies":[{"embeddable":true,"href":"https:\/\/judobelgium.be\/fr\/wp-json\/wp\/v2\/comments?post=1409"}],"version-history":[{"count":3,"href":"https:\/\/judobelgium.be\/fr\/wp-json\/wp\/v2\/posts\/1409\/revisions"}],"predecessor-version":[{"id":1416,"href":"https:\/\/judobelgium.be\/fr\/wp-json\/wp\/v2\/posts\/1409\/revisions\/1416"}],"wp:featuredmedia":[{"embeddable":true,"href":"https:\/\/judobelgium.be\/fr\/wp-json\/wp\/v2\/media\/1411"}],"wp:attachment":[{"href":"https:\/\/judobelgium.be\/fr\/wp-json\/wp\/v2\/media?parent=1409"}],"wp:term":[{"taxonomy":"category","embeddable":true,"href":"https:\/\/judobelgium.be\/fr\/wp-json\/wp\/v2\/categories?post=1409"},{"taxonomy":"post_tag","embeddable":true,"href":"https:\/\/judobelgium.be\/fr\/wp-json\/wp\/v2\/tags?post=1409"}],"curies":[{"name":"wp","href":"https:\/\/api.w.org\/{rel}","templated":true}]}}