{"id":1488,"date":"2022-06-30T15:32:08","date_gmt":"2022-06-30T13:32:08","guid":{"rendered":"https:\/\/judobelgium.be\/?p=1488"},"modified":"2022-06-30T15:32:09","modified_gmt":"2022-06-30T13:32:09","slug":"ek-kadetten-2022-te-porec-5de-plaats-voor-camille-sternon","status":"publish","type":"post","link":"https:\/\/judobelgium.be\/fr\/judo-internationaal\/ek-kadetten-2022-te-porec-5de-plaats-voor-camille-sternon\/","title":{"rendered":"Championnat d'Europe Cadets 2022 \u00e0 Pore\u010d : 5e place pour Camille Sternon"},"content":{"rendered":"<figure class=\"wp-block-image alignright size-full is-resized\"><img fetchpriority=\"high\" decoding=\"async\" src=\"https:\/\/judobelgium.be\/wp-content\/uploads\/2022\/06\/Logo_EK_CAD_2022-1.png\" alt=\"\" class=\"wp-image-1499\" width=\"415\" height=\"158\" srcset=\"https:\/\/judobelgium.be\/wp-content\/uploads\/2022\/06\/Logo_EK_CAD_2022-1.png 1000w, https:\/\/judobelgium.be\/wp-content\/uploads\/2022\/06\/Logo_EK_CAD_2022-1-500x190.png 500w, https:\/\/judobelgium.be\/wp-content\/uploads\/2022\/06\/Logo_EK_CAD_2022-1-768x292.png 768w, https:\/\/judobelgium.be\/wp-content\/uploads\/2022\/06\/Logo_EK_CAD_2022-1-18x7.png 18w\" sizes=\"(max-width: 415px) 100vw, 415px\" \/><\/figure>\n\n\n\n<p>Le Championnat d'Europe pour cadets (U18) s'est d\u00e9roul\u00e9 dans la ville croate de Pore\u010d du 23 au 25 juin. Judo Belgium a envoy\u00e9 trois judokas. D\u00e9couvrez leurs camps via les hyperliens ci-dessous. Avec une cinqui\u00e8me place Camille Sternon a r\u00e9alis\u00e9 le meilleur r\u00e9sultat belge.<\/p>\n\n\n\n<h2 class=\"wp-block-heading\">C\u00e9lia Vanbeneden \u2013 (-40KG\/IGW\/FFBJ)<\/h2>\n\n\n\n<p><strong><a rel=\"noreferrer noopener\" href=\"https:\/\/live.ijf.org\/eju_cad2022\/judokas_athletes\/66891\/contests\/eju_cad2022_w_0040_0011\" target=\"_blank\">Round 2 vs. Zilan Ertem (TUR) (loss)<\/a><\/strong><br><strong><a rel=\"noreferrer noopener\" href=\"https:\/\/live.ijf.org\/eju_cad2022\/judokas_athletes\/66891\/contests\/eju_cad2022_w_0040_0020\" target=\"_blank\">Repechage Round 2 vs. Natalija Prolic (SRB) (loss)<\/a><\/strong><\/p>\n\n\n\n<h2 class=\"wp-block-heading\">Camille Sternon \u2013 (-48KG\/JC Andrimont\/FFBJ) \u2013 5th place<\/h2>\n\n\n\n<p><strong><a rel=\"noreferrer noopener\" href=\"https:\/\/live.ijf.org\/eju_cad2022\/judokas_athletes\/66890\/contests\/eju_cad2022_w_0048_0022\" target=\"_blank\">Round 2 vs. Melaniia Vodianna (UKR) (win) <\/a><\/strong><\/p>\n\n\n\n<p><strong><a rel=\"noreferrer noopener\" href=\"https:\/\/live.ijf.org\/eju_cad2022\/judokas_athletes\/66890\/contests\/eju_cad2022_w_0048_0027\" target=\"_blank\">Quarter Final vs. Aydan Valiyeva (AZE) (loss)<\/a><\/strong><\/p>\n\n\n\n<p><strong><a rel=\"noreferrer noopener\" href=\"https:\/\/live.ijf.org\/eju_cad2022\/judokas_athletes\/66890\/contests\/eju_cad2022_w_0048_0035\" target=\"_blank\">Repechage Round 2 vs. Ronja Klein (GER) (win)<\/a><\/strong><\/p>\n\n\n\n<p><strong><a rel=\"noreferrer noopener\" href=\"https:\/\/live.ijf.org\/eju_cad2022\/judokas_athletes\/66890\/contests\/eju_cad2022_w_0048_0040\" target=\"_blank\">Repechage Round 3 vs. Sofia Mazzola (ITA) (win)<\/a><\/strong><\/p>\n\n\n\n<p><strong><a href=\"https:\/\/live.ijf.org\/eju_cad2022\/judokas_athletes\/66890\/contests\/eju_cad2022_w_0048_0042\" target=\"_blank\" rel=\"noreferrer noopener\">Bronze Match vs. Alyssia Poulange (FRA) (loss)<\/a><\/strong><\/p>\n\n\n\n<h2 class=\"wp-block-heading\">Line Martens (-52kg\/JC Nevele\/JV)<\/h2>\n\n\n\n<p><strong><a rel=\"noreferrer noopener\" href=\"https:\/\/live.ijf.org\/eju_cad2022\/judokas_athletes\/67742\/contests\/eju_cad2022_w_0052_0038\" target=\"_blank\">Round 2 vs. Maria Skomersic (CRO) (win)<\/a><\/strong> <\/p>\n\n\n\n<p><strong><a rel=\"noreferrer noopener\" href=\"https:\/\/live.ijf.org\/eju_cad2022\/judokas_athletes\/67742\/contests\/eju_cad2022_w_0052_0051\" target=\"_blank\">Round 3 vs. Maria Jesionek (POL<\/a><a rel=\"noreferrer noopener\" href=\"https:\/\/live.ijf.org\/eju_cad2022\/judokas_athletes\/67742\/contests\/eju_cad2022_w_0052_0051\" target=\"_blank\">)<\/a><a rel=\"noreferrer noopener\" href=\"https:\/\/live.ijf.org\/eju_cad2022\/judokas_athletes\/67742\/contests\/eju_cad2022_w_0052_0051\" target=\"_blank\"> <\/a><a rel=\"noreferrer noopener\" href=\"https:\/\/live.ijf.org\/eju_cad2022\/judokas_athletes\/67742\/contests\/eju_cad2022_w_0052_0051\" target=\"_blank\">(<\/a><a rel=\"noreferrer noopener\" href=\"https:\/\/live.ijf.org\/eju_cad2022\/judokas_athletes\/67742\/contests\/eju_cad2022_w_0052_0051\" target=\"_blank\">w<\/a><a rel=\"noreferrer noopener\" href=\"https:\/\/live.ijf.org\/eju_cad2022\/judokas_athletes\/67742\/contests\/eju_cad2022_w_0052_0051\" target=\"_blank\">i<\/a><a href=\"https:\/\/live.ijf.org\/eju_cad2022\/judokas_athletes\/67742\/contests\/eju_cad2022_w_0052_0051\" target=\"_blank\" rel=\"noreferrer noopener\">n<\/a><a rel=\"noreferrer noopener\" href=\"https:\/\/live.ijf.org\/eju_cad2022\/judokas_athletes\/67742\/contests\/eju_cad2022_w_0052_0051\" target=\"_blank\">)<\/a><\/strong><\/p>\n\n\n\n<p><strong><a href=\"https:\/\/live.ijf.org\/eju_cad2022\/judokas_athletes\/67742\/contests\/eju_cad2022_w_0052_0058\" target=\"_blank\" rel=\"noreferrer noopener\">Quarter-Final vs. Laura Igaz (HUN) (loss)<\/a><\/strong><\/p>\n\n\n\n<p><strong><a rel=\"noreferrer noopener\" href=\"https:\/\/live.ijf.org\/eju_cad2022\/judokas_athletes\/67742\/contests\/eju_cad2022_w_0052_0070\" target=\"_blank\">Repechage Round 3 vs. Vusala Hajiyeva (AZE) (loss)<\/a><\/strong><\/p>\n\n\n\n<h2 class=\"wp-block-heading\"><strong>Coaches<\/strong><\/h2>\n\n\n\n<p>Franklin Pereira Reyes Coach JV<br>Damien Bomboir Coach FFBJ<\/p>\n\n\n\n<h2 class=\"wp-block-heading\">Referee<\/h2>\n\n\n\n<p>Georges Grava <\/p>\n\n\n\n<figure class=\"wp-block-gallery has-nested-images columns-default is-cropped wp-block-gallery-1 is-layout-flex wp-block-gallery-is-layout-flex\">\n<figure class=\"wp-block-image size-large\"><img decoding=\"async\" width=\"1024\" height=\"742\" data-id=\"1491\" src=\"https:\/\/judobelgium.be\/wp-content\/uploads\/2022\/06\/Sternon-European-Judo-Championships-Cadets-Porec-2022-2022-236082-1024x742.jpg\" alt=\"\" class=\"wp-image-1491\" srcset=\"https:\/\/judobelgium.be\/wp-content\/uploads\/2022\/06\/Sternon-European-Judo-Championships-Cadets-Porec-2022-2022-236082-1024x742.jpg 1024w, https:\/\/judobelgium.be\/wp-content\/uploads\/2022\/06\/Sternon-European-Judo-Championships-Cadets-Porec-2022-2022-236082-500x363.jpg 500w, https:\/\/judobelgium.be\/wp-content\/uploads\/2022\/06\/Sternon-European-Judo-Championships-Cadets-Porec-2022-2022-236082-768x557.jpg 768w, https:\/\/judobelgium.be\/wp-content\/uploads\/2022\/06\/Sternon-European-Judo-Championships-Cadets-Porec-2022-2022-236082-1536x1114.jpg 1536w, https:\/\/judobelgium.be\/wp-content\/uploads\/2022\/06\/Sternon-European-Judo-Championships-Cadets-Porec-2022-2022-236082-2048x1485.jpg 2048w, https:\/\/judobelgium.be\/wp-content\/uploads\/2022\/06\/Sternon-European-Judo-Championships-Cadets-Porec-2022-2022-236082-18x12.jpg 18w\" sizes=\"(max-width: 1024px) 100vw, 1024px\" \/><\/figure>\n\n\n\n<figure class=\"wp-block-image size-large\"><img decoding=\"async\" width=\"1024\" height=\"683\" data-id=\"1492\" src=\"https:\/\/judobelgium.be\/wp-content\/uploads\/2022\/06\/Sternon-European-Judo-Championships-Cadets-Porec-2022-2022-236083-1024x683.jpg\" alt=\"\" class=\"wp-image-1492\" srcset=\"https:\/\/judobelgium.be\/wp-content\/uploads\/2022\/06\/Sternon-European-Judo-Championships-Cadets-Porec-2022-2022-236083-1024x683.jpg 1024w, https:\/\/judobelgium.be\/wp-content\/uploads\/2022\/06\/Sternon-European-Judo-Championships-Cadets-Porec-2022-2022-236083-500x333.jpg 500w, https:\/\/judobelgium.be\/wp-content\/uploads\/2022\/06\/Sternon-European-Judo-Championships-Cadets-Porec-2022-2022-236083-768x512.jpg 768w, https:\/\/judobelgium.be\/wp-content\/uploads\/2022\/06\/Sternon-European-Judo-Championships-Cadets-Porec-2022-2022-236083-1536x1024.jpg 1536w, https:\/\/judobelgium.be\/wp-content\/uploads\/2022\/06\/Sternon-European-Judo-Championships-Cadets-Porec-2022-2022-236083-2048x1366.jpg 2048w, https:\/\/judobelgium.be\/wp-content\/uploads\/2022\/06\/Sternon-European-Judo-Championships-Cadets-Porec-2022-2022-236083-18x12.jpg 18w\" sizes=\"(max-width: 1024px) 100vw, 1024px\" \/><\/figure>\n\n\n\n<figure class=\"wp-block-image size-large\"><img loading=\"lazy\" decoding=\"async\" width=\"1024\" height=\"858\" data-id=\"1493\" src=\"https:\/\/judobelgium.be\/wp-content\/uploads\/2022\/06\/Sternon-European-Judo-Championships-Cadets-Porec-2022-2022-236084-1024x858.jpg\" alt=\"\" class=\"wp-image-1493\" srcset=\"https:\/\/judobelgium.be\/wp-content\/uploads\/2022\/06\/Sternon-European-Judo-Championships-Cadets-Porec-2022-2022-236084-1024x858.jpg 1024w, https:\/\/judobelgium.be\/wp-content\/uploads\/2022\/06\/Sternon-European-Judo-Championships-Cadets-Porec-2022-2022-236084-500x419.jpg 500w, https:\/\/judobelgium.be\/wp-content\/uploads\/2022\/06\/Sternon-European-Judo-Championships-Cadets-Porec-2022-2022-236084-768x644.jpg 768w, https:\/\/judobelgium.be\/wp-content\/uploads\/2022\/06\/Sternon-European-Judo-Championships-Cadets-Porec-2022-2022-236084-1536x1287.jpg 1536w, https:\/\/judobelgium.be\/wp-content\/uploads\/2022\/06\/Sternon-European-Judo-Championships-Cadets-Porec-2022-2022-236084-2048x1716.jpg 2048w, https:\/\/judobelgium.be\/wp-content\/uploads\/2022\/06\/Sternon-European-Judo-Championships-Cadets-Porec-2022-2022-236084-14x12.jpg 14w\" sizes=\"(max-width: 1024px) 100vw, 1024px\" \/><\/figure>\n<\/figure>\n\n\n\n<figure class=\"wp-block-gallery has-nested-images columns-default is-cropped wp-block-gallery-2 is-layout-flex wp-block-gallery-is-layout-flex\">\n<figure class=\"wp-block-image size-large\"><img loading=\"lazy\" decoding=\"async\" width=\"1024\" height=\"802\" data-id=\"1494\" src=\"https:\/\/judobelgium.be\/wp-content\/uploads\/2022\/06\/Vanbeneden-European-Judo-Championships-Cadets-Porec-2022-2022-236023-1024x802.jpg\" alt=\"\" class=\"wp-image-1494\" srcset=\"https:\/\/judobelgium.be\/wp-content\/uploads\/2022\/06\/Vanbeneden-European-Judo-Championships-Cadets-Porec-2022-2022-236023-1024x802.jpg 1024w, https:\/\/judobelgium.be\/wp-content\/uploads\/2022\/06\/Vanbeneden-European-Judo-Championships-Cadets-Porec-2022-2022-236023-500x392.jpg 500w, https:\/\/judobelgium.be\/wp-content\/uploads\/2022\/06\/Vanbeneden-European-Judo-Championships-Cadets-Porec-2022-2022-236023-768x602.jpg 768w, https:\/\/judobelgium.be\/wp-content\/uploads\/2022\/06\/Vanbeneden-European-Judo-Championships-Cadets-Porec-2022-2022-236023-1536x1204.jpg 1536w, https:\/\/judobelgium.be\/wp-content\/uploads\/2022\/06\/Vanbeneden-European-Judo-Championships-Cadets-Porec-2022-2022-236023-2048x1605.jpg 2048w, https:\/\/judobelgium.be\/wp-content\/uploads\/2022\/06\/Vanbeneden-European-Judo-Championships-Cadets-Porec-2022-2022-236023-15x12.jpg 15w\" sizes=\"(max-width: 1024px) 100vw, 1024px\" \/><\/figure>\n\n\n\n<figure class=\"wp-block-image size-large\"><img loading=\"lazy\" decoding=\"async\" width=\"1024\" height=\"808\" data-id=\"1495\" src=\"https:\/\/judobelgium.be\/wp-content\/uploads\/2022\/06\/Vanbeneden-European-Judo-Championships-Cadets-Porec-2022-2022-236024-1024x808.jpg\" alt=\"\" class=\"wp-image-1495\" srcset=\"https:\/\/judobelgium.be\/wp-content\/uploads\/2022\/06\/Vanbeneden-European-Judo-Championships-Cadets-Porec-2022-2022-236024-1024x808.jpg 1024w, https:\/\/judobelgium.be\/wp-content\/uploads\/2022\/06\/Vanbeneden-European-Judo-Championships-Cadets-Porec-2022-2022-236024-500x394.jpg 500w, https:\/\/judobelgium.be\/wp-content\/uploads\/2022\/06\/Vanbeneden-European-Judo-Championships-Cadets-Porec-2022-2022-236024-768x606.jpg 768w, https:\/\/judobelgium.be\/wp-content\/uploads\/2022\/06\/Vanbeneden-European-Judo-Championships-Cadets-Porec-2022-2022-236024-1536x1211.jpg 1536w, https:\/\/judobelgium.be\/wp-content\/uploads\/2022\/06\/Vanbeneden-European-Judo-Championships-Cadets-Porec-2022-2022-236024-2048x1615.jpg 2048w, https:\/\/judobelgium.be\/wp-content\/uploads\/2022\/06\/Vanbeneden-European-Judo-Championships-Cadets-Porec-2022-2022-236024-15x12.jpg 15w\" sizes=\"(max-width: 1024px) 100vw, 1024px\" \/><\/figure>\n\n\n\n<figure class=\"wp-block-image size-large\"><img loading=\"lazy\" decoding=\"async\" width=\"1024\" height=\"757\" data-id=\"1496\" src=\"https:\/\/judobelgium.be\/wp-content\/uploads\/2022\/06\/Vanbeneden-European-Judo-Championships-Cadets-Porec-2022-2022-236081-1024x757.jpg\" alt=\"\" class=\"wp-image-1496\" srcset=\"https:\/\/judobelgium.be\/wp-content\/uploads\/2022\/06\/Vanbeneden-European-Judo-Championships-Cadets-Porec-2022-2022-236081-1024x757.jpg 1024w, https:\/\/judobelgium.be\/wp-content\/uploads\/2022\/06\/Vanbeneden-European-Judo-Championships-Cadets-Porec-2022-2022-236081-500x370.jpg 500w, https:\/\/judobelgium.be\/wp-content\/uploads\/2022\/06\/Vanbeneden-European-Judo-Championships-Cadets-Porec-2022-2022-236081-768x568.jpg 768w, https:\/\/judobelgium.be\/wp-content\/uploads\/2022\/06\/Vanbeneden-European-Judo-Championships-Cadets-Porec-2022-2022-236081-1536x1136.jpg 1536w, https:\/\/judobelgium.be\/wp-content\/uploads\/2022\/06\/Vanbeneden-European-Judo-Championships-Cadets-Porec-2022-2022-236081-2048x1514.jpg 2048w, https:\/\/judobelgium.be\/wp-content\/uploads\/2022\/06\/Vanbeneden-European-Judo-Championships-Cadets-Porec-2022-2022-236081-16x12.jpg 16w\" sizes=\"(max-width: 1024px) 100vw, 1024px\" \/><\/figure>\n<\/figure>\n\n\n\n<figure class=\"wp-block-image size-large\"><img loading=\"lazy\" decoding=\"async\" width=\"1024\" height=\"810\" src=\"https:\/\/judobelgium.be\/wp-content\/uploads\/2022\/06\/Martens-European-Judo-Championships-Cadets-Porec-2022-2022-236451-1024x810.jpg\" alt=\"\" class=\"wp-image-1497\" srcset=\"https:\/\/judobelgium.be\/wp-content\/uploads\/2022\/06\/Martens-European-Judo-Championships-Cadets-Porec-2022-2022-236451-1024x810.jpg 1024w, https:\/\/judobelgium.be\/wp-content\/uploads\/2022\/06\/Martens-European-Judo-Championships-Cadets-Porec-2022-2022-236451-500x396.jpg 500w, https:\/\/judobelgium.be\/wp-content\/uploads\/2022\/06\/Martens-European-Judo-Championships-Cadets-Porec-2022-2022-236451-768x608.jpg 768w, https:\/\/judobelgium.be\/wp-content\/uploads\/2022\/06\/Martens-European-Judo-Championships-Cadets-Porec-2022-2022-236451-1536x1215.jpg 1536w, https:\/\/judobelgium.be\/wp-content\/uploads\/2022\/06\/Martens-European-Judo-Championships-Cadets-Porec-2022-2022-236451-2048x1620.jpg 2048w, https:\/\/judobelgium.be\/wp-content\/uploads\/2022\/06\/Martens-European-Judo-Championships-Cadets-Porec-2022-2022-236451-15x12.jpg 15w\" sizes=\"(max-width: 1024px) 100vw, 1024px\" \/><\/figure>","protected":false},"excerpt":{"rendered":"<p>Het Europese kampioenschap voor kadetten (U18) vond plaats in de Kroatische stad Pore\u010d en dit van 23 tot en met 25 juni. Judo Belgium zond drie judoka\u2019s uit. Herbekijk hun kampen via de hyperlinks hierna. Met haar vijfde plaats behaalde Camille Sternon het beste Belgische resultaat. C\u00e9lia Vanbeneden \u2013 (-40KG\/IGW\/FFBJ) Round 2 vs. Zilan Ertem [&hellip;]<\/p>\n","protected":false},"author":4,"featured_media":1490,"comment_status":"closed","ping_status":"closed","sticky":false,"template":"","format":"standard","meta":{"_seopress_robots_primary_cat":"","_seopress_titles_title":"","_seopress_titles_desc":"","_seopress_robots_index":"","footnotes":""},"categories":[5],"tags":[67,65,56,70,68,58,57,55,69,71,66],"class_list":["post-1488","post","type-post","status-publish","format-standard","has-post-thumbnail","hentry","category-judo-internationaal","tag-camille-sternon","tag-celia-vanbeneden","tag-championnat-deurope","tag-damien-bomboir","tag-ec-cad-2022","tag-eju","tag-european-championship","tag-europees-kampioenschap","tag-franklin-pereira-reyes","tag-georges-grava","tag-line-martens"],"_links":{"self":[{"href":"https:\/\/judobelgium.be\/fr\/wp-json\/wp\/v2\/posts\/1488","targetHints":{"allow":["GET"]}}],"collection":[{"href":"https:\/\/judobelgium.be\/fr\/wp-json\/wp\/v2\/posts"}],"about":[{"href":"https:\/\/judobelgium.be\/fr\/wp-json\/wp\/v2\/types\/post"}],"author":[{"embeddable":true,"href":"https:\/\/judobelgium.be\/fr\/wp-json\/wp\/v2\/users\/4"}],"replies":[{"embeddable":true,"href":"https:\/\/judobelgium.be\/fr\/wp-json\/wp\/v2\/comments?post=1488"}],"version-history":[{"count":3,"href":"https:\/\/judobelgium.be\/fr\/wp-json\/wp\/v2\/posts\/1488\/revisions"}],"predecessor-version":[{"id":1500,"href":"https:\/\/judobelgium.be\/fr\/wp-json\/wp\/v2\/posts\/1488\/revisions\/1500"}],"wp:featuredmedia":[{"embeddable":true,"href":"https:\/\/judobelgium.be\/fr\/wp-json\/wp\/v2\/media\/1490"}],"wp:attachment":[{"href":"https:\/\/judobelgium.be\/fr\/wp-json\/wp\/v2\/media?parent=1488"}],"wp:term":[{"taxonomy":"category","embeddable":true,"href":"https:\/\/judobelgium.be\/fr\/wp-json\/wp\/v2\/categories?post=1488"},{"taxonomy":"post_tag","embeddable":true,"href":"https:\/\/judobelgium.be\/fr\/wp-json\/wp\/v2\/tags?post=1488"}],"curies":[{"name":"wp","href":"https:\/\/api.w.org\/{rel}","templated":true}]}}