{"id":1551,"date":"2022-08-01T11:14:07","date_gmt":"2022-08-01T09:14:07","guid":{"rendered":"https:\/\/judobelgium.be\/?p=1551"},"modified":"2022-08-01T11:14:08","modified_gmt":"2022-08-01T09:14:08","slug":"belgen-pakken-6-medailles-op-world-police-fire-games","status":"publish","type":"post","link":"https:\/\/judobelgium.be\/fr\/judo-internationaal\/belgen-pakken-6-medailles-op-world-police-fire-games\/","title":{"rendered":"Les Belges d\u00e9crochent 6 m\u00e9dailles aux Jeux mondiaux des policiers et pompiers"},"content":{"rendered":"<p>Du 22 au 31 juillet, les \u00ab Jeux mondiaux de la police et des pompiers \u00bb se sont d\u00e9roul\u00e9s \u00e0 Rotterdam, aux Pays-Bas. Il s'agit d'un \u00e9v\u00e9nement multisports international dans lequel les athl\u00e8tes travaillent au sein de la police, des pompiers, des douanes et du syst\u00e8me p\u00e9nitentiaire. Environ 10 000 participants de 70 pays se sont inscrits pour s'affronter dans 62 sports, dont le judo. La comp\u00e9tition de judo a eu lieu les 25 et 26 juillet au Rotterdam Ahoy. C'\u00e9tait la premi\u00e8re fois que l'\u00e9v\u00e9nement \u00e9tait organis\u00e9 en Europe. Les judokas belges \u00e9taient manifestement pr\u00e9sents sur le podium des m\u00e9dailles (3O, 1A, 2B). Vous trouverez ci-dessous un aper\u00e7u des participants belges.<\/p>\n\n\n\n<h2 class=\"wp-block-heading\">Judo Vlaanderen<\/h2>\n\n\n\n<p><strong>Andy Hermans<\/strong> (-73kg, +40 ans\/JS Lummen\/PZ Hageland) \u2013 OR<br><strong>Dimitri Vandevenne<\/strong> (+100kg, +30 ans\/JS Lummen\/PZ Leuven) \u2013 BRONZE<br><strong>Antonino Petricone<\/strong> (-100kg, +30 ans\/Judo Beveren\/HVZ Waasland) \u2013 BRONZE<br>Mattias Moyersoon (-100kg, +30 ans\/JS Moorsel\/PZ Aalst) \u2013 5e place<\/p>\n\n\n\n<h2 class=\"wp-block-heading\">FFBJ<\/h2>\n\n\n\n<p><strong>Maxime Bouvy<\/strong> (-81kg, +18 ans\/JC Thorembais\/PZ Wavre) \u2013 OR<br><strong>Jonathan Wahlen<\/strong> (-100kg, +18 ans\/JC Jodoigne\/PZ Wavre) \u2013 OR<br><strong>Steve Mocos<\/strong> -66kg, +30 ans\/Royal Crossing Club Schaerbeek\/Brandweer Brussel) \u2013 ARGENT<\/p>\n\n\n\n<p class=\"translation-block\"><strong>Jordy Celis <\/strong>et <strong>Bert Hoedemakers<\/strong> \u00e9taient pr\u00e9sents comme arbitre.<\/p>\n\n\n\n<p><a rel=\"noreferrer noopener\" href=\"http:\/\/wpfgrotterdam2022.com\" target=\"_blank\"><strong>Website<\/strong><\/a><br><strong><a rel=\"noreferrer noopener\" href=\"https:\/\/wpfgrotterdam2022.com\/sports-results\/?sport=24\" target=\"_blank\">R\u00e9sultats<\/a><\/strong><br><\/p>\n\n\n\n<figure class=\"wp-block-gallery has-nested-images columns-default is-cropped wp-block-gallery-1 is-layout-flex wp-block-gallery-is-layout-flex\">\n<figure class=\"wp-block-image size-large\"><img fetchpriority=\"high\" decoding=\"async\" width=\"800\" height=\"689\" data-id=\"1558\" src=\"https:\/\/judobelgium.be\/wp-content\/uploads\/2022\/08\/Goud_WPFG_2022_2_W.jpg\" alt=\"\" class=\"wp-image-1558\" srcset=\"https:\/\/judobelgium.be\/wp-content\/uploads\/2022\/08\/Goud_WPFG_2022_2_W.jpg 800w, https:\/\/judobelgium.be\/wp-content\/uploads\/2022\/08\/Goud_WPFG_2022_2_W-500x431.jpg 500w, https:\/\/judobelgium.be\/wp-content\/uploads\/2022\/08\/Goud_WPFG_2022_2_W-768x661.jpg 768w, https:\/\/judobelgium.be\/wp-content\/uploads\/2022\/08\/Goud_WPFG_2022_2_W-14x12.jpg 14w\" sizes=\"(max-width: 800px) 100vw, 800px\" \/><\/figure>\n\n\n\n<figure class=\"wp-block-image size-large\"><img decoding=\"async\" width=\"768\" height=\"1024\" data-id=\"1560\" src=\"https:\/\/judobelgium.be\/wp-content\/uploads\/2022\/08\/20220726_144840-768x1024.jpg\" alt=\"\" class=\"wp-image-1560\" srcset=\"https:\/\/judobelgium.be\/wp-content\/uploads\/2022\/08\/20220726_144840-768x1024.jpg 768w, https:\/\/judobelgium.be\/wp-content\/uploads\/2022\/08\/20220726_144840-375x500.jpg 375w, https:\/\/judobelgium.be\/wp-content\/uploads\/2022\/08\/20220726_144840-1152x1536.jpg 1152w, https:\/\/judobelgium.be\/wp-content\/uploads\/2022\/08\/20220726_144840-1536x2048.jpg 1536w, https:\/\/judobelgium.be\/wp-content\/uploads\/2022\/08\/20220726_144840-9x12.jpg 9w, https:\/\/judobelgium.be\/wp-content\/uploads\/2022\/08\/20220726_144840-scaled.jpg 1920w\" sizes=\"(max-width: 768px) 100vw, 768px\" \/><\/figure>\n\n\n\n<figure class=\"wp-block-image size-large\"><img decoding=\"async\" width=\"600\" height=\"800\" data-id=\"1555\" src=\"https:\/\/judobelgium.be\/wp-content\/uploads\/2022\/08\/WPFG_2022_3_W.jpg\" alt=\"\" class=\"wp-image-1555\" srcset=\"https:\/\/judobelgium.be\/wp-content\/uploads\/2022\/08\/WPFG_2022_3_W.jpg 600w, https:\/\/judobelgium.be\/wp-content\/uploads\/2022\/08\/WPFG_2022_3_W-375x500.jpg 375w, https:\/\/judobelgium.be\/wp-content\/uploads\/2022\/08\/WPFG_2022_3_W-9x12.jpg 9w\" sizes=\"(max-width: 600px) 100vw, 600px\" \/><\/figure>\n\n\n\n<figure class=\"wp-block-image size-large\"><img loading=\"lazy\" decoding=\"async\" width=\"768\" height=\"1024\" data-id=\"1559\" src=\"https:\/\/judobelgium.be\/wp-content\/uploads\/2022\/08\/20220725_142743-768x1024.jpg\" alt=\"\" class=\"wp-image-1559\" srcset=\"https:\/\/judobelgium.be\/wp-content\/uploads\/2022\/08\/20220725_142743-768x1024.jpg 768w, https:\/\/judobelgium.be\/wp-content\/uploads\/2022\/08\/20220725_142743-375x500.jpg 375w, https:\/\/judobelgium.be\/wp-content\/uploads\/2022\/08\/20220725_142743-1152x1536.jpg 1152w, https:\/\/judobelgium.be\/wp-content\/uploads\/2022\/08\/20220725_142743-1536x2048.jpg 1536w, https:\/\/judobelgium.be\/wp-content\/uploads\/2022\/08\/20220725_142743-9x12.jpg 9w, https:\/\/judobelgium.be\/wp-content\/uploads\/2022\/08\/20220725_142743-scaled.jpg 1920w\" sizes=\"(max-width: 768px) 100vw, 768px\" \/><\/figure>\n\n\n\n<figure class=\"wp-block-image size-large\"><img loading=\"lazy\" decoding=\"async\" width=\"768\" height=\"1024\" data-id=\"1556\" src=\"https:\/\/judobelgium.be\/wp-content\/uploads\/2022\/08\/PHOTO-2022-07-26-15-40-49-768x1024.jpg\" alt=\"\" class=\"wp-image-1556\" srcset=\"https:\/\/judobelgium.be\/wp-content\/uploads\/2022\/08\/PHOTO-2022-07-26-15-40-49-768x1024.jpg 768w, https:\/\/judobelgium.be\/wp-content\/uploads\/2022\/08\/PHOTO-2022-07-26-15-40-49-375x500.jpg 375w, https:\/\/judobelgium.be\/wp-content\/uploads\/2022\/08\/PHOTO-2022-07-26-15-40-49-1152x1536.jpg 1152w, https:\/\/judobelgium.be\/wp-content\/uploads\/2022\/08\/PHOTO-2022-07-26-15-40-49-9x12.jpg 9w, https:\/\/judobelgium.be\/wp-content\/uploads\/2022\/08\/PHOTO-2022-07-26-15-40-49.jpg 1440w\" sizes=\"(max-width: 768px) 100vw, 768px\" \/><\/figure>\n\n\n\n<figure class=\"wp-block-image size-large\"><img loading=\"lazy\" decoding=\"async\" width=\"768\" height=\"1024\" data-id=\"1557\" src=\"https:\/\/judobelgium.be\/wp-content\/uploads\/2022\/08\/PHOTO-2022-07-26-15-40-50-768x1024.jpg\" alt=\"\" class=\"wp-image-1557\" srcset=\"https:\/\/judobelgium.be\/wp-content\/uploads\/2022\/08\/PHOTO-2022-07-26-15-40-50-768x1024.jpg 768w, https:\/\/judobelgium.be\/wp-content\/uploads\/2022\/08\/PHOTO-2022-07-26-15-40-50-375x500.jpg 375w, https:\/\/judobelgium.be\/wp-content\/uploads\/2022\/08\/PHOTO-2022-07-26-15-40-50-1152x1536.jpg 1152w, https:\/\/judobelgium.be\/wp-content\/uploads\/2022\/08\/PHOTO-2022-07-26-15-40-50-9x12.jpg 9w, https:\/\/judobelgium.be\/wp-content\/uploads\/2022\/08\/PHOTO-2022-07-26-15-40-50.jpg 1440w\" sizes=\"(max-width: 768px) 100vw, 768px\" \/><\/figure>\n\n\n\n<figure class=\"wp-block-image size-full\"><img loading=\"lazy\" decoding=\"async\" width=\"600\" height=\"800\" data-id=\"1554\" src=\"https:\/\/judobelgium.be\/wp-content\/uploads\/2022\/08\/WPFG_2022_1_W.jpg\" alt=\"\" class=\"wp-image-1554\" srcset=\"https:\/\/judobelgium.be\/wp-content\/uploads\/2022\/08\/WPFG_2022_1_W.jpg 600w, https:\/\/judobelgium.be\/wp-content\/uploads\/2022\/08\/WPFG_2022_1_W-375x500.jpg 375w, https:\/\/judobelgium.be\/wp-content\/uploads\/2022\/08\/WPFG_2022_1_W-9x12.jpg 9w\" sizes=\"(max-width: 600px) 100vw, 600px\" \/><\/figure>\n<\/figure>","protected":false},"excerpt":{"rendered":"<p>Van 22 tot en met 31 juli vonden in het Nederlandse Rotterdam de \u2018World Police and Fire Games\u2019 plaats. Dat is een internationaal multisportevenement waarbij de atleten werkzaam zijn binnen politie, brandweer, douane en het gevangeniswezen. Zo\u2019n 10.000 deelnemers uit 70 landen tekenden present om het tegen elkaar op te nemen in niet minder dan [&hellip;]<\/p>\n","protected":false},"author":4,"featured_media":1553,"comment_status":"closed","ping_status":"closed","sticky":false,"template":"","format":"standard","meta":{"_seopress_robots_primary_cat":"","_seopress_titles_title":"","_seopress_titles_desc":"","_seopress_robots_index":"","footnotes":""},"categories":[5],"tags":[97,99,104,98,101,103,100,102,96],"class_list":["post-1551","post","type-post","status-publish","format-standard","has-post-thumbnail","hentry","category-judo-internationaal","tag-andy-hermans","tag-antonino-petricone","tag-bert-hoedemakers","tag-dimitri-vandevenne","tag-jonathan-wahlen","tag-jordy-celis","tag-maxime-bouvy","tag-steve-mocos","tag-world-police-and-fire-games"],"_links":{"self":[{"href":"https:\/\/judobelgium.be\/fr\/wp-json\/wp\/v2\/posts\/1551","targetHints":{"allow":["GET"]}}],"collection":[{"href":"https:\/\/judobelgium.be\/fr\/wp-json\/wp\/v2\/posts"}],"about":[{"href":"https:\/\/judobelgium.be\/fr\/wp-json\/wp\/v2\/types\/post"}],"author":[{"embeddable":true,"href":"https:\/\/judobelgium.be\/fr\/wp-json\/wp\/v2\/users\/4"}],"replies":[{"embeddable":true,"href":"https:\/\/judobelgium.be\/fr\/wp-json\/wp\/v2\/comments?post=1551"}],"version-history":[{"count":3,"href":"https:\/\/judobelgium.be\/fr\/wp-json\/wp\/v2\/posts\/1551\/revisions"}],"predecessor-version":[{"id":1562,"href":"https:\/\/judobelgium.be\/fr\/wp-json\/wp\/v2\/posts\/1551\/revisions\/1562"}],"wp:featuredmedia":[{"embeddable":true,"href":"https:\/\/judobelgium.be\/fr\/wp-json\/wp\/v2\/media\/1553"}],"wp:attachment":[{"href":"https:\/\/judobelgium.be\/fr\/wp-json\/wp\/v2\/media?parent=1551"}],"wp:term":[{"taxonomy":"category","embeddable":true,"href":"https:\/\/judobelgium.be\/fr\/wp-json\/wp\/v2\/categories?post=1551"},{"taxonomy":"post_tag","embeddable":true,"href":"https:\/\/judobelgium.be\/fr\/wp-json\/wp\/v2\/tags?post=1551"}],"curies":[{"name":"wp","href":"https:\/\/api.w.org\/{rel}","templated":true}]}}