{"id":1734,"date":"2022-12-15T14:31:48","date_gmt":"2022-12-15T13:31:48","guid":{"rendered":"https:\/\/judobelgium.be\/?p=1734"},"modified":"2022-12-15T14:31:49","modified_gmt":"2022-12-15T13:31:49","slug":"belgische-kampioenen-leveren-mooie-prestatie-in-monaco","status":"publish","type":"post","link":"https:\/\/judobelgium.be\/fr\/judo-internationaal\/belgische-kampioenen-leveren-mooie-prestatie-in-monaco\/","title":{"rendered":"Les champions de Belgique r\u00e9alisent une belle performance \u00e0 Monaco"},"content":{"rendered":"<p><strong><em>MONACO &#8211; <\/em><\/strong>Le week-end dernier, les champions de Belgique ont pris part au Tournoi International de judo de Monaco. Samedi 10 d\u00e9cembre, la d\u00e9l\u00e9gation est partie de Zaventem avec un changement de derni\u00e8re minute dans la cat\u00e9gorie des +100kg. Edouard Capelle s\u2019est malheureusement bless\u00e9. Il a \u00e9t\u00e9 remplac\u00e9 dans l\u2019\u00e9quipe par Arthur Temmerman.<br>La pes\u00e9e \u00e9tait au programme samedi soir et il \u00e9tait tout de suite clair que le tournoi pouvait compter sur une belle liste de participants, dont une d\u00e9l\u00e9gation du Japon, d'Ukraine, d'Italie et du Portugal.<\/p>\n\n\n\n<figure class=\"wp-block-image size-large\"><img fetchpriority=\"high\" decoding=\"async\" width=\"899\" height=\"1024\" src=\"https:\/\/judobelgium.be\/wp-content\/uploads\/2022\/12\/Monaco_2-899x1024.jpg\" alt=\"\" class=\"wp-image-1735\" srcset=\"https:\/\/judobelgium.be\/wp-content\/uploads\/2022\/12\/Monaco_2-899x1024.jpg 899w, https:\/\/judobelgium.be\/wp-content\/uploads\/2022\/12\/Monaco_2-439x500.jpg 439w, https:\/\/judobelgium.be\/wp-content\/uploads\/2022\/12\/Monaco_2-768x875.jpg 768w, https:\/\/judobelgium.be\/wp-content\/uploads\/2022\/12\/Monaco_2-11x12.jpg 11w, https:\/\/judobelgium.be\/wp-content\/uploads\/2022\/12\/Monaco_2.jpg 1264w\" sizes=\"(max-width: 899px) 100vw, 899px\" \/><\/figure>\n\n\n\n<p>Apr\u00e8s une bonne nuit de sommeil et un solide petit d\u00e9jeuner, les judokas belges sont partis sur les tatamis afin de donner le meilleur d\u2019eux-m\u00eame pour l\u2019\u00e9quipe.<\/p>\n\n\n\n<p>Le premier combat se tient contre l\u2019\u00e9quipe de France FLAM91 o\u00f9 notre \u00e9quipe perd de justesse avec un score de 4-3. Presque imm\u00e9diatement apr\u00e8s, le deuxi\u00e8me tour se d\u00e9roule contre les Alpes Maritimes, avec un beau r\u00e9sultat de 4-1, dont 2 matchs ind\u00e9cis qui ont dur\u00e9 plus de 4 minutes. C\u2019est suffisant pour se qualifier pour les quarts de finale et se retrouver face \u00e0 une autre \u00e9quipe fran\u00e7aise, celle de Montreuil. Cette rencontre est malheureusement perdue 3-1, avec 3 matchs ind\u00e9cis. Lors des rep\u00eachages, notre \u00e9quipe tombe sur l\u2019\u00e9quipe organisatrice de Monaco et remporte la rencontre 4-2, dont 1 match ind\u00e9cis.<\/p>\n\n\n\n<p>La d\u00e9l\u00e9gation belge a finalement concouru pour la troisi\u00e8me place \u00e0 nouveau face \u00e0 l\u2019\u00e9quipe fran\u00e7aise FLAM91. La France a remport\u00e9 cette rencontre 3-2, avec 2 match nuls.<\/p>\n\n\n\n<p>Fatigu\u00e9e mais satisfaite, la jeune \u00e9quipe peut se rem\u00e9morer un tournoi r\u00e9ussi et une autre exp\u00e9rience plus riche !<\/p>\n\n\n\n<h2 class=\"wp-block-heading\">Team Belgium<\/h2>\n\n\n\n<p>Emile Merdin (-60kg\/JC Kawaishi Ingelmunster)<br>Johan Schildermans (-66kg\/JT Agglorex Lommel)<br>Jeroen Casse (-73kg\/JC Fudji Yama Boom\/Schelle)<br>Noah Christaens (-81kg\/Jitsu Kwai Hamme)<br>Jitse Van Den Herrewegen (-90kg\/Royal Inter Gembloux Wavre)<br>Glenn Segers (-100kg\/AM Royal Poseidon Ryu)<br>Edouard Capelle (+100kg\/JC Jambes-Gishi Club) remplac\u00e9 par Arthur Temmerman<\/p>","protected":false},"excerpt":{"rendered":"<p>MONACO &#8211; Afgelopen weekend namen de Belgische kampioenen anno 2022 deel aan het Tournoi International de judo de Monaco. Zaterdag 10 december vertrok de delegatie vanuit Zaventem met op het laatste nippertje nog een noodgedwongen wijziging voor de gewichtscategorie +100. Capelle Eduard was jammer genoeg gekwetst waardoor Arthur Temmerman het team is komen vervoegen.Zaterdagavond stond [&hellip;]<\/p>\n","protected":false},"author":4,"featured_media":1735,"comment_status":"closed","ping_status":"closed","sticky":false,"template":"","format":"standard","meta":{"_seopress_robots_primary_cat":"","_seopress_titles_title":"","_seopress_titles_desc":"","_seopress_robots_index":"","footnotes":""},"categories":[5],"tags":[51,138],"class_list":["post-1734","post","type-post","status-publish","format-standard","has-post-thumbnail","hentry","category-judo-internationaal","tag-51","tag-monaco"],"_links":{"self":[{"href":"https:\/\/judobelgium.be\/fr\/wp-json\/wp\/v2\/posts\/1734","targetHints":{"allow":["GET"]}}],"collection":[{"href":"https:\/\/judobelgium.be\/fr\/wp-json\/wp\/v2\/posts"}],"about":[{"href":"https:\/\/judobelgium.be\/fr\/wp-json\/wp\/v2\/types\/post"}],"author":[{"embeddable":true,"href":"https:\/\/judobelgium.be\/fr\/wp-json\/wp\/v2\/users\/4"}],"replies":[{"embeddable":true,"href":"https:\/\/judobelgium.be\/fr\/wp-json\/wp\/v2\/comments?post=1734"}],"version-history":[{"count":2,"href":"https:\/\/judobelgium.be\/fr\/wp-json\/wp\/v2\/posts\/1734\/revisions"}],"predecessor-version":[{"id":1737,"href":"https:\/\/judobelgium.be\/fr\/wp-json\/wp\/v2\/posts\/1734\/revisions\/1737"}],"wp:featuredmedia":[{"embeddable":true,"href":"https:\/\/judobelgium.be\/fr\/wp-json\/wp\/v2\/media\/1735"}],"wp:attachment":[{"href":"https:\/\/judobelgium.be\/fr\/wp-json\/wp\/v2\/media?parent=1734"}],"wp:term":[{"taxonomy":"category","embeddable":true,"href":"https:\/\/judobelgium.be\/fr\/wp-json\/wp\/v2\/categories?post=1734"},{"taxonomy":"post_tag","embeddable":true,"href":"https:\/\/judobelgium.be\/fr\/wp-json\/wp\/v2\/tags?post=1734"}],"curies":[{"name":"wp","href":"https:\/\/api.w.org\/{rel}","templated":true}]}}