{"id":2008,"date":"2023-02-21T12:34:31","date_gmt":"2023-02-21T11:34:31","guid":{"rendered":"https:\/\/judobelgium.be\/?p=2008"},"modified":"2023-02-21T12:34:32","modified_gmt":"2023-02-21T11:34:32","slug":"grand-slam-tel-aviv-2023-3-medailles-voor-team-belgium","status":"publish","type":"post","link":"https:\/\/judobelgium.be\/fr\/algemeen\/grand-slam-tel-aviv-2023-3-medailles-voor-team-belgium\/","title":{"rendered":"Grand Chelem Tel Aviv 2023 : 3 m\u00e9dailles pour les belges"},"content":{"rendered":"<p class=\"translation-block\">Judo Belgium a envoy\u00e9 une d\u00e9l\u00e9gation de 7 judokas au Grand Chelem de Tel Aviv, Isra\u00ebl.\nTrois de nos judokas ont termin\u00e9 sur le podium. Voici un bref aper\u00e7u de leurs camps.<\/p>\n\n\n\n<figure class=\"wp-block-gallery has-nested-images columns-default is-cropped wp-block-gallery-1 is-layout-flex wp-block-gallery-is-layout-flex\">\n<figure class=\"wp-block-image size-large\"><img fetchpriority=\"high\" decoding=\"async\" width=\"1024\" height=\"648\" data-id=\"2022\" src=\"https:\/\/judobelgium.be\/wp-content\/uploads\/2023\/02\/KUL_0689-1676582554-1676582554-1024x648.jpg\" alt=\"\" class=\"wp-image-2022\" srcset=\"https:\/\/judobelgium.be\/wp-content\/uploads\/2023\/02\/KUL_0689-1676582554-1676582554-1024x648.jpg 1024w, https:\/\/judobelgium.be\/wp-content\/uploads\/2023\/02\/KUL_0689-1676582554-1676582554-500x316.jpg 500w, https:\/\/judobelgium.be\/wp-content\/uploads\/2023\/02\/KUL_0689-1676582554-1676582554-768x486.jpg 768w, https:\/\/judobelgium.be\/wp-content\/uploads\/2023\/02\/KUL_0689-1676582554-1676582554-1536x971.jpg 1536w, https:\/\/judobelgium.be\/wp-content\/uploads\/2023\/02\/KUL_0689-1676582554-1676582554-2048x1295.jpg 2048w, https:\/\/judobelgium.be\/wp-content\/uploads\/2023\/02\/KUL_0689-1676582554-1676582554-18x12.jpg 18w\" sizes=\"(max-width: 1024px) 100vw, 1024px\" \/><\/figure>\n\n\n\n<figure class=\"wp-block-image size-large\"><img decoding=\"async\" width=\"1024\" height=\"682\" data-id=\"2023\" src=\"https:\/\/judobelgium.be\/wp-content\/uploads\/2023\/02\/17_02-119-1676662576-1676662576-1024x682.jpg\" alt=\"\" class=\"wp-image-2023\" srcset=\"https:\/\/judobelgium.be\/wp-content\/uploads\/2023\/02\/17_02-119-1676662576-1676662576-1024x682.jpg 1024w, https:\/\/judobelgium.be\/wp-content\/uploads\/2023\/02\/17_02-119-1676662576-1676662576-500x333.jpg 500w, https:\/\/judobelgium.be\/wp-content\/uploads\/2023\/02\/17_02-119-1676662576-1676662576-768x512.jpg 768w, https:\/\/judobelgium.be\/wp-content\/uploads\/2023\/02\/17_02-119-1676662576-1676662576-1536x1024.jpg 1536w, https:\/\/judobelgium.be\/wp-content\/uploads\/2023\/02\/17_02-119-1676662576-1676662576-2048x1365.jpg 2048w, https:\/\/judobelgium.be\/wp-content\/uploads\/2023\/02\/17_02-119-1676662576-1676662576-18x12.jpg 18w\" sizes=\"(max-width: 1024px) 100vw, 1024px\" \/><\/figure>\n\n\n\n<figure class=\"wp-block-image size-large\"><img decoding=\"async\" width=\"1024\" height=\"643\" data-id=\"2024\" src=\"https:\/\/judobelgium.be\/wp-content\/uploads\/2023\/02\/KUL_1190-1676582621-1676582621-1024x643.jpg\" alt=\"\" class=\"wp-image-2024\" srcset=\"https:\/\/judobelgium.be\/wp-content\/uploads\/2023\/02\/KUL_1190-1676582621-1676582621-1024x643.jpg 1024w, https:\/\/judobelgium.be\/wp-content\/uploads\/2023\/02\/KUL_1190-1676582621-1676582621-500x314.jpg 500w, https:\/\/judobelgium.be\/wp-content\/uploads\/2023\/02\/KUL_1190-1676582621-1676582621-768x483.jpg 768w, https:\/\/judobelgium.be\/wp-content\/uploads\/2023\/02\/KUL_1190-1676582621-1676582621-1536x965.jpg 1536w, https:\/\/judobelgium.be\/wp-content\/uploads\/2023\/02\/KUL_1190-1676582621-1676582621-2048x1287.jpg 2048w, https:\/\/judobelgium.be\/wp-content\/uploads\/2023\/02\/KUL_1190-1676582621-1676582621-18x12.jpg 18w\" sizes=\"(max-width: 1024px) 100vw, 1024px\" \/><\/figure>\n<\/figure>\n\n\n\n<h2 class=\"wp-block-heading\">Ellen Salens (-48kg\/JS Merelbeke)<\/h2>\n\n\n\n<p>Round 1: Loss vs. Maria Celia Laborde (USA)<\/p>\n\n\n\n<h2 class=\"wp-block-heading\">Charline Van Snick (-52kg\/JC Bushido)<\/h2>\n\n\n\n<p>Round 1: Victory vs. Kelly Deguchi (CAN)<br>Round 2: Loss vs. Odette Giuffrida (ITA)<\/p>\n\n\n\n<h2 class=\"wp-block-heading\">Amber Ryheul (-52kg\/ Kon. Ieperse JC Neko\/JV) \u2013 7e place<\/h2>\n\n\n\n<p>Round 1: Victory vs. Maria Siderot (POR)<br>Round 2: Victory vs. Astride Gneto (FRA)<br>Quarter-Final: Loss vs. Ana Perez Box (ESP)<br>Repechage: Loss vs. Fabienne Kocher (SUI)<\/p>\n\n\n\n<h2 class=\"wp-block-heading\">Mina Libeer (-57kg\/JS Merelbeke) \u2013 BRONZE<\/h2>\n\n\n\n<p>Round 1: Bye<br>Round 2: Victory vs. Jasmin Martin (RSA)<br>Round 3: Victory vs. Jaione Equisoain (ESP)<br>Quarter-Final: Loss vs. Rafaela Silva (BRA)<br>Repechage: Victory vs. Ozlem Yildiz (TUR)<br>Bronze Match: Victory vs. Daria Bilodid (UKR)<\/p>\n\n\n\n<h2 class=\"wp-block-heading\">Gabriella Willems (-70kg\/JC Andrimont) \u2013 BRONZE<\/h2>\n\n\n\n<p>Round 1: Victory vs. Gaya Bar Or (ISR)<br>Round 2: Victory vs. Katie-Jean Yeats-Brown (GBR)<br>Quarter-Final: Loss vs. Aoieffe Coughlan (AUS)<br>Repechage: Victory vs. Maya Goshen (ISR)<br>Bronze Match: Victory vs. Elisavet Teltsidou (GRE)<\/p>\n\n\n\n<h2 class=\"wp-block-heading\">Jorre Verstraeten (-60kg\/JC Inter Gembloux-Wavre) \u2013 BRONZE<\/h2>\n\n\n\n<p>Round1: Victory vs. Petros Christodoulides (CYP)<br>Round 2: Victory vs. Ariel Shulman (ISR)<br>Quarter-Final: Victory vs. Salih Yildiz (TUR)<br>Semi-Final: Loss vs. Francisco Garrigos (ESP)<br>Bronze match: Victory vs. Joshua Katz (AUS)<\/p>\n\n\n\n<h2 class=\"wp-block-heading\">Sami Chouchi (-90kg\/JC La Ch\u00eanaie)<\/h2>\n\n\n\n<p>Round 1: Victory vs. Mihael Zgank (TUR)<br>Round 2: Victory vs. Nadav Zurat (ISR)<br>Round 3: Loss vs. Christian Parlatti (ITA)<\/p>\n\n\n\n<figure class=\"wp-block-gallery has-nested-images columns-default is-cropped wp-block-gallery-2 is-layout-flex wp-block-gallery-is-layout-flex\">\n<figure class=\"wp-block-image size-large\"><img loading=\"lazy\" decoding=\"async\" width=\"1024\" height=\"614\" data-id=\"2011\" src=\"https:\/\/judobelgium.be\/wp-content\/uploads\/2023\/02\/KUL_0096-1676578277-1676578277-1024x614.jpg\" alt=\"\" class=\"wp-image-2011\" srcset=\"https:\/\/judobelgium.be\/wp-content\/uploads\/2023\/02\/KUL_0096-1676578277-1676578277-1024x614.jpg 1024w, https:\/\/judobelgium.be\/wp-content\/uploads\/2023\/02\/KUL_0096-1676578277-1676578277-500x300.jpg 500w, https:\/\/judobelgium.be\/wp-content\/uploads\/2023\/02\/KUL_0096-1676578277-1676578277-768x461.jpg 768w, https:\/\/judobelgium.be\/wp-content\/uploads\/2023\/02\/KUL_0096-1676578277-1676578277-1536x921.jpg 1536w, https:\/\/judobelgium.be\/wp-content\/uploads\/2023\/02\/KUL_0096-1676578277-1676578277-2048x1228.jpg 2048w, https:\/\/judobelgium.be\/wp-content\/uploads\/2023\/02\/KUL_0096-1676578277-1676578277-18x12.jpg 18w\" sizes=\"(max-width: 1024px) 100vw, 1024px\" \/><\/figure>\n\n\n\n<figure class=\"wp-block-image size-large\"><img loading=\"lazy\" decoding=\"async\" width=\"1024\" height=\"651\" data-id=\"2010\" src=\"https:\/\/judobelgium.be\/wp-content\/uploads\/2023\/02\/KUL_0134-1676578286-1676578286-1024x651.jpg\" alt=\"\" class=\"wp-image-2010\" srcset=\"https:\/\/judobelgium.be\/wp-content\/uploads\/2023\/02\/KUL_0134-1676578286-1676578286-1024x651.jpg 1024w, https:\/\/judobelgium.be\/wp-content\/uploads\/2023\/02\/KUL_0134-1676578286-1676578286-500x318.jpg 500w, https:\/\/judobelgium.be\/wp-content\/uploads\/2023\/02\/KUL_0134-1676578286-1676578286-768x488.jpg 768w, https:\/\/judobelgium.be\/wp-content\/uploads\/2023\/02\/KUL_0134-1676578286-1676578286-1536x977.jpg 1536w, https:\/\/judobelgium.be\/wp-content\/uploads\/2023\/02\/KUL_0134-1676578286-1676578286-2048x1302.jpg 2048w, https:\/\/judobelgium.be\/wp-content\/uploads\/2023\/02\/KUL_0134-1676578286-1676578286-18x12.jpg 18w\" sizes=\"(max-width: 1024px) 100vw, 1024px\" \/><\/figure>\n\n\n\n<figure class=\"wp-block-image size-large\"><img loading=\"lazy\" decoding=\"async\" width=\"1024\" height=\"676\" data-id=\"2012\" src=\"https:\/\/judobelgium.be\/wp-content\/uploads\/2023\/02\/KUL_0153-1676578294-1676578294-1024x676.jpg\" alt=\"\" class=\"wp-image-2012\" srcset=\"https:\/\/judobelgium.be\/wp-content\/uploads\/2023\/02\/KUL_0153-1676578294-1676578294-1024x676.jpg 1024w, https:\/\/judobelgium.be\/wp-content\/uploads\/2023\/02\/KUL_0153-1676578294-1676578294-500x330.jpg 500w, https:\/\/judobelgium.be\/wp-content\/uploads\/2023\/02\/KUL_0153-1676578294-1676578294-768x507.jpg 768w, https:\/\/judobelgium.be\/wp-content\/uploads\/2023\/02\/KUL_0153-1676578294-1676578294-1536x1014.jpg 1536w, https:\/\/judobelgium.be\/wp-content\/uploads\/2023\/02\/KUL_0153-1676578294-1676578294-2048x1352.jpg 2048w, https:\/\/judobelgium.be\/wp-content\/uploads\/2023\/02\/KUL_0153-1676578294-1676578294-18x12.jpg 18w\" sizes=\"(max-width: 1024px) 100vw, 1024px\" \/><\/figure>\n\n\n\n<figure class=\"wp-block-image size-large\"><img loading=\"lazy\" decoding=\"async\" width=\"1024\" height=\"683\" data-id=\"2014\" src=\"https:\/\/judobelgium.be\/wp-content\/uploads\/2023\/02\/KUL_3733-1676663893-1676663893-1024x683.jpg\" alt=\"\" class=\"wp-image-2014\" srcset=\"https:\/\/judobelgium.be\/wp-content\/uploads\/2023\/02\/KUL_3733-1676663893-1676663893-1024x683.jpg 1024w, https:\/\/judobelgium.be\/wp-content\/uploads\/2023\/02\/KUL_3733-1676663893-1676663893-500x333.jpg 500w, https:\/\/judobelgium.be\/wp-content\/uploads\/2023\/02\/KUL_3733-1676663893-1676663893-768x512.jpg 768w, https:\/\/judobelgium.be\/wp-content\/uploads\/2023\/02\/KUL_3733-1676663893-1676663893-1536x1024.jpg 1536w, https:\/\/judobelgium.be\/wp-content\/uploads\/2023\/02\/KUL_3733-1676663893-1676663893-2048x1365.jpg 2048w, https:\/\/judobelgium.be\/wp-content\/uploads\/2023\/02\/KUL_3733-1676663893-1676663893-18x12.jpg 18w\" sizes=\"(max-width: 1024px) 100vw, 1024px\" \/><\/figure>\n\n\n\n<figure class=\"wp-block-image size-large\"><img loading=\"lazy\" decoding=\"async\" width=\"1024\" height=\"683\" data-id=\"2013\" src=\"https:\/\/judobelgium.be\/wp-content\/uploads\/2023\/02\/KUL_3744-1676663899-1676663899-1024x683.jpg\" alt=\"\" class=\"wp-image-2013\" srcset=\"https:\/\/judobelgium.be\/wp-content\/uploads\/2023\/02\/KUL_3744-1676663899-1676663899-1024x683.jpg 1024w, https:\/\/judobelgium.be\/wp-content\/uploads\/2023\/02\/KUL_3744-1676663899-1676663899-500x333.jpg 500w, https:\/\/judobelgium.be\/wp-content\/uploads\/2023\/02\/KUL_3744-1676663899-1676663899-768x512.jpg 768w, https:\/\/judobelgium.be\/wp-content\/uploads\/2023\/02\/KUL_3744-1676663899-1676663899-1536x1024.jpg 1536w, https:\/\/judobelgium.be\/wp-content\/uploads\/2023\/02\/KUL_3744-1676663899-1676663899-2048x1365.jpg 2048w, https:\/\/judobelgium.be\/wp-content\/uploads\/2023\/02\/KUL_3744-1676663899-1676663899-18x12.jpg 18w\" sizes=\"(max-width: 1024px) 100vw, 1024px\" \/><\/figure>\n\n\n\n<figure class=\"wp-block-image size-large\"><img loading=\"lazy\" decoding=\"async\" width=\"1024\" height=\"683\" data-id=\"2015\" src=\"https:\/\/judobelgium.be\/wp-content\/uploads\/2023\/02\/KUL_3830-1676663931-1676663931-1024x683.jpg\" alt=\"\" class=\"wp-image-2015\" srcset=\"https:\/\/judobelgium.be\/wp-content\/uploads\/2023\/02\/KUL_3830-1676663931-1676663931-1024x683.jpg 1024w, https:\/\/judobelgium.be\/wp-content\/uploads\/2023\/02\/KUL_3830-1676663931-1676663931-500x333.jpg 500w, https:\/\/judobelgium.be\/wp-content\/uploads\/2023\/02\/KUL_3830-1676663931-1676663931-768x512.jpg 768w, https:\/\/judobelgium.be\/wp-content\/uploads\/2023\/02\/KUL_3830-1676663931-1676663931-1536x1024.jpg 1536w, https:\/\/judobelgium.be\/wp-content\/uploads\/2023\/02\/KUL_3830-1676663931-1676663931-2048x1365.jpg 2048w, https:\/\/judobelgium.be\/wp-content\/uploads\/2023\/02\/KUL_3830-1676663931-1676663931-18x12.jpg 18w\" sizes=\"(max-width: 1024px) 100vw, 1024px\" \/><\/figure>\n\n\n\n<figure class=\"wp-block-image size-large\"><img loading=\"lazy\" decoding=\"async\" width=\"1024\" height=\"683\" data-id=\"2018\" src=\"https:\/\/judobelgium.be\/wp-content\/uploads\/2023\/02\/18_02-10-1676728083-1676728083-1024x683.jpg\" alt=\"\" class=\"wp-image-2018\" srcset=\"https:\/\/judobelgium.be\/wp-content\/uploads\/2023\/02\/18_02-10-1676728083-1676728083-1024x683.jpg 1024w, https:\/\/judobelgium.be\/wp-content\/uploads\/2023\/02\/18_02-10-1676728083-1676728083-500x333.jpg 500w, https:\/\/judobelgium.be\/wp-content\/uploads\/2023\/02\/18_02-10-1676728083-1676728083-768x512.jpg 768w, https:\/\/judobelgium.be\/wp-content\/uploads\/2023\/02\/18_02-10-1676728083-1676728083-1536x1024.jpg 1536w, https:\/\/judobelgium.be\/wp-content\/uploads\/2023\/02\/18_02-10-1676728083-1676728083-2048x1365.jpg 2048w, https:\/\/judobelgium.be\/wp-content\/uploads\/2023\/02\/18_02-10-1676728083-1676728083-18x12.jpg 18w\" sizes=\"(max-width: 1024px) 100vw, 1024px\" \/><\/figure>\n\n\n\n<figure class=\"wp-block-image size-large\"><img loading=\"lazy\" decoding=\"async\" width=\"1024\" height=\"683\" data-id=\"2017\" src=\"https:\/\/judobelgium.be\/wp-content\/uploads\/2023\/02\/18_02-09-1676728078-1676728078-1024x683.jpg\" alt=\"\" class=\"wp-image-2017\" srcset=\"https:\/\/judobelgium.be\/wp-content\/uploads\/2023\/02\/18_02-09-1676728078-1676728078-1024x683.jpg 1024w, https:\/\/judobelgium.be\/wp-content\/uploads\/2023\/02\/18_02-09-1676728078-1676728078-500x333.jpg 500w, https:\/\/judobelgium.be\/wp-content\/uploads\/2023\/02\/18_02-09-1676728078-1676728078-768x512.jpg 768w, https:\/\/judobelgium.be\/wp-content\/uploads\/2023\/02\/18_02-09-1676728078-1676728078-1536x1024.jpg 1536w, https:\/\/judobelgium.be\/wp-content\/uploads\/2023\/02\/18_02-09-1676728078-1676728078-2048x1365.jpg 2048w, https:\/\/judobelgium.be\/wp-content\/uploads\/2023\/02\/18_02-09-1676728078-1676728078-18x12.jpg 18w\" sizes=\"(max-width: 1024px) 100vw, 1024px\" \/><\/figure>\n\n\n\n<figure class=\"wp-block-image size-large\"><img loading=\"lazy\" decoding=\"async\" width=\"1024\" height=\"683\" data-id=\"2016\" src=\"https:\/\/judobelgium.be\/wp-content\/uploads\/2023\/02\/18_02-08-1676728073-1676728073-1024x683.jpg\" alt=\"\" class=\"wp-image-2016\" srcset=\"https:\/\/judobelgium.be\/wp-content\/uploads\/2023\/02\/18_02-08-1676728073-1676728073-1024x683.jpg 1024w, https:\/\/judobelgium.be\/wp-content\/uploads\/2023\/02\/18_02-08-1676728073-1676728073-500x333.jpg 500w, https:\/\/judobelgium.be\/wp-content\/uploads\/2023\/02\/18_02-08-1676728073-1676728073-768x512.jpg 768w, https:\/\/judobelgium.be\/wp-content\/uploads\/2023\/02\/18_02-08-1676728073-1676728073-1536x1024.jpg 1536w, https:\/\/judobelgium.be\/wp-content\/uploads\/2023\/02\/18_02-08-1676728073-1676728073-2048x1366.jpg 2048w, https:\/\/judobelgium.be\/wp-content\/uploads\/2023\/02\/18_02-08-1676728073-1676728073-18x12.jpg 18w\" sizes=\"(max-width: 1024px) 100vw, 1024px\" \/><\/figure>\n\n\n\n<figure class=\"wp-block-image size-large\"><img loading=\"lazy\" decoding=\"async\" width=\"1024\" height=\"643\" data-id=\"2019\" src=\"https:\/\/judobelgium.be\/wp-content\/uploads\/2023\/02\/KUL_0228-1676581632-1676581632-1024x643.jpg\" alt=\"\" class=\"wp-image-2019\" srcset=\"https:\/\/judobelgium.be\/wp-content\/uploads\/2023\/02\/KUL_0228-1676581632-1676581632-1024x643.jpg 1024w, https:\/\/judobelgium.be\/wp-content\/uploads\/2023\/02\/KUL_0228-1676581632-1676581632-500x314.jpg 500w, https:\/\/judobelgium.be\/wp-content\/uploads\/2023\/02\/KUL_0228-1676581632-1676581632-768x482.jpg 768w, https:\/\/judobelgium.be\/wp-content\/uploads\/2023\/02\/KUL_0228-1676581632-1676581632-1536x965.jpg 1536w, https:\/\/judobelgium.be\/wp-content\/uploads\/2023\/02\/KUL_0228-1676581632-1676581632-2048x1286.jpg 2048w, https:\/\/judobelgium.be\/wp-content\/uploads\/2023\/02\/KUL_0228-1676581632-1676581632-18x12.jpg 18w\" sizes=\"(max-width: 1024px) 100vw, 1024px\" \/><\/figure>\n\n\n\n<figure class=\"wp-block-image size-large\"><img loading=\"lazy\" decoding=\"async\" width=\"1024\" height=\"729\" data-id=\"2020\" src=\"https:\/\/judobelgium.be\/wp-content\/uploads\/2023\/02\/S_J9840-1676558576-1676558576-1024x729.jpg\" alt=\"\" class=\"wp-image-2020\" srcset=\"https:\/\/judobelgium.be\/wp-content\/uploads\/2023\/02\/S_J9840-1676558576-1676558576-1024x729.jpg 1024w, https:\/\/judobelgium.be\/wp-content\/uploads\/2023\/02\/S_J9840-1676558576-1676558576-500x356.jpg 500w, https:\/\/judobelgium.be\/wp-content\/uploads\/2023\/02\/S_J9840-1676558576-1676558576-768x546.jpg 768w, https:\/\/judobelgium.be\/wp-content\/uploads\/2023\/02\/S_J9840-1676558576-1676558576-1536x1093.jpg 1536w, https:\/\/judobelgium.be\/wp-content\/uploads\/2023\/02\/S_J9840-1676558576-1676558576-18x12.jpg 18w, https:\/\/judobelgium.be\/wp-content\/uploads\/2023\/02\/S_J9840-1676558576-1676558576.jpg 2048w\" sizes=\"(max-width: 1024px) 100vw, 1024px\" \/><\/figure>\n\n\n\n<figure class=\"wp-block-image size-large\"><img loading=\"lazy\" decoding=\"async\" width=\"1024\" height=\"610\" data-id=\"2021\" src=\"https:\/\/judobelgium.be\/wp-content\/uploads\/2023\/02\/KUL_0241-1676581716-1676581716-1024x610.jpg\" alt=\"\" class=\"wp-image-2021\" srcset=\"https:\/\/judobelgium.be\/wp-content\/uploads\/2023\/02\/KUL_0241-1676581716-1676581716-1024x610.jpg 1024w, https:\/\/judobelgium.be\/wp-content\/uploads\/2023\/02\/KUL_0241-1676581716-1676581716-500x298.jpg 500w, https:\/\/judobelgium.be\/wp-content\/uploads\/2023\/02\/KUL_0241-1676581716-1676581716-768x458.jpg 768w, https:\/\/judobelgium.be\/wp-content\/uploads\/2023\/02\/KUL_0241-1676581716-1676581716-1536x915.jpg 1536w, https:\/\/judobelgium.be\/wp-content\/uploads\/2023\/02\/KUL_0241-1676581716-1676581716-2048x1220.jpg 2048w, https:\/\/judobelgium.be\/wp-content\/uploads\/2023\/02\/KUL_0241-1676581716-1676581716-18x12.jpg 18w\" sizes=\"(max-width: 1024px) 100vw, 1024px\" \/><\/figure>\n<\/figure>","protected":false},"excerpt":{"rendered":"<p>Judo Belgium zond een delegatie van 7 judoka\u2019s naar de Grand Slam van Tel Aviv, Israel.Drie van onze judoka\u2019s eindigden op het podium. Hierna volgt een beknopt overzicht van hun kampen. Ellen Salens (-48kg\/JS Merelbeke) Round 1: Loss vs. Maria Celia Laborde (USA) Charline Van Snick (-52kg\/JC Bushido) Round 1: Victory vs. Kelly Deguchi (CAN)Round [&hellip;]<\/p>\n","protected":false},"author":4,"featured_media":2015,"comment_status":"closed","ping_status":"closed","sticky":false,"template":"","format":"standard","meta":{"_seopress_robots_primary_cat":"","_seopress_titles_title":"","_seopress_titles_desc":"","_seopress_robots_index":"","footnotes":""},"categories":[1],"tags":[148,159,73],"class_list":["post-2008","post","type-post","status-publish","format-standard","has-post-thumbnail","hentry","category-algemeen","tag-148","tag-grand-slam-tel-aviv","tag-ijf"],"_links":{"self":[{"href":"https:\/\/judobelgium.be\/fr\/wp-json\/wp\/v2\/posts\/2008","targetHints":{"allow":["GET"]}}],"collection":[{"href":"https:\/\/judobelgium.be\/fr\/wp-json\/wp\/v2\/posts"}],"about":[{"href":"https:\/\/judobelgium.be\/fr\/wp-json\/wp\/v2\/types\/post"}],"author":[{"embeddable":true,"href":"https:\/\/judobelgium.be\/fr\/wp-json\/wp\/v2\/users\/4"}],"replies":[{"embeddable":true,"href":"https:\/\/judobelgium.be\/fr\/wp-json\/wp\/v2\/comments?post=2008"}],"version-history":[{"count":2,"href":"https:\/\/judobelgium.be\/fr\/wp-json\/wp\/v2\/posts\/2008\/revisions"}],"predecessor-version":[{"id":2025,"href":"https:\/\/judobelgium.be\/fr\/wp-json\/wp\/v2\/posts\/2008\/revisions\/2025"}],"wp:featuredmedia":[{"embeddable":true,"href":"https:\/\/judobelgium.be\/fr\/wp-json\/wp\/v2\/media\/2015"}],"wp:attachment":[{"href":"https:\/\/judobelgium.be\/fr\/wp-json\/wp\/v2\/media?parent=2008"}],"wp:term":[{"taxonomy":"category","embeddable":true,"href":"https:\/\/judobelgium.be\/fr\/wp-json\/wp\/v2\/categories?post=2008"},{"taxonomy":"post_tag","embeddable":true,"href":"https:\/\/judobelgium.be\/fr\/wp-json\/wp\/v2\/tags?post=2008"}],"curies":[{"name":"wp","href":"https:\/\/api.w.org\/{rel}","templated":true}]}}