{"id":2230,"date":"2023-06-02T11:01:15","date_gmt":"2023-06-02T09:01:15","guid":{"rendered":"https:\/\/judobelgium.be\/?p=2230"},"modified":"2023-06-02T11:01:16","modified_gmt":"2023-06-02T09:01:16","slug":"twintig-belgische-judokas-naar-ek-veteranen-podcetrtek-slo","status":"publish","type":"post","link":"https:\/\/judobelgium.be\/fr\/judo-internationaal\/twintig-belgische-judokas-naar-ek-veteranen-podcetrtek-slo\/","title":{"rendered":"Vingt judokas belges au Championnat d'Europe des V\u00e9t\u00e9rans \u00e0 Podcetrtek (SLO)"},"content":{"rendered":"<figure class=\"wp-block-image alignright size-large is-resized\"><img decoding=\"async\" src=\"https:\/\/judobelgium.be\/wp-content\/uploads\/2023\/06\/logo_EK_VET_2023-1024x565.png\" alt=\"\" class=\"wp-image-2232\" width=\"277\" height=\"153\" srcset=\"https:\/\/judobelgium.be\/wp-content\/uploads\/2023\/06\/logo_EK_VET_2023-1024x565.png 1024w, https:\/\/judobelgium.be\/wp-content\/uploads\/2023\/06\/logo_EK_VET_2023-500x276.png 500w, https:\/\/judobelgium.be\/wp-content\/uploads\/2023\/06\/logo_EK_VET_2023-768x423.png 768w, https:\/\/judobelgium.be\/wp-content\/uploads\/2023\/06\/logo_EK_VET_2023-1536x847.png 1536w, https:\/\/judobelgium.be\/wp-content\/uploads\/2023\/06\/logo_EK_VET_2023-2048x1129.png 2048w, https:\/\/judobelgium.be\/wp-content\/uploads\/2023\/06\/logo_EK_VET_2023-18x10.png 18w\" sizes=\"(max-width: 277px) 100vw, 277px\" \/><\/figure>\n\n\n\n<p class=\"translation-block\">Du 8 au 11 juin, le championnat d'Europe pour v\u00e9t\u00e9rans se d\u00e9roulera \u00e0 Podcetrtek, en Slov\u00e9nie. Vingt judokas y d\u00e9fendront les couleurs de la Belgique. <br>V\u00e9rifiez<strong><a href=\"https:\/\/judobelgium.be\/wp-content\/uploads\/2023\/06\/event_registration_informations-47.pdf\" target=\"_blank\" rel=\"noreferrer noopener\"> qui<\/a><\/strong> participe au Championnat d'Europe en Slov\u00e9nie.<\/p>","protected":false},"excerpt":{"rendered":"<p class=\"translation-block\">Du 8 au 11 juin, le championnat d'Europe pour v\u00e9t\u00e9rans se d\u00e9roulera \u00e0 Podcetrtek, en Slov\u00e9nie. Vingt judokas y d\u00e9fendront les couleurs de la Belgique. <br>V\u00e9rifiez<strong><a href=\"https:\/\/judobelgium.be\/wp-content\/uploads\/2023\/06\/event_registration_informations-47.pdf\" target=\"_blank\" rel=\"noreferrer noopener\"> qui<\/a><\/strong> participe au Championnat d'Europe en Slov\u00e9nie.<\/p>","protected":false},"author":4,"featured_media":2232,"comment_status":"closed","ping_status":"closed","sticky":false,"template":"","format":"standard","meta":{"_seopress_robots_primary_cat":"","_seopress_titles_title":"","_seopress_titles_desc":"","_seopress_robots_index":"","footnotes":""},"categories":[5],"tags":[184,183],"class_list":["post-2230","post","type-post","status-publish","format-standard","has-post-thumbnail","hentry","category-judo-internationaal","tag-ce-veterans-2023","tag-ek-veteranen-2023"],"_links":{"self":[{"href":"https:\/\/judobelgium.be\/fr\/wp-json\/wp\/v2\/posts\/2230","targetHints":{"allow":["GET"]}}],"collection":[{"href":"https:\/\/judobelgium.be\/fr\/wp-json\/wp\/v2\/posts"}],"about":[{"href":"https:\/\/judobelgium.be\/fr\/wp-json\/wp\/v2\/types\/post"}],"author":[{"embeddable":true,"href":"https:\/\/judobelgium.be\/fr\/wp-json\/wp\/v2\/users\/4"}],"replies":[{"embeddable":true,"href":"https:\/\/judobelgium.be\/fr\/wp-json\/wp\/v2\/comments?post=2230"}],"version-history":[{"count":1,"href":"https:\/\/judobelgium.be\/fr\/wp-json\/wp\/v2\/posts\/2230\/revisions"}],"predecessor-version":[{"id":2233,"href":"https:\/\/judobelgium.be\/fr\/wp-json\/wp\/v2\/posts\/2230\/revisions\/2233"}],"wp:featuredmedia":[{"embeddable":true,"href":"https:\/\/judobelgium.be\/fr\/wp-json\/wp\/v2\/media\/2232"}],"wp:attachment":[{"href":"https:\/\/judobelgium.be\/fr\/wp-json\/wp\/v2\/media?parent=2230"}],"wp:term":[{"taxonomy":"category","embeddable":true,"href":"https:\/\/judobelgium.be\/fr\/wp-json\/wp\/v2\/categories?post=2230"},{"taxonomy":"post_tag","embeddable":true,"href":"https:\/\/judobelgium.be\/fr\/wp-json\/wp\/v2\/tags?post=2230"}],"curies":[{"name":"wp","href":"https:\/\/api.w.org\/{rel}","templated":true}]}}