{"id":2235,"date":"2023-06-12T15:49:08","date_gmt":"2023-06-12T13:49:08","guid":{"rendered":"https:\/\/judobelgium.be\/?p=2235"},"modified":"2023-06-12T15:58:56","modified_gmt":"2023-06-12T13:58:56","slug":"ek-veteranen-podcetrtek-slo-7-individuele-medailles-voor-de-belgen-zilver-in-team-competitie","status":"publish","type":"post","link":"https:\/\/judobelgium.be\/fr\/judo-internationaal\/ek-veteranen-podcetrtek-slo-7-individuele-medailles-voor-de-belgen-zilver-in-team-competitie\/","title":{"rendered":"Championnats d'Europe V\u00e9t\u00e9rans Podcetrtek (SLO) : 7 m\u00e9dailles individuelles pour les Belges, l'argent par \u00e9quipe"},"content":{"rendered":"<p>PODCETRTEK - Du 8 au 11 juin dernier, les Championnats d'Europe V\u00e9t\u00e9rans se sont d\u00e9roul\u00e9s \u00e0 Podcetrtek, en Slov\u00e9nie. 658 judokas (563 hommes et 95 femmes) de 37 pays ont particip\u00e9 \u00e0 ce Championnat d'Europe. Vingt judokas (15 hommes &amp; 5 femmes) y ont d\u00e9fendu le drapeau tricolore belge. La Belgique a termin\u00e9 13\u00e8me au classement. Deux m\u00e9dailles d'or, deux m\u00e9dailles d'argent et trois m\u00e9dailles de bronze. Sept m\u00e9dailles pour les Belges ! Il y a \u00e9galement eu quatre cinqui\u00e8mes places et cinq judokas \u00e0 la septi\u00e8me place. Dans la comp\u00e9tition par \u00e9quipe, l'\u00e9quipe belge a \u00e9galement remport\u00e9 l'argent ! Voici la liste de leurs exploits.<\/p>\n\n\n\n<p>L'arbitre international Bert Hoedemakers a \u00e9t\u00e9 d\u00e9sign\u00e9 par l'UEJ pour diriger les camps.<\/p>\n\n\n\n<h2 class=\"wp-block-heading\">INDIVIDUAL COMPETITION<\/h2>\n\n\n\n<h2 class=\"wp-block-heading\">Annick Van de Voorde (-52kg\/F6\/JS Reet) &#8211; GOLD<\/h2>\n\n\n\n<p>Round 1: Victory vs. Hanne Myrnes (NOR)<br>Round 1: Victory vs. Hanne Myrnes (NOR)<\/p>\n\n\n\n<h2 class=\"wp-block-heading\">Allison Hollevoet (-70kg\/F2) &#8211; SILVER<\/h2>\n\n\n\n<p>Quarter-Final: Victory vs. Lara Battistella (ITA)<br>Semi-Final: Victory vs. Lina Anna Scheidt (GER)<br>Final: Defeat vs. Jessica Zannoni (SMR)<\/p>\n\n\n\n<h2 class=\"wp-block-heading\">Fran De Somer (-63kg\/F2\/JS Moorsel) \u2013 BRONZE<\/h2>\n\n\n\n<p>Round 2: Defeat vs. Swantje Kaiser (GER)<br>Round 3: Victory vs. Caroline Brayson (GBR)<br>Round 4: Defeat vs. Helen Schwenderling (GER)<br>Round 5: Victory vs. Gulia Meinardi (ITA)<\/p>\n\n\n\n<h2 class=\"wp-block-heading\">Fee De Somer (-70kg\/F1\/JS Moorsel) \u2013 4th PLACE<\/h2>\n\n\n\n<p>Round 2: Defeat vs. Hana Kodesova (CZE)<br>Round 3: Victory vs. Melissa Cicuto (ITA)<br>Round 4: Defeat vs. Maia Taraushvili (GEO)<br>Round 5: Defeat vs. Laura Plumridge (GBR)<\/p>\n\n\n\n<h2 class=\"wp-block-heading\">Geraldine Delporte (-70kg\/F2\/JC 2000 Kluisbergen)<\/h2>\n\n\n\n<p>Quarter-Final: Defeat vs. Luisa Garcia (POR)<br>Repechage: Defeat vs. Jessica Eschenauer (GER)<\/p>\n\n\n\n<h2 class=\"wp-block-heading\">Osman HANCI (-90kg\/M2) \u2013 GOLD<\/h2>\n\n\n\n<p>Round 1: Victory vs. Ondrej Loukota (CZE)<br>Quarter-Final: Victory vs. Michal Zamecki (POL)<br>Semi-Final: Victory vs. Ianis Lotca (ITA)<br>Final: Victory vs. Vitalie Ursu (ITA)<\/p>\n\n\n\n<h2 class=\"wp-block-heading\">Ermanno Agostini (-60kg\/M5) \u2013 SILVER<\/h2>\n\n\n\n<p>Round 1: Victory vs. Bruno Boudet (FRA)<br>Quarter-Final: Victory vs. Simonne Stinca (ITA)<br>Semi-Final: Victory vs. Franco Bartone (GER)<br>Final: Defeat vs. Sofiane Djari (FRA)<\/p>\n\n\n\n<h2 class=\"wp-block-heading\">Mike Demiddele (-66kg\/M1) \u2013 BRONZE<\/h2>\n\n\n\n<p>Round 1: Victory vs. Daniel Lombardo (ITA)<br>Quarter-Final: Defeat vs. Paata Merebashvili (GEO)<br>Repechage: Victory vs. Sergio Mansilla Carca (NOR)<br>Bronze: Victory vs. Dimitrios Tsanidis (GER)<\/p>\n\n\n\n<h2 class=\"wp-block-heading\">Andr\u00e9 LUISI (-81kg\/M8) &#8211; BRONZE<\/h2>\n\n\n\n<p>Round 1: Victory vs. Jan Ekstrom (SWE)<br>Quarter-Final: Victory vs. Nikola Klajajic (BIH)<br>Semi-Final: Defeat vs. Manfred Zoellner (GER)<br>Bronze: Victory vs. Antonio Alfidi (ITA)<\/p>\n\n\n\n<h2 class=\"wp-block-heading\">Dez De Somer (-100kg\/M2\/JS Moorsel) \u2013 5th PLACE<\/h2>\n\n\n\n<p>Quarter-Final: Victory vs. Petur Sigurd Johannesen (FRO)<br>Halve finale: Defeat vs. Giorgi Tsotsiashvili (GEO)<br>Bronze: Defeat vs. Gegi Tamliani (GEO)<\/p>\n\n\n\n<h2 class=\"wp-block-heading\">Dillon Tafili (-81kg\/M1) \u2013 5th PLACE<\/h2>\n\n\n\n<p>Round 1: Victory vs. Levani Davadze (GEO)<br>Quarter-Final: Defeat vs. Vaclav Sedmidubsky (CZE)<br>Repechage: Victory vs. Benjamin Andrieu (FRA)<br>Bronze: Defeat vs. Sarkis Ambartsoumian (FRA)<\/p>\n\n\n\n<h2 class=\"wp-block-heading\">Fabian Vanhollebeke (-90kg\/M3) \u2013 5th PLACE<\/h2>\n\n\n\n<p>Round 1: Victory vs. Alexandre Morgado (POR)<br>Quarter-Final: Victory vs. Jan Rusnak (CZE)<br>Semi-Final: Defeat vs. Roman Janiszewski (POL)<br>Bronze: Defeat vs. Martin Mairhofer (AUT)<\/p>\n\n\n\n<h2 class=\"wp-block-heading\">Philippe Lauria (-81kg\/M2) \u2013 5th PLACE<\/h2>\n\n\n\n<p>Round 2: Victory vs. Vugar Aliyev (AZE)<br>Quarter-Final: Defeat vs. Sandro Iakobashvili (GEO)<br>Repechage: Victory vs. Petr Vosynek (CZE)<br>Repechage: Victory vs. Ilija Vukotic (MNE)<br>Bronze: Defeat vs. Lukas Kmec (CZE)<\/p>\n\n\n\n<h2 class=\"wp-block-heading\">Sander Tureluren (-66kg\/M1\/JS Lummen) \u2013 7th PLACE<\/h2>\n\n\n\n<p>Quarter-Final: Defeat vs. Rashid Shamizada (AZE)<br>Repechage: Victory vs. Jan Zavadil (CZE)<br>Repechage: Defeat vs. Simone Giannone (ITA)<\/p>\n\n\n\n<h2 class=\"wp-block-heading\">Bram Pussig (-90kg\/M1\/JS Lummen) \u2013 7th PLACE<\/h2>\n\n\n\n<p>Round 1: Victory vs. Idir Djekouane (FRA)<br>Quarter-Final: Defeat vs. Jindrich Turek (CZE)<br>Repechage: Defeat vs. Konstantin Ustinov (GER)<\/p>\n\n\n\n<h2 class=\"wp-block-heading\">Gunnar De Laet (-100kg\/M1\/JS Lummen) &#8211; 7th PLACE<\/h2>\n\n\n\n<p>Quarter-Final: Defeat vs. Mike Van Der Plas (NED)<br>Repechage: Defeat vs. Indrek Hopfeldt (EST)<\/p>\n\n\n\n<h2 class=\"wp-block-heading\">Andy Hermans (-73kg\/M3\/JS Lummen)<\/h2>\n\n\n\n<p>Round 1: Defeat vs. Ruslan Cantir (MDA)<br>Repechage: Defeat vs. Thomas Courdier<\/p>\n\n\n\n<h2 class=\"wp-block-heading\">Antonino Milioto (-73kg\/M1)<\/h2>\n\n\n\n<p>Quarter-Final: Defeat vs. Wessel Van Der Ploeg (NED)<br>Repechage: Defeat vs. Jordane Del Gatto (FRA)<\/p>\n\n\n\n<h2 class=\"wp-block-heading\">Benoit Van De Perre (-90kg\/M5)<\/h2>\n\n\n\n<p>Round 1: Defeat vs. Stefano Pressello (ITA)<br>Repechage: Defeat vs. Milan Bogic (SRB)<\/p>\n\n\n\n<h2 class=\"wp-block-heading\">Laurent Lenaerts (-90kg\/M5)<\/h2>\n\n\n\n<p>Round 1: Defeat vs. Jeroen Letterie (NED)<br>Repechage: Victory vs. Andreas Kalmoukidis (GRE)<br>Repechage: Defeat vs. Karl Baker (SWE)<\/p>\n\n\n\n<figure class=\"wp-block-gallery has-nested-images columns-default is-cropped wp-block-gallery-1 is-layout-flex wp-block-gallery-is-layout-flex\">\n<figure class=\"wp-block-image size-large\"><img fetchpriority=\"high\" decoding=\"async\" width=\"1024\" height=\"860\" data-id=\"2237\" src=\"https:\/\/judobelgium.be\/wp-content\/uploads\/2023\/06\/Boris-Teofanovic-European-Judo-Championships-Veterans-2023-270437-1024x860.jpg\" alt=\"\" class=\"wp-image-2237\" srcset=\"https:\/\/judobelgium.be\/wp-content\/uploads\/2023\/06\/Boris-Teofanovic-European-Judo-Championships-Veterans-2023-270437-1024x860.jpg 1024w, https:\/\/judobelgium.be\/wp-content\/uploads\/2023\/06\/Boris-Teofanovic-European-Judo-Championships-Veterans-2023-270437-500x420.jpg 500w, https:\/\/judobelgium.be\/wp-content\/uploads\/2023\/06\/Boris-Teofanovic-European-Judo-Championships-Veterans-2023-270437-768x645.jpg 768w, https:\/\/judobelgium.be\/wp-content\/uploads\/2023\/06\/Boris-Teofanovic-European-Judo-Championships-Veterans-2023-270437-1536x1289.jpg 1536w, https:\/\/judobelgium.be\/wp-content\/uploads\/2023\/06\/Boris-Teofanovic-European-Judo-Championships-Veterans-2023-270437-2048x1719.jpg 2048w, https:\/\/judobelgium.be\/wp-content\/uploads\/2023\/06\/Boris-Teofanovic-European-Judo-Championships-Veterans-2023-270437-14x12.jpg 14w\" sizes=\"(max-width: 1024px) 100vw, 1024px\" \/><figcaption class=\"wp-element-caption\">Allison Hollevoet (Silver)<\/figcaption><\/figure>\n\n\n\n<figure class=\"wp-block-image size-large\"><img decoding=\"async\" width=\"1024\" height=\"740\" data-id=\"2238\" src=\"https:\/\/judobelgium.be\/wp-content\/uploads\/2023\/06\/Boris-Teofanovic-European-Judo-Championships-Veterans-2023-270451-1024x740.jpg\" alt=\"\" class=\"wp-image-2238\" srcset=\"https:\/\/judobelgium.be\/wp-content\/uploads\/2023\/06\/Boris-Teofanovic-European-Judo-Championships-Veterans-2023-270451-1024x740.jpg 1024w, https:\/\/judobelgium.be\/wp-content\/uploads\/2023\/06\/Boris-Teofanovic-European-Judo-Championships-Veterans-2023-270451-500x362.jpg 500w, https:\/\/judobelgium.be\/wp-content\/uploads\/2023\/06\/Boris-Teofanovic-European-Judo-Championships-Veterans-2023-270451-768x555.jpg 768w, https:\/\/judobelgium.be\/wp-content\/uploads\/2023\/06\/Boris-Teofanovic-European-Judo-Championships-Veterans-2023-270451-1536x1111.jpg 1536w, https:\/\/judobelgium.be\/wp-content\/uploads\/2023\/06\/Boris-Teofanovic-European-Judo-Championships-Veterans-2023-270451-2048x1481.jpg 2048w, https:\/\/judobelgium.be\/wp-content\/uploads\/2023\/06\/Boris-Teofanovic-European-Judo-Championships-Veterans-2023-270451-18x12.jpg 18w\" sizes=\"(max-width: 1024px) 100vw, 1024px\" \/><figcaption class=\"wp-element-caption\">Annick Van de Voorde (Gold)<\/figcaption><\/figure>\n\n\n\n<figure class=\"wp-block-image size-large\"><img decoding=\"async\" width=\"1024\" height=\"839\" data-id=\"2239\" src=\"https:\/\/judobelgium.be\/wp-content\/uploads\/2023\/06\/Boris-Teofanovic-European-Judo-Championships-Veterans-2023-270521-1024x839.jpg\" alt=\"\" class=\"wp-image-2239\" srcset=\"https:\/\/judobelgium.be\/wp-content\/uploads\/2023\/06\/Boris-Teofanovic-European-Judo-Championships-Veterans-2023-270521-1024x839.jpg 1024w, https:\/\/judobelgium.be\/wp-content\/uploads\/2023\/06\/Boris-Teofanovic-European-Judo-Championships-Veterans-2023-270521-500x410.jpg 500w, https:\/\/judobelgium.be\/wp-content\/uploads\/2023\/06\/Boris-Teofanovic-European-Judo-Championships-Veterans-2023-270521-768x629.jpg 768w, https:\/\/judobelgium.be\/wp-content\/uploads\/2023\/06\/Boris-Teofanovic-European-Judo-Championships-Veterans-2023-270521-1536x1258.jpg 1536w, https:\/\/judobelgium.be\/wp-content\/uploads\/2023\/06\/Boris-Teofanovic-European-Judo-Championships-Veterans-2023-270521-2048x1678.jpg 2048w, https:\/\/judobelgium.be\/wp-content\/uploads\/2023\/06\/Boris-Teofanovic-European-Judo-Championships-Veterans-2023-270521-15x12.jpg 15w\" sizes=\"(max-width: 1024px) 100vw, 1024px\" \/><figcaption class=\"wp-element-caption\">Fran De Somer (Bronze)<\/figcaption><\/figure>\n\n\n\n<figure class=\"wp-block-image size-large\"><img loading=\"lazy\" decoding=\"async\" width=\"1024\" height=\"537\" data-id=\"2241\" src=\"https:\/\/judobelgium.be\/wp-content\/uploads\/2023\/06\/Boris-Teofanovic-European-Judo-Championships-Veterans-2023-269990-1024x537.jpg\" alt=\"\" class=\"wp-image-2241\" srcset=\"https:\/\/judobelgium.be\/wp-content\/uploads\/2023\/06\/Boris-Teofanovic-European-Judo-Championships-Veterans-2023-269990-1024x537.jpg 1024w, https:\/\/judobelgium.be\/wp-content\/uploads\/2023\/06\/Boris-Teofanovic-European-Judo-Championships-Veterans-2023-269990-500x262.jpg 500w, https:\/\/judobelgium.be\/wp-content\/uploads\/2023\/06\/Boris-Teofanovic-European-Judo-Championships-Veterans-2023-269990-768x403.jpg 768w, https:\/\/judobelgium.be\/wp-content\/uploads\/2023\/06\/Boris-Teofanovic-European-Judo-Championships-Veterans-2023-269990-1536x805.jpg 1536w, https:\/\/judobelgium.be\/wp-content\/uploads\/2023\/06\/Boris-Teofanovic-European-Judo-Championships-Veterans-2023-269990-2048x1074.jpg 2048w, https:\/\/judobelgium.be\/wp-content\/uploads\/2023\/06\/Boris-Teofanovic-European-Judo-Championships-Veterans-2023-269990-18x9.jpg 18w\" sizes=\"(max-width: 1024px) 100vw, 1024px\" \/><figcaption class=\"wp-element-caption\">Andr\u00e9 Luisi (Bronze)<\/figcaption><\/figure>\n\n\n\n<figure class=\"wp-block-image size-large\"><img loading=\"lazy\" decoding=\"async\" width=\"1024\" height=\"683\" data-id=\"2248\" src=\"https:\/\/judobelgium.be\/wp-content\/uploads\/2023\/06\/Agostini-1024x683.jpg\" alt=\"\" class=\"wp-image-2248\" srcset=\"https:\/\/judobelgium.be\/wp-content\/uploads\/2023\/06\/Agostini-1024x683.jpg 1024w, https:\/\/judobelgium.be\/wp-content\/uploads\/2023\/06\/Agostini-500x333.jpg 500w, https:\/\/judobelgium.be\/wp-content\/uploads\/2023\/06\/Agostini-768x512.jpg 768w, https:\/\/judobelgium.be\/wp-content\/uploads\/2023\/06\/Agostini-1536x1024.jpg 1536w, https:\/\/judobelgium.be\/wp-content\/uploads\/2023\/06\/Agostini-2048x1366.jpg 2048w, https:\/\/judobelgium.be\/wp-content\/uploads\/2023\/06\/Agostini-18x12.jpg 18w\" sizes=\"(max-width: 1024px) 100vw, 1024px\" \/><figcaption class=\"wp-element-caption\">Ermanno Agostini (Silver)<\/figcaption><\/figure>\n\n\n\n<figure class=\"wp-block-image size-large\"><img loading=\"lazy\" decoding=\"async\" width=\"1024\" height=\"852\" data-id=\"2247\" src=\"https:\/\/judobelgium.be\/wp-content\/uploads\/2023\/06\/Demiddele-1024x852.jpg\" alt=\"\" class=\"wp-image-2247\" srcset=\"https:\/\/judobelgium.be\/wp-content\/uploads\/2023\/06\/Demiddele-1024x852.jpg 1024w, https:\/\/judobelgium.be\/wp-content\/uploads\/2023\/06\/Demiddele-500x416.jpg 500w, https:\/\/judobelgium.be\/wp-content\/uploads\/2023\/06\/Demiddele-768x639.jpg 768w, https:\/\/judobelgium.be\/wp-content\/uploads\/2023\/06\/Demiddele-1536x1279.jpg 1536w, https:\/\/judobelgium.be\/wp-content\/uploads\/2023\/06\/Demiddele-2048x1705.jpg 2048w, https:\/\/judobelgium.be\/wp-content\/uploads\/2023\/06\/Demiddele-14x12.jpg 14w\" sizes=\"(max-width: 1024px) 100vw, 1024px\" \/><figcaption class=\"wp-element-caption\">Mike Demiddele (Bronze)<\/figcaption><\/figure>\n\n\n\n<figure class=\"wp-block-image size-large\"><img loading=\"lazy\" decoding=\"async\" width=\"1024\" height=\"806\" data-id=\"2246\" src=\"https:\/\/judobelgium.be\/wp-content\/uploads\/2023\/06\/Hanci-1-1024x806.jpg\" alt=\"\" class=\"wp-image-2246\" srcset=\"https:\/\/judobelgium.be\/wp-content\/uploads\/2023\/06\/Hanci-1-1024x806.jpg 1024w, https:\/\/judobelgium.be\/wp-content\/uploads\/2023\/06\/Hanci-1-500x394.jpg 500w, https:\/\/judobelgium.be\/wp-content\/uploads\/2023\/06\/Hanci-1-768x605.jpg 768w, https:\/\/judobelgium.be\/wp-content\/uploads\/2023\/06\/Hanci-1-1536x1210.jpg 1536w, https:\/\/judobelgium.be\/wp-content\/uploads\/2023\/06\/Hanci-1-2048x1613.jpg 2048w, https:\/\/judobelgium.be\/wp-content\/uploads\/2023\/06\/Hanci-1-15x12.jpg 15w\" sizes=\"(max-width: 1024px) 100vw, 1024px\" \/><figcaption class=\"wp-element-caption\">Osman HANCI (Gold)<\/figcaption><\/figure>\n<\/figure>","protected":false},"excerpt":{"rendered":"<p>PODCETRTEK \u2013 Van 8 t.e.m. 11 juni jl. vond in het Sloveense Podcetrtek het Europese Kampioenschap voor Veteranen plaats. 658 judoka\u2019s (563 mannen &amp; 95 vrouwen) afkomstig uit 37 landen namen deel aan dit EK. Twintig judoka\u2019s (15 mannen &amp; 5 vrouwen) verdedigden er de Belgische driekleur. Belgi\u00eb eindigde op de 13de plaats in de [&hellip;]<\/p>\n","protected":false},"author":4,"featured_media":2243,"comment_status":"closed","ping_status":"closed","sticky":false,"template":"","format":"standard","meta":{"_seopress_robots_primary_cat":"","_seopress_titles_title":"","_seopress_titles_desc":"","_seopress_robots_index":"","footnotes":""},"categories":[5],"tags":[148,185,186,58,183],"class_list":["post-2235","post","type-post","status-publish","format-standard","has-post-thumbnail","hentry","category-judo-internationaal","tag-148","tag-cm-veterans-2","tag-ec-veterans","tag-eju","tag-ek-veteranen-2023"],"_links":{"self":[{"href":"https:\/\/judobelgium.be\/fr\/wp-json\/wp\/v2\/posts\/2235","targetHints":{"allow":["GET"]}}],"collection":[{"href":"https:\/\/judobelgium.be\/fr\/wp-json\/wp\/v2\/posts"}],"about":[{"href":"https:\/\/judobelgium.be\/fr\/wp-json\/wp\/v2\/types\/post"}],"author":[{"embeddable":true,"href":"https:\/\/judobelgium.be\/fr\/wp-json\/wp\/v2\/users\/4"}],"replies":[{"embeddable":true,"href":"https:\/\/judobelgium.be\/fr\/wp-json\/wp\/v2\/comments?post=2235"}],"version-history":[{"count":2,"href":"https:\/\/judobelgium.be\/fr\/wp-json\/wp\/v2\/posts\/2235\/revisions"}],"predecessor-version":[{"id":2250,"href":"https:\/\/judobelgium.be\/fr\/wp-json\/wp\/v2\/posts\/2235\/revisions\/2250"}],"wp:featuredmedia":[{"embeddable":true,"href":"https:\/\/judobelgium.be\/fr\/wp-json\/wp\/v2\/media\/2243"}],"wp:attachment":[{"href":"https:\/\/judobelgium.be\/fr\/wp-json\/wp\/v2\/media?parent=2235"}],"wp:term":[{"taxonomy":"category","embeddable":true,"href":"https:\/\/judobelgium.be\/fr\/wp-json\/wp\/v2\/categories?post=2235"},{"taxonomy":"post_tag","embeddable":true,"href":"https:\/\/judobelgium.be\/fr\/wp-json\/wp\/v2\/tags?post=2235"}],"curies":[{"name":"wp","href":"https:\/\/api.w.org\/{rel}","templated":true}]}}