{"id":2316,"date":"2023-07-31T14:28:40","date_gmt":"2023-07-31T12:28:40","guid":{"rendered":"https:\/\/judobelgium.be\/?p=2316"},"modified":"2023-07-31T14:31:29","modified_gmt":"2023-07-31T12:31:29","slug":"ejof-2023-zilver-voor-askhab-isayev-brons-voor-lena-antoine","status":"publish","type":"post","link":"https:\/\/judobelgium.be\/fr\/judo-internationaal\/ejof-2023-zilver-voor-askhab-isayev-brons-voor-lena-antoine\/","title":{"rendered":"FOJE 2023 : argent pour Askhab Isayev, bronze pour L\u00e9na Antoine"},"content":{"rendered":"<p class=\"translation-block\">MARIBOR - Sept judokas belges faisaient partie de la d\u00e9l\u00e9gation de 62 membres du COIB repr\u00e9sentant 10 sports pour la 17\u00e8me \u00e9dition estivale du Festival Olympique de la Jeunesse Europ\u00e9enne qui s'est d\u00e9roul\u00e9e du 23 au 29 juillet \u00e0 Maribor en Slov\u00e9nie. L'argent et le bronze pour Askhab ISAYEV et L\u00e9na ANTOINE, respectivement. Septi\u00e8me place \u00e9galement pour Amsar DZHAMALDINOV et Camille STERNON. Nous passons en revue leurs combats ci-dessous.<\/p>\n\n\n\n<figure class=\"wp-block-gallery has-nested-images columns-default is-cropped wp-block-gallery-1 is-layout-flex wp-block-gallery-is-layout-flex\">\n<figure class=\"wp-block-image size-large\"><img fetchpriority=\"high\" decoding=\"async\" width=\"1024\" height=\"683\" data-id=\"2318\" src=\"https:\/\/judobelgium.be\/wp-content\/uploads\/2023\/07\/Gabi-Juan-European-Youth-Olympic-Festival-2023-2023-278554-1024x683.jpg\" alt=\"\" class=\"wp-image-2318\" srcset=\"https:\/\/judobelgium.be\/wp-content\/uploads\/2023\/07\/Gabi-Juan-European-Youth-Olympic-Festival-2023-2023-278554-1024x683.jpg 1024w, https:\/\/judobelgium.be\/wp-content\/uploads\/2023\/07\/Gabi-Juan-European-Youth-Olympic-Festival-2023-2023-278554-500x333.jpg 500w, https:\/\/judobelgium.be\/wp-content\/uploads\/2023\/07\/Gabi-Juan-European-Youth-Olympic-Festival-2023-2023-278554-768x512.jpg 768w, https:\/\/judobelgium.be\/wp-content\/uploads\/2023\/07\/Gabi-Juan-European-Youth-Olympic-Festival-2023-2023-278554-1536x1024.jpg 1536w, https:\/\/judobelgium.be\/wp-content\/uploads\/2023\/07\/Gabi-Juan-European-Youth-Olympic-Festival-2023-2023-278554-2048x1366.jpg 2048w, https:\/\/judobelgium.be\/wp-content\/uploads\/2023\/07\/Gabi-Juan-European-Youth-Olympic-Festival-2023-2023-278554-18x12.jpg 18w\" sizes=\"(max-width: 1024px) 100vw, 1024px\" \/><figcaption class=\"wp-element-caption\">Askhab ISAYEV<\/figcaption><\/figure>\n\n\n\n<figure class=\"wp-block-image size-large\"><img decoding=\"async\" width=\"1024\" height=\"683\" data-id=\"2320\" src=\"https:\/\/judobelgium.be\/wp-content\/uploads\/2023\/07\/Gabi-Juan-European-Youth-Olympic-Festival-2023-2023-278555-1024x683.jpg\" alt=\"\" class=\"wp-image-2320\" srcset=\"https:\/\/judobelgium.be\/wp-content\/uploads\/2023\/07\/Gabi-Juan-European-Youth-Olympic-Festival-2023-2023-278555-1024x683.jpg 1024w, https:\/\/judobelgium.be\/wp-content\/uploads\/2023\/07\/Gabi-Juan-European-Youth-Olympic-Festival-2023-2023-278555-500x333.jpg 500w, https:\/\/judobelgium.be\/wp-content\/uploads\/2023\/07\/Gabi-Juan-European-Youth-Olympic-Festival-2023-2023-278555-768x512.jpg 768w, https:\/\/judobelgium.be\/wp-content\/uploads\/2023\/07\/Gabi-Juan-European-Youth-Olympic-Festival-2023-2023-278555-1536x1024.jpg 1536w, https:\/\/judobelgium.be\/wp-content\/uploads\/2023\/07\/Gabi-Juan-European-Youth-Olympic-Festival-2023-2023-278555-2048x1366.jpg 2048w, https:\/\/judobelgium.be\/wp-content\/uploads\/2023\/07\/Gabi-Juan-European-Youth-Olympic-Festival-2023-2023-278555-18x12.jpg 18w\" sizes=\"(max-width: 1024px) 100vw, 1024px\" \/><figcaption class=\"wp-element-caption\">Askhab ISAYEV<\/figcaption><\/figure>\n\n\n\n<figure class=\"wp-block-image size-large\"><img decoding=\"async\" width=\"1024\" height=\"683\" data-id=\"2319\" src=\"https:\/\/judobelgium.be\/wp-content\/uploads\/2023\/07\/Gabi-Juan-European-Youth-Olympic-Festival-2023-2023-278618-1024x683.jpg\" alt=\"\" class=\"wp-image-2319\" srcset=\"https:\/\/judobelgium.be\/wp-content\/uploads\/2023\/07\/Gabi-Juan-European-Youth-Olympic-Festival-2023-2023-278618-1024x683.jpg 1024w, https:\/\/judobelgium.be\/wp-content\/uploads\/2023\/07\/Gabi-Juan-European-Youth-Olympic-Festival-2023-2023-278618-500x333.jpg 500w, https:\/\/judobelgium.be\/wp-content\/uploads\/2023\/07\/Gabi-Juan-European-Youth-Olympic-Festival-2023-2023-278618-768x512.jpg 768w, https:\/\/judobelgium.be\/wp-content\/uploads\/2023\/07\/Gabi-Juan-European-Youth-Olympic-Festival-2023-2023-278618-1536x1024.jpg 1536w, https:\/\/judobelgium.be\/wp-content\/uploads\/2023\/07\/Gabi-Juan-European-Youth-Olympic-Festival-2023-2023-278618-2048x1366.jpg 2048w, https:\/\/judobelgium.be\/wp-content\/uploads\/2023\/07\/Gabi-Juan-European-Youth-Olympic-Festival-2023-2023-278618-18x12.jpg 18w\" sizes=\"(max-width: 1024px) 100vw, 1024px\" \/><figcaption class=\"wp-element-caption\">Askhab ISAYEV<\/figcaption><\/figure>\n\n\n\n<figure class=\"wp-block-image size-large\"><img loading=\"lazy\" decoding=\"async\" width=\"1024\" height=\"683\" data-id=\"2322\" src=\"https:\/\/judobelgium.be\/wp-content\/uploads\/2023\/07\/Gabi-Juan-European-Youth-Olympic-Festival-2023-2023-278627-1024x683.jpg\" alt=\"\" class=\"wp-image-2322\" srcset=\"https:\/\/judobelgium.be\/wp-content\/uploads\/2023\/07\/Gabi-Juan-European-Youth-Olympic-Festival-2023-2023-278627-1024x683.jpg 1024w, https:\/\/judobelgium.be\/wp-content\/uploads\/2023\/07\/Gabi-Juan-European-Youth-Olympic-Festival-2023-2023-278627-500x333.jpg 500w, https:\/\/judobelgium.be\/wp-content\/uploads\/2023\/07\/Gabi-Juan-European-Youth-Olympic-Festival-2023-2023-278627-768x512.jpg 768w, https:\/\/judobelgium.be\/wp-content\/uploads\/2023\/07\/Gabi-Juan-European-Youth-Olympic-Festival-2023-2023-278627-1536x1024.jpg 1536w, https:\/\/judobelgium.be\/wp-content\/uploads\/2023\/07\/Gabi-Juan-European-Youth-Olympic-Festival-2023-2023-278627-2048x1366.jpg 2048w, https:\/\/judobelgium.be\/wp-content\/uploads\/2023\/07\/Gabi-Juan-European-Youth-Olympic-Festival-2023-2023-278627-18x12.jpg 18w\" sizes=\"(max-width: 1024px) 100vw, 1024px\" \/><figcaption class=\"wp-element-caption\">L\u00e9na ANTOINE<\/figcaption><\/figure>\n\n\n\n<figure class=\"wp-block-image size-large\"><img loading=\"lazy\" decoding=\"async\" width=\"1024\" height=\"683\" data-id=\"2321\" src=\"https:\/\/judobelgium.be\/wp-content\/uploads\/2023\/07\/Gabi-Juan-European-Youth-Olympic-Festival-2023-2023-278628-1024x683.jpg\" alt=\"\" class=\"wp-image-2321\" srcset=\"https:\/\/judobelgium.be\/wp-content\/uploads\/2023\/07\/Gabi-Juan-European-Youth-Olympic-Festival-2023-2023-278628-1024x683.jpg 1024w, https:\/\/judobelgium.be\/wp-content\/uploads\/2023\/07\/Gabi-Juan-European-Youth-Olympic-Festival-2023-2023-278628-500x333.jpg 500w, https:\/\/judobelgium.be\/wp-content\/uploads\/2023\/07\/Gabi-Juan-European-Youth-Olympic-Festival-2023-2023-278628-768x512.jpg 768w, https:\/\/judobelgium.be\/wp-content\/uploads\/2023\/07\/Gabi-Juan-European-Youth-Olympic-Festival-2023-2023-278628-1536x1024.jpg 1536w, https:\/\/judobelgium.be\/wp-content\/uploads\/2023\/07\/Gabi-Juan-European-Youth-Olympic-Festival-2023-2023-278628-2048x1366.jpg 2048w, https:\/\/judobelgium.be\/wp-content\/uploads\/2023\/07\/Gabi-Juan-European-Youth-Olympic-Festival-2023-2023-278628-18x12.jpg 18w\" sizes=\"(max-width: 1024px) 100vw, 1024px\" \/><figcaption class=\"wp-element-caption\">L\u00e9na ANTOINE<\/figcaption><\/figure>\n\n\n\n<figure class=\"wp-block-image size-large\"><img loading=\"lazy\" decoding=\"async\" width=\"1024\" height=\"683\" data-id=\"2323\" src=\"https:\/\/judobelgium.be\/wp-content\/uploads\/2023\/07\/Gabi-Juan-European-Youth-Olympic-Festival-2023-2023-278629-1024x683.jpg\" alt=\"\" class=\"wp-image-2323\" srcset=\"https:\/\/judobelgium.be\/wp-content\/uploads\/2023\/07\/Gabi-Juan-European-Youth-Olympic-Festival-2023-2023-278629-1024x683.jpg 1024w, https:\/\/judobelgium.be\/wp-content\/uploads\/2023\/07\/Gabi-Juan-European-Youth-Olympic-Festival-2023-2023-278629-500x333.jpg 500w, https:\/\/judobelgium.be\/wp-content\/uploads\/2023\/07\/Gabi-Juan-European-Youth-Olympic-Festival-2023-2023-278629-768x512.jpg 768w, https:\/\/judobelgium.be\/wp-content\/uploads\/2023\/07\/Gabi-Juan-European-Youth-Olympic-Festival-2023-2023-278629-1536x1024.jpg 1536w, https:\/\/judobelgium.be\/wp-content\/uploads\/2023\/07\/Gabi-Juan-European-Youth-Olympic-Festival-2023-2023-278629-2048x1366.jpg 2048w, https:\/\/judobelgium.be\/wp-content\/uploads\/2023\/07\/Gabi-Juan-European-Youth-Olympic-Festival-2023-2023-278629-18x12.jpg 18w\" sizes=\"(max-width: 1024px) 100vw, 1024px\" \/><figcaption class=\"wp-element-caption\">L\u00e9na ANTOINE<\/figcaption><\/figure>\n\n\n\n<figure class=\"wp-block-image size-large\"><img loading=\"lazy\" decoding=\"async\" width=\"1024\" height=\"683\" data-id=\"2324\" src=\"https:\/\/judobelgium.be\/wp-content\/uploads\/2023\/07\/Gabi-Juan-European-Youth-Olympic-Festival-2023-2023-278646-1024x683.jpg\" alt=\"\" class=\"wp-image-2324\" srcset=\"https:\/\/judobelgium.be\/wp-content\/uploads\/2023\/07\/Gabi-Juan-European-Youth-Olympic-Festival-2023-2023-278646-1024x683.jpg 1024w, https:\/\/judobelgium.be\/wp-content\/uploads\/2023\/07\/Gabi-Juan-European-Youth-Olympic-Festival-2023-2023-278646-500x333.jpg 500w, https:\/\/judobelgium.be\/wp-content\/uploads\/2023\/07\/Gabi-Juan-European-Youth-Olympic-Festival-2023-2023-278646-768x512.jpg 768w, https:\/\/judobelgium.be\/wp-content\/uploads\/2023\/07\/Gabi-Juan-European-Youth-Olympic-Festival-2023-2023-278646-1536x1024.jpg 1536w, https:\/\/judobelgium.be\/wp-content\/uploads\/2023\/07\/Gabi-Juan-European-Youth-Olympic-Festival-2023-2023-278646-2048x1366.jpg 2048w, https:\/\/judobelgium.be\/wp-content\/uploads\/2023\/07\/Gabi-Juan-European-Youth-Olympic-Festival-2023-2023-278646-18x12.jpg 18w\" sizes=\"(max-width: 1024px) 100vw, 1024px\" \/><figcaption class=\"wp-element-caption\">Askhab ISAYEV<\/figcaption><\/figure>\n\n\n\n<figure class=\"wp-block-image size-large\"><img loading=\"lazy\" decoding=\"async\" width=\"1024\" height=\"683\" data-id=\"2325\" src=\"https:\/\/judobelgium.be\/wp-content\/uploads\/2023\/07\/Gabi-Juan-European-Youth-Olympic-Festival-2023-2023-278673-1024x683.jpg\" alt=\"\" class=\"wp-image-2325\" srcset=\"https:\/\/judobelgium.be\/wp-content\/uploads\/2023\/07\/Gabi-Juan-European-Youth-Olympic-Festival-2023-2023-278673-1024x683.jpg 1024w, https:\/\/judobelgium.be\/wp-content\/uploads\/2023\/07\/Gabi-Juan-European-Youth-Olympic-Festival-2023-2023-278673-500x333.jpg 500w, https:\/\/judobelgium.be\/wp-content\/uploads\/2023\/07\/Gabi-Juan-European-Youth-Olympic-Festival-2023-2023-278673-768x512.jpg 768w, https:\/\/judobelgium.be\/wp-content\/uploads\/2023\/07\/Gabi-Juan-European-Youth-Olympic-Festival-2023-2023-278673-1536x1024.jpg 1536w, https:\/\/judobelgium.be\/wp-content\/uploads\/2023\/07\/Gabi-Juan-European-Youth-Olympic-Festival-2023-2023-278673-2048x1366.jpg 2048w, https:\/\/judobelgium.be\/wp-content\/uploads\/2023\/07\/Gabi-Juan-European-Youth-Olympic-Festival-2023-2023-278673-18x12.jpg 18w\" sizes=\"(max-width: 1024px) 100vw, 1024px\" \/><figcaption class=\"wp-element-caption\">L\u00e9na ANTOINE<\/figcaption><\/figure>\n<\/figure>\n\n\n\n<h2 class=\"wp-block-heading\">L\u00e9na ANTOINE (-44kg\/JC Saive\/JWB) &#8211; BRONZE<\/h2>\n\n\n\n<p>Round 1: Bye<br>Quarter Final: Victory vs. Maryam Bayramzade (AZE)<br>Semi-Final: Defeat vs. Marta Beorlegui Oses (ESP)<br>Repechage Bronze: Victory vs. Maud Rikmanspoel (NED)<\/p>\n\n\n\n<h2 class=\"wp-block-heading\">Camille STERNON (-57kg\/\u202fJC Andrimont\/JWB) &#8211; 7th place<\/h2>\n\n\n\n<p>Round 1: Victory vs. Chloe Link (GBR)<br>Round 2: Defeat vs. Maria Silveira (POR)<br>Repechage 2: Victory vs. Meloe Chomat (FRA)<br>Repechage 1: Defeat vs. Hili Zakroisky (ISR)<\/p>\n\n\n\n<h2 class=\"wp-block-heading\">Marielle BOUVIER (-70kg\/JC Sambreville\/JWB)\u202f<\/h2>\n\n\n\n<p>Round 1: Defeated vs. Lizi Kvartskhava (GEO)<\/p>\n\n\n\n<h2 class=\"wp-block-heading\">Askhab ISAYEV (-50kg\/JC Samurai Eindhout\/JV) &#8211; SILVER<\/h2>\n\n\n\n<p>Round 1: Bye<br>Quarter Final: Victory vs. Francesco Crociani (ITA)<br>Semi-Final: Victory vs. Bence Galo (HUN)<br>Final: Defeat vs. Shota Bachoshvili (GEO)<\/p>\n\n\n\n<h2 class=\"wp-block-heading\">Amsar DZHAMALDINOV (60kg\/JC Gishi Jambes\/JWB) \u2013 7th Place<\/h2>\n\n\n\n<p>Round 1: Victory vs. Thomas Palillo (ITA)<br>Round 2: Victory vs. Ross McWatt (GBR)<br>Quarter Final: Defeat vs. Sebestyen Kollar (HUN)<br>Repechage 2: Victory vs. Georgi Damyanov (BUL)<br>Repechage1: Defeat vs. Mahammad Musayev (AZE)<\/p>\n\n\n\n<h2 class=\"wp-block-heading\">Alhamzah HASSOUN (-73kg\/JC Gruitrode\/JV)<\/h2>\n\n\n\n<p>Round 1: Defeat vs. Arel Koczinski (ISR)<\/p>\n\n\n\n<h2 class=\"wp-block-heading\">Kenzo CREMERS (-81kg\/JC Gruitrode\/JV)<\/h2>\n\n\n\n<p>Round 1: Victory vs. Aleksi Hukkanen (FIN)<br>Round 2: Victory vs. David Gnafoua (FRA)<br>Quarter-Final: Defeat vs. Emir Selim Ari (TUR)<br>Repechage 2: Defeat vs. Fabian Iorga (ROU)<\/p>\n\n\n\n<h2 class=\"wp-block-heading\">Coaches<\/h2>\n\n\n\n<p>Franklin Pereira Reyes<br>Adrien Quertinmont<\/p>\n\n\n\n<h2 class=\"wp-block-heading\">Team Officials<\/h2>\n\n\n\n<p>Koen Sleeckx<br>Tijl Lindekens<\/p>","protected":false},"excerpt":{"rendered":"<p>MARIBOR \u2013\u00a0Zeven Belgische judoka\u2019s maakten deel uit van de 62-koppige delegatie uit 10 sporten van het BOIC voor de zeventiende zomereditie van Het Europees Jeugd Olympisch Festival dat plaatsvond van 23 tot 29 juli in Maribor, Sloveni\u00eb. Zilver en brons voor resp. Askhab ISAYEV en L\u00e9na ANTOINE. Tevens een zevende plaats voor Amsar DZHAMALDINOV en [&hellip;]<\/p>\n","protected":false},"author":4,"featured_media":2317,"comment_status":"closed","ping_status":"closed","sticky":false,"template":"","format":"standard","meta":{"_seopress_robots_primary_cat":"","_seopress_titles_title":"","_seopress_titles_desc":"","_seopress_robots_index":"","footnotes":""},"categories":[5],"tags":[198,203],"class_list":["post-2316","post","type-post","status-publish","format-standard","has-post-thumbnail","hentry","category-judo-internationaal","tag-eyof-2023","tag-maribor"],"_links":{"self":[{"href":"https:\/\/judobelgium.be\/fr\/wp-json\/wp\/v2\/posts\/2316","targetHints":{"allow":["GET"]}}],"collection":[{"href":"https:\/\/judobelgium.be\/fr\/wp-json\/wp\/v2\/posts"}],"about":[{"href":"https:\/\/judobelgium.be\/fr\/wp-json\/wp\/v2\/types\/post"}],"author":[{"embeddable":true,"href":"https:\/\/judobelgium.be\/fr\/wp-json\/wp\/v2\/users\/4"}],"replies":[{"embeddable":true,"href":"https:\/\/judobelgium.be\/fr\/wp-json\/wp\/v2\/comments?post=2316"}],"version-history":[{"count":1,"href":"https:\/\/judobelgium.be\/fr\/wp-json\/wp\/v2\/posts\/2316\/revisions"}],"predecessor-version":[{"id":2326,"href":"https:\/\/judobelgium.be\/fr\/wp-json\/wp\/v2\/posts\/2316\/revisions\/2326"}],"wp:featuredmedia":[{"embeddable":true,"href":"https:\/\/judobelgium.be\/fr\/wp-json\/wp\/v2\/media\/2317"}],"wp:attachment":[{"href":"https:\/\/judobelgium.be\/fr\/wp-json\/wp\/v2\/media?parent=2316"}],"wp:term":[{"taxonomy":"category","embeddable":true,"href":"https:\/\/judobelgium.be\/fr\/wp-json\/wp\/v2\/categories?post=2316"},{"taxonomy":"post_tag","embeddable":true,"href":"https:\/\/judobelgium.be\/fr\/wp-json\/wp\/v2\/tags?post=2316"}],"curies":[{"name":"wp","href":"https:\/\/api.w.org\/{rel}","templated":true}]}}