{"id":2387,"date":"2023-09-04T10:35:53","date_gmt":"2023-09-04T08:35:53","guid":{"rendered":"https:\/\/judobelgium.be\/?p=2387"},"modified":"2023-09-04T10:35:54","modified_gmt":"2023-09-04T08:35:54","slug":"negen-judokas-naar-ek-jun-2023-in-den-haag","status":"publish","type":"post","link":"https:\/\/judobelgium.be\/fr\/judo-internationaal\/negen-judokas-naar-ek-jun-2023-in-den-haag\/","title":{"rendered":"Neuf judokas au CE JUN 2023 \u00e0 La Haye"},"content":{"rendered":"<p>Du 7 au 10 septembre, les championnats d'Europe juniors de judo se d\u00e9rouleront dans la ville n\u00e9erlandaise de La Haye. La s\u00e9lection belge se compose de neuf judokas. En voici un aper\u00e7u.<\/p>\n\n\n\n<figure class=\"wp-block-image size-large\"><img fetchpriority=\"high\" decoding=\"async\" width=\"1024\" height=\"437\" src=\"https:\/\/judobelgium.be\/wp-content\/uploads\/2023\/08\/logo_EK_JUN_Den_Hague_2023-1024x437.png\" alt=\"\" class=\"wp-image-2370\" srcset=\"https:\/\/judobelgium.be\/wp-content\/uploads\/2023\/08\/logo_EK_JUN_Den_Hague_2023-1024x437.png 1024w, https:\/\/judobelgium.be\/wp-content\/uploads\/2023\/08\/logo_EK_JUN_Den_Hague_2023-500x213.png 500w, https:\/\/judobelgium.be\/wp-content\/uploads\/2023\/08\/logo_EK_JUN_Den_Hague_2023-768x328.png 768w, https:\/\/judobelgium.be\/wp-content\/uploads\/2023\/08\/logo_EK_JUN_Den_Hague_2023-1536x655.png 1536w, https:\/\/judobelgium.be\/wp-content\/uploads\/2023\/08\/logo_EK_JUN_Den_Hague_2023-2048x874.png 2048w, https:\/\/judobelgium.be\/wp-content\/uploads\/2023\/08\/logo_EK_JUN_Den_Hague_2023-18x8.png 18w\" sizes=\"(max-width: 1024px) 100vw, 1024px\" \/><\/figure>\n\n\n\n<h2 class=\"wp-block-heading\">Femmes<\/h2>\n\n\n\n<p>Victoria Sibille (-48kg\/ RIGW\/JWB) &#8211; Match Day 07\/09<br>Luna Verfaillie (-57kg\/JS Asahi\/JV) &#8211; Match Day 07\/09<br>Gabrielle Bouvier (+78kg\/JC Sambreville\/JWB) &#8211; Match Day 09\/09<\/p>\n\n\n\n<h2 class=\"wp-block-heading\">Hommes<\/h2>\n\n\n\n<p>Emile Merdin (-60kg\/JC Kawaishi Ingelmunster\/JV) &#8211; Match Day 07\/09<br>Olivier Naert (-60kg\/JC Yama Arashi Bavikhove\/JV) &#8211; Match Day 07\/09<br>Xander Simoens (-66kg\/JC Herzele\/JV) &#8211; Match Day 07\/09<br>Mouhammad Gazaloev (-73kg\/JC Bastogne\/JWB) &#8211; Match Day 08\/09<br>Remi Decorte (-81kg\/JC Jokohazam\/JV) &#8211; Match Day 08\/09<br>Noah Christiaens (-81kg\/JC Jitsu-Kwai Hamme\/JV) &#8211; Match Day 08\/09<\/p>\n\n\n\n<p>L'arbitre international Val Van Neste a \u00e9t\u00e9 d\u00e9sign\u00e9 par l'UEJ pour diriger les combats.<\/p>","protected":false},"excerpt":{"rendered":"<p>Van 7 tot en met 10 september vindt in het Nederlandse Den Haag het Europese kampioenschap judo voor junioren plaats. De Belgische selectie bestaat uit negen judoka\u2019s. Hierna volgt een overzicht. Dames Victoria Sibille (-48kg\/ RIGW\/JWB) &#8211; Match Day 07\/09Luna Verfaillie (-57kg\/JS Asahi\/JV) &#8211; Match Day 07\/09Gabrielle Bouvier (+78kg\/JC Sambreville\/JWB) &#8211; Match Day 09\/09 Heren [&hellip;]<\/p>\n","protected":false},"author":4,"featured_media":2370,"comment_status":"closed","ping_status":"closed","sticky":false,"template":"","format":"standard","meta":{"_seopress_robots_primary_cat":"","_seopress_titles_title":"","_seopress_titles_desc":"","_seopress_robots_index":"","footnotes":""},"categories":[5],"tags":[148,209,211,210,208],"class_list":["post-2387","post","type-post","status-publish","format-standard","has-post-thumbnail","hentry","category-judo-internationaal","tag-148","tag-ce-jun","tag-den-haag","tag-ec-jun","tag-ek-jun"],"_links":{"self":[{"href":"https:\/\/judobelgium.be\/fr\/wp-json\/wp\/v2\/posts\/2387","targetHints":{"allow":["GET"]}}],"collection":[{"href":"https:\/\/judobelgium.be\/fr\/wp-json\/wp\/v2\/posts"}],"about":[{"href":"https:\/\/judobelgium.be\/fr\/wp-json\/wp\/v2\/types\/post"}],"author":[{"embeddable":true,"href":"https:\/\/judobelgium.be\/fr\/wp-json\/wp\/v2\/users\/4"}],"replies":[{"embeddable":true,"href":"https:\/\/judobelgium.be\/fr\/wp-json\/wp\/v2\/comments?post=2387"}],"version-history":[{"count":3,"href":"https:\/\/judobelgium.be\/fr\/wp-json\/wp\/v2\/posts\/2387\/revisions"}],"predecessor-version":[{"id":2390,"href":"https:\/\/judobelgium.be\/fr\/wp-json\/wp\/v2\/posts\/2387\/revisions\/2390"}],"wp:featuredmedia":[{"embeddable":true,"href":"https:\/\/judobelgium.be\/fr\/wp-json\/wp\/v2\/media\/2370"}],"wp:attachment":[{"href":"https:\/\/judobelgium.be\/fr\/wp-json\/wp\/v2\/media?parent=2387"}],"wp:term":[{"taxonomy":"category","embeddable":true,"href":"https:\/\/judobelgium.be\/fr\/wp-json\/wp\/v2\/categories?post=2387"},{"taxonomy":"post_tag","embeddable":true,"href":"https:\/\/judobelgium.be\/fr\/wp-json\/wp\/v2\/tags?post=2387"}],"curies":[{"name":"wp","href":"https:\/\/api.w.org\/{rel}","templated":true}]}}