{"id":2391,"date":"2023-09-11T11:44:45","date_gmt":"2023-09-11T09:44:45","guid":{"rendered":"https:\/\/judobelgium.be\/?p=2391"},"modified":"2023-09-18T16:14:58","modified_gmt":"2023-09-18T14:14:58","slug":"ek-jun-2023-zilver-voor-bouvier-brons-voor-naert","status":"publish","type":"post","link":"https:\/\/judobelgium.be\/fr\/judo-internationaal\/ek-jun-2023-zilver-voor-bouvier-brons-voor-naert\/","title":{"rendered":"Championnats d'Europe JUN 2023 : argent pour Bouvier, bronze pour Naert"},"content":{"rendered":"<p>LA HAYE - Du 7 au 10 septembre, les championnats d'Europe juniors de judo se sont d\u00e9roul\u00e9s \u00e0 La Haye, aux Pays-Bas. La s\u00e9lection belge comptait neuf judokas. Gabrielle Bouvier (+78kg) et Olivier Naert (-60kg) ont respectivement d\u00e9croch\u00e9 l'argent et le bronze. Voici un aper\u00e7u des camps.<\/p>\n\n\n\n<figure class=\"wp-block-gallery has-nested-images columns-default is-cropped wp-block-gallery-1 is-layout-flex wp-block-gallery-is-layout-flex\">\n<figure class=\"wp-block-image size-large\"><img fetchpriority=\"high\" decoding=\"async\" width=\"1024\" height=\"734\" data-id=\"2395\" src=\"https:\/\/judobelgium.be\/wp-content\/uploads\/2023\/09\/Carlos-Ferreira-European-Judo-Championships-Juniors-The-Hague-2023-2023-284500-1024x734.jpg\" alt=\"\" class=\"wp-image-2395\" srcset=\"https:\/\/judobelgium.be\/wp-content\/uploads\/2023\/09\/Carlos-Ferreira-European-Judo-Championships-Juniors-The-Hague-2023-2023-284500-1024x734.jpg 1024w, https:\/\/judobelgium.be\/wp-content\/uploads\/2023\/09\/Carlos-Ferreira-European-Judo-Championships-Juniors-The-Hague-2023-2023-284500-500x358.jpg 500w, https:\/\/judobelgium.be\/wp-content\/uploads\/2023\/09\/Carlos-Ferreira-European-Judo-Championships-Juniors-The-Hague-2023-2023-284500-768x550.jpg 768w, https:\/\/judobelgium.be\/wp-content\/uploads\/2023\/09\/Carlos-Ferreira-European-Judo-Championships-Juniors-The-Hague-2023-2023-284500-1536x1100.jpg 1536w, https:\/\/judobelgium.be\/wp-content\/uploads\/2023\/09\/Carlos-Ferreira-European-Judo-Championships-Juniors-The-Hague-2023-2023-284500-2048x1467.jpg 2048w, https:\/\/judobelgium.be\/wp-content\/uploads\/2023\/09\/Carlos-Ferreira-European-Judo-Championships-Juniors-The-Hague-2023-2023-284500-18x12.jpg 18w\" sizes=\"(max-width: 1024px) 100vw, 1024px\" \/><figcaption class=\"wp-element-caption\">Gabrielle Bouvier (+78kg)<\/figcaption><\/figure>\n\n\n\n<figure class=\"wp-block-image size-large\"><img decoding=\"async\" width=\"1024\" height=\"681\" data-id=\"2396\" src=\"https:\/\/judobelgium.be\/wp-content\/uploads\/2023\/09\/Tino-Maric-European-Judo-Championships-Juniors-The-Hague-2023-2023-284640-1024x681.jpg\" alt=\"\" class=\"wp-image-2396\" srcset=\"https:\/\/judobelgium.be\/wp-content\/uploads\/2023\/09\/Tino-Maric-European-Judo-Championships-Juniors-The-Hague-2023-2023-284640-1024x681.jpg 1024w, https:\/\/judobelgium.be\/wp-content\/uploads\/2023\/09\/Tino-Maric-European-Judo-Championships-Juniors-The-Hague-2023-2023-284640-500x333.jpg 500w, https:\/\/judobelgium.be\/wp-content\/uploads\/2023\/09\/Tino-Maric-European-Judo-Championships-Juniors-The-Hague-2023-2023-284640-768x511.jpg 768w, https:\/\/judobelgium.be\/wp-content\/uploads\/2023\/09\/Tino-Maric-European-Judo-Championships-Juniors-The-Hague-2023-2023-284640-1536x1022.jpg 1536w, https:\/\/judobelgium.be\/wp-content\/uploads\/2023\/09\/Tino-Maric-European-Judo-Championships-Juniors-The-Hague-2023-2023-284640-2048x1362.jpg 2048w, https:\/\/judobelgium.be\/wp-content\/uploads\/2023\/09\/Tino-Maric-European-Judo-Championships-Juniors-The-Hague-2023-2023-284640-18x12.jpg 18w\" sizes=\"(max-width: 1024px) 100vw, 1024px\" \/><figcaption class=\"wp-element-caption\">Gabrielle Bouvier (+78kg)<\/figcaption><\/figure>\n\n\n\n<figure class=\"wp-block-image size-large\"><img decoding=\"async\" width=\"1024\" height=\"730\" data-id=\"2394\" src=\"https:\/\/judobelgium.be\/wp-content\/uploads\/2023\/09\/Carlos-Ferreira-European-Judo-Championships-Juniors-The-Hague-2023-2023-284512-1024x730.jpg\" alt=\"\" class=\"wp-image-2394\" srcset=\"https:\/\/judobelgium.be\/wp-content\/uploads\/2023\/09\/Carlos-Ferreira-European-Judo-Championships-Juniors-The-Hague-2023-2023-284512-1024x730.jpg 1024w, https:\/\/judobelgium.be\/wp-content\/uploads\/2023\/09\/Carlos-Ferreira-European-Judo-Championships-Juniors-The-Hague-2023-2023-284512-500x356.jpg 500w, https:\/\/judobelgium.be\/wp-content\/uploads\/2023\/09\/Carlos-Ferreira-European-Judo-Championships-Juniors-The-Hague-2023-2023-284512-768x547.jpg 768w, https:\/\/judobelgium.be\/wp-content\/uploads\/2023\/09\/Carlos-Ferreira-European-Judo-Championships-Juniors-The-Hague-2023-2023-284512-1536x1094.jpg 1536w, https:\/\/judobelgium.be\/wp-content\/uploads\/2023\/09\/Carlos-Ferreira-European-Judo-Championships-Juniors-The-Hague-2023-2023-284512-2048x1459.jpg 2048w, https:\/\/judobelgium.be\/wp-content\/uploads\/2023\/09\/Carlos-Ferreira-European-Judo-Championships-Juniors-The-Hague-2023-2023-284512-18x12.jpg 18w\" sizes=\"(max-width: 1024px) 100vw, 1024px\" \/><\/figure>\n\n\n\n<figure class=\"wp-block-image size-large\"><img loading=\"lazy\" decoding=\"async\" width=\"1024\" height=\"710\" data-id=\"2397\" src=\"https:\/\/judobelgium.be\/wp-content\/uploads\/2023\/09\/Carlos-Ferreira-European-Judo-Championships-Juniors-The-Hague-2023-2023-283703-1024x710.jpg\" alt=\"\" class=\"wp-image-2397\" srcset=\"https:\/\/judobelgium.be\/wp-content\/uploads\/2023\/09\/Carlos-Ferreira-European-Judo-Championships-Juniors-The-Hague-2023-2023-283703-1024x710.jpg 1024w, https:\/\/judobelgium.be\/wp-content\/uploads\/2023\/09\/Carlos-Ferreira-European-Judo-Championships-Juniors-The-Hague-2023-2023-283703-500x347.jpg 500w, https:\/\/judobelgium.be\/wp-content\/uploads\/2023\/09\/Carlos-Ferreira-European-Judo-Championships-Juniors-The-Hague-2023-2023-283703-768x533.jpg 768w, https:\/\/judobelgium.be\/wp-content\/uploads\/2023\/09\/Carlos-Ferreira-European-Judo-Championships-Juniors-The-Hague-2023-2023-283703-1536x1066.jpg 1536w, https:\/\/judobelgium.be\/wp-content\/uploads\/2023\/09\/Carlos-Ferreira-European-Judo-Championships-Juniors-The-Hague-2023-2023-283703-2048x1421.jpg 2048w, https:\/\/judobelgium.be\/wp-content\/uploads\/2023\/09\/Carlos-Ferreira-European-Judo-Championships-Juniors-The-Hague-2023-2023-283703-18x12.jpg 18w\" sizes=\"(max-width: 1024px) 100vw, 1024px\" \/><figcaption class=\"wp-element-caption\">Olivier Naert (-60kg)<\/figcaption><\/figure>\n\n\n\n<figure class=\"wp-block-image size-large\"><img loading=\"lazy\" decoding=\"async\" width=\"1024\" height=\"681\" data-id=\"2398\" src=\"https:\/\/judobelgium.be\/wp-content\/uploads\/2023\/09\/Tino-Maric-European-Judo-Championships-Juniors-The-Hague-2023-2023-283670-1024x681.jpg\" alt=\"\" class=\"wp-image-2398\" srcset=\"https:\/\/judobelgium.be\/wp-content\/uploads\/2023\/09\/Tino-Maric-European-Judo-Championships-Juniors-The-Hague-2023-2023-283670-1024x681.jpg 1024w, https:\/\/judobelgium.be\/wp-content\/uploads\/2023\/09\/Tino-Maric-European-Judo-Championships-Juniors-The-Hague-2023-2023-283670-500x333.jpg 500w, https:\/\/judobelgium.be\/wp-content\/uploads\/2023\/09\/Tino-Maric-European-Judo-Championships-Juniors-The-Hague-2023-2023-283670-768x511.jpg 768w, https:\/\/judobelgium.be\/wp-content\/uploads\/2023\/09\/Tino-Maric-European-Judo-Championships-Juniors-The-Hague-2023-2023-283670-1536x1022.jpg 1536w, https:\/\/judobelgium.be\/wp-content\/uploads\/2023\/09\/Tino-Maric-European-Judo-Championships-Juniors-The-Hague-2023-2023-283670-2048x1362.jpg 2048w, https:\/\/judobelgium.be\/wp-content\/uploads\/2023\/09\/Tino-Maric-European-Judo-Championships-Juniors-The-Hague-2023-2023-283670-18x12.jpg 18w\" sizes=\"(max-width: 1024px) 100vw, 1024px\" \/><figcaption class=\"wp-element-caption\">Olivier Naert (-60kg)<\/figcaption><\/figure>\n\n\n\n<figure class=\"wp-block-image size-large\"><img loading=\"lazy\" decoding=\"async\" width=\"1024\" height=\"656\" data-id=\"2399\" src=\"https:\/\/judobelgium.be\/wp-content\/uploads\/2023\/09\/Carlos-Ferreira-European-Judo-Championships-Juniors-The-Hague-2023-2023-283719-1024x656.jpg\" alt=\"\" class=\"wp-image-2399\" srcset=\"https:\/\/judobelgium.be\/wp-content\/uploads\/2023\/09\/Carlos-Ferreira-European-Judo-Championships-Juniors-The-Hague-2023-2023-283719-1024x656.jpg 1024w, https:\/\/judobelgium.be\/wp-content\/uploads\/2023\/09\/Carlos-Ferreira-European-Judo-Championships-Juniors-The-Hague-2023-2023-283719-500x320.jpg 500w, https:\/\/judobelgium.be\/wp-content\/uploads\/2023\/09\/Carlos-Ferreira-European-Judo-Championships-Juniors-The-Hague-2023-2023-283719-768x492.jpg 768w, https:\/\/judobelgium.be\/wp-content\/uploads\/2023\/09\/Carlos-Ferreira-European-Judo-Championships-Juniors-The-Hague-2023-2023-283719-1536x983.jpg 1536w, https:\/\/judobelgium.be\/wp-content\/uploads\/2023\/09\/Carlos-Ferreira-European-Judo-Championships-Juniors-The-Hague-2023-2023-283719-2048x1311.jpg 2048w, https:\/\/judobelgium.be\/wp-content\/uploads\/2023\/09\/Carlos-Ferreira-European-Judo-Championships-Juniors-The-Hague-2023-2023-283719-18x12.jpg 18w\" sizes=\"(max-width: 1024px) 100vw, 1024px\" \/><figcaption class=\"wp-element-caption\">Olivier Naert (-60kg)<\/figcaption><\/figure>\n\n\n\n<figure class=\"wp-block-image size-large\"><img loading=\"lazy\" decoding=\"async\" width=\"1024\" height=\"732\" data-id=\"2400\" src=\"https:\/\/judobelgium.be\/wp-content\/uploads\/2023\/09\/Carlos-Ferreira-European-Judo-Championships-Juniors-The-Hague-2023-2023-283997-1024x732.jpg\" alt=\"\" class=\"wp-image-2400\" srcset=\"https:\/\/judobelgium.be\/wp-content\/uploads\/2023\/09\/Carlos-Ferreira-European-Judo-Championships-Juniors-The-Hague-2023-2023-283997-1024x732.jpg 1024w, https:\/\/judobelgium.be\/wp-content\/uploads\/2023\/09\/Carlos-Ferreira-European-Judo-Championships-Juniors-The-Hague-2023-2023-283997-500x357.jpg 500w, https:\/\/judobelgium.be\/wp-content\/uploads\/2023\/09\/Carlos-Ferreira-European-Judo-Championships-Juniors-The-Hague-2023-2023-283997-768x549.jpg 768w, https:\/\/judobelgium.be\/wp-content\/uploads\/2023\/09\/Carlos-Ferreira-European-Judo-Championships-Juniors-The-Hague-2023-2023-283997-1536x1098.jpg 1536w, https:\/\/judobelgium.be\/wp-content\/uploads\/2023\/09\/Carlos-Ferreira-European-Judo-Championships-Juniors-The-Hague-2023-2023-283997-2048x1464.jpg 2048w, https:\/\/judobelgium.be\/wp-content\/uploads\/2023\/09\/Carlos-Ferreira-European-Judo-Championships-Juniors-The-Hague-2023-2023-283997-18x12.jpg 18w\" sizes=\"(max-width: 1024px) 100vw, 1024px\" \/><figcaption class=\"wp-element-caption\">Noah Christiaens (-81kg)<\/figcaption><\/figure>\n\n\n\n<figure class=\"wp-block-image size-large\"><img loading=\"lazy\" decoding=\"async\" width=\"1024\" height=\"681\" data-id=\"2401\" src=\"https:\/\/judobelgium.be\/wp-content\/uploads\/2023\/09\/Tino-Maric-European-Judo-Championships-Juniors-The-Hague-2023-2023-283511-1024x681.jpg\" alt=\"\" class=\"wp-image-2401\" srcset=\"https:\/\/judobelgium.be\/wp-content\/uploads\/2023\/09\/Tino-Maric-European-Judo-Championships-Juniors-The-Hague-2023-2023-283511-1024x681.jpg 1024w, https:\/\/judobelgium.be\/wp-content\/uploads\/2023\/09\/Tino-Maric-European-Judo-Championships-Juniors-The-Hague-2023-2023-283511-500x333.jpg 500w, https:\/\/judobelgium.be\/wp-content\/uploads\/2023\/09\/Tino-Maric-European-Judo-Championships-Juniors-The-Hague-2023-2023-283511-768x511.jpg 768w, https:\/\/judobelgium.be\/wp-content\/uploads\/2023\/09\/Tino-Maric-European-Judo-Championships-Juniors-The-Hague-2023-2023-283511-1536x1022.jpg 1536w, https:\/\/judobelgium.be\/wp-content\/uploads\/2023\/09\/Tino-Maric-European-Judo-Championships-Juniors-The-Hague-2023-2023-283511-2048x1362.jpg 2048w, https:\/\/judobelgium.be\/wp-content\/uploads\/2023\/09\/Tino-Maric-European-Judo-Championships-Juniors-The-Hague-2023-2023-283511-18x12.jpg 18w\" sizes=\"(max-width: 1024px) 100vw, 1024px\" \/><figcaption class=\"wp-element-caption\">Emile Merdin (-60kg)<\/figcaption><\/figure>\n\n\n\n<figure class=\"wp-block-image size-large\"><img loading=\"lazy\" decoding=\"async\" width=\"1024\" height=\"708\" data-id=\"2402\" src=\"https:\/\/judobelgium.be\/wp-content\/uploads\/2023\/09\/Carlos-Ferreira-European-Judo-Championships-Juniors-The-Hague-2023-2023-283491-1024x708.jpg\" alt=\"\" class=\"wp-image-2402\" srcset=\"https:\/\/judobelgium.be\/wp-content\/uploads\/2023\/09\/Carlos-Ferreira-European-Judo-Championships-Juniors-The-Hague-2023-2023-283491-1024x708.jpg 1024w, https:\/\/judobelgium.be\/wp-content\/uploads\/2023\/09\/Carlos-Ferreira-European-Judo-Championships-Juniors-The-Hague-2023-2023-283491-500x346.jpg 500w, https:\/\/judobelgium.be\/wp-content\/uploads\/2023\/09\/Carlos-Ferreira-European-Judo-Championships-Juniors-The-Hague-2023-2023-283491-768x531.jpg 768w, https:\/\/judobelgium.be\/wp-content\/uploads\/2023\/09\/Carlos-Ferreira-European-Judo-Championships-Juniors-The-Hague-2023-2023-283491-1536x1061.jpg 1536w, https:\/\/judobelgium.be\/wp-content\/uploads\/2023\/09\/Carlos-Ferreira-European-Judo-Championships-Juniors-The-Hague-2023-2023-283491-2048x1415.jpg 2048w, https:\/\/judobelgium.be\/wp-content\/uploads\/2023\/09\/Carlos-Ferreira-European-Judo-Championships-Juniors-The-Hague-2023-2023-283491-18x12.jpg 18w\" sizes=\"(max-width: 1024px) 100vw, 1024px\" \/><figcaption class=\"wp-element-caption\">Victoria Sibille (-48kg)<\/figcaption><\/figure>\n<\/figure>\n\n\n\n<h2 class=\"wp-block-heading\">Victoria Sibille (-48kg\/ RIGW\/JWB)<\/h2>\n\n\n\n<p><a href=\"https:\/\/judotv.com\/competitions\/eju_jun2023\/contests\/eju_jun2023_0008_f_0048_0008\" target=\"_blank\" rel=\"noreferrer noopener\">Round 1: Defeat vs. Vera Wandel (NED)<\/a><\/p>\n\n\n\n<h2 class=\"wp-block-heading\">Luna Verfaillie (-57kg\/JS Asahi\/JV)<\/h2>\n\n\n\n<p><a href=\"https:\/\/judotv.com\/competitions\/eju_jun2023\/contests\/eju_jun2023_0008_f_0057_0007\" target=\"_blank\" rel=\"noreferrer noopener\">Round 1: Victory vs. Helene Riegert (GER)<\/a><br><a href=\"https:\/\/judotv.com\/competitions\/eju_jun2023\/contests\/eju_jun2023_0008_f_0057_0020\">Round 2: Defeat vs. Kristina Nisavic (SRB)<\/a><\/p>\n\n\n\n<h2 class=\"wp-block-heading\">Gabrielle Bouvier (+78kg\/JC Sambreville\/JWB) &#8211; SILVER<\/h2>\n\n\n\n<p><a href=\"https:\/\/judotv.com\/competitions\/eju_jun2023\/contests\/eju_jun2023_0008_f_0p78_0004\">Round 1: Victory vs. Anastasija Bogdanovic (SRB)<\/a><br><a href=\"https:\/\/judotv.com\/competitions\/eju_jun2023\/contests\/eju_jun2023_0008_f_0p78_0010\">Quarterfinals: Victory vs. Nigar Suleymanova (AZE)<\/a><br><a href=\"https:\/\/judotv.com\/competitions\/eju_jun2023\/contests\/eju_jun2023_0008_f_0p78_0015\">Semi-finals: Victory vs. Ruglie Statsiulyte (LTU)<\/a><br><a href=\"https:\/\/judotv.com\/competitions\/eju_jun2023\/contests\/eju_jun2023_0008_f_0p78_0019\">Final: Defeat vs. Pauline Sweers (NED)<\/a><\/p>\n\n\n\n<h2 class=\"wp-block-heading\">Emile Merdin (-60kg\/JC Kawaishi Ingelmunster\/JV)<\/h2>\n\n\n\n<p><a href=\"https:\/\/judotv.com\/competitions\/eju_jun2023\/contests\/eju_jun2023_0007_m_0060_0005\">Round 1: Defeat vs. Kelvin Ray (FRA)<\/a><\/p>\n\n\n\n<h2 class=\"wp-block-heading\">Olivier Naert (-60kg\/JC Yama Arashi Bavikhove\/JV) \u2013 BRONZE<\/h2>\n\n\n\n<p><a href=\"https:\/\/judotv.com\/competitions\/eju_jun2023\/contests\/eju_jun2023_0007_m_0060_0012\">Round 1: Victory vs. Ori Gal Shai (ISR)<\/a><br><a href=\"https:\/\/judotv.com\/competitions\/eju_jun2023\/contests\/eju_jun2023_0007_m_0060_0022\">Round 2: Victory vs. Simone Aversa (ITA)<\/a><br><a href=\"https:\/\/judotv.com\/competitions\/eju_jun2023\/contests\/eju_jun2023_0007_m_0060_0027\">Quarterfinals: Victory vs. Toma Gelashvili (GEO)<\/a><br><a href=\"https:\/\/judotv.com\/competitions\/eju_jun2023\/contests\/eju_jun2023_0007_m_0060_0032\">Semi-finals: Defeat vs. Nizami Imranov (AZE)<\/a><br><a href=\"https:\/\/judotv.com\/competitions\/eju_jun2023\/contests\/eju_jun2023_0007_m_0060_0033\">Bronze: Victory vs. Marcus Auer (AUT)<\/a><\/p>\n\n\n\n<h2 class=\"wp-block-heading\">Xander Simoens (-66kg\/JC Herzele\/JV)<\/h2>\n\n\n\n<p><a href=\"https:\/\/judotv.com\/competitions\/eju_jun2023\/contests\/eju_jun2023_0007_m_0066_0007\">Round 1: Defeat vs. Aron Gabor (HUN)<\/a><\/p>\n\n\n\n<h2 class=\"wp-block-heading\">Mouhammad Gazaloev (-73kg\/JC Bastogne\/JWB)<\/h2>\n\n\n\n<p><a href=\"https:\/\/judotv.com\/competitions\/eju_jun2023\/contests\/eju_jun2023_0007_m_0073_0027\">Round 1: Victory vs. Artak Torosyan (ARM)<\/a><br><a href=\"https:\/\/judotv.com\/competitions\/eju_jun2023\/contests\/eju_jun2023_0007_m_0073_0046\">Round 2: Victory vs. Eliot Preve (FRA)<\/a><br><a href=\"https:\/\/judotv.com\/competitions\/eju_jun2023\/contests\/eju_jun2023_0007_m_0073_0055\">Round 3: Defeats vs. Giorgi Terashvili (GEO)<\/a><\/p>\n\n\n\n<h2 class=\"wp-block-heading\">Remi Decorte (-81kg\/JC Jokohazam)<\/h2>\n\n\n\n<p>Round 1: Bye<br><a href=\"https:\/\/judotv.com\/competitions\/eju_jun2023\/contests\/eju_jun2023_0007_m_0081_0039\">Round 2: Defeat vs. Stanislav Korchemliuk (UKR)<\/a><\/p>\n\n\n\n<h2 class=\"wp-block-heading\">Noah Christiaens (-81kg\/JC Jitsu-Kwai Hamme)<\/h2>\n\n\n\n<p>Round 1: Bye<br><a href=\"https:\/\/judotv.com\/competitions\/eju_jun2023\/contests\/eju_jun2023_0007_m_0081_0046\">Round 2: Victory vs. Marios Kapsouros (GRE)<\/a><br><a href=\"https:\/\/judotv.com\/competitions\/eju_jun2023\/contests\/eju_jun2023_0007_m_0081_0055\">Round 3: Defeat vs. Igor Tsurkan (UKR)<\/a><\/p>\n\n\n\n<p>L'arbitre international Val Van Neste a \u00e9t\u00e9 d\u00e9sign\u00e9 par l'UEJ pour diriger les combats.<\/p>","protected":false},"excerpt":{"rendered":"<p>DEN HAAG &#8211; Van 7 tot en met 10 september vond in het Nederlandse Den Haag het Europese kampioenschap judo voor junioren plaats. De Belgische selectie telde negen judoka\u2019s. Gabrielle Bouvier (+78kg) en Olivier Naert (-60kg) pakten respectievelijk zilver en brons. Hierna volgt een overzicht van de kampen. Victoria Sibille (-48kg\/ RIGW\/JWB) Round 1: Defeat [&hellip;]<\/p>\n","protected":false},"author":4,"featured_media":2394,"comment_status":"closed","ping_status":"closed","sticky":false,"template":"","format":"standard","meta":{"_seopress_robots_primary_cat":"none","_seopress_titles_title":"","_seopress_titles_desc":"","_seopress_robots_index":"","footnotes":""},"categories":[5],"tags":[148,209,211,210,58,208],"class_list":["post-2391","post","type-post","status-publish","format-standard","has-post-thumbnail","hentry","category-judo-internationaal","tag-148","tag-ce-jun","tag-den-haag","tag-ec-jun","tag-eju","tag-ek-jun"],"_links":{"self":[{"href":"https:\/\/judobelgium.be\/fr\/wp-json\/wp\/v2\/posts\/2391","targetHints":{"allow":["GET"]}}],"collection":[{"href":"https:\/\/judobelgium.be\/fr\/wp-json\/wp\/v2\/posts"}],"about":[{"href":"https:\/\/judobelgium.be\/fr\/wp-json\/wp\/v2\/types\/post"}],"author":[{"embeddable":true,"href":"https:\/\/judobelgium.be\/fr\/wp-json\/wp\/v2\/users\/4"}],"replies":[{"embeddable":true,"href":"https:\/\/judobelgium.be\/fr\/wp-json\/wp\/v2\/comments?post=2391"}],"version-history":[{"count":3,"href":"https:\/\/judobelgium.be\/fr\/wp-json\/wp\/v2\/posts\/2391\/revisions"}],"predecessor-version":[{"id":2409,"href":"https:\/\/judobelgium.be\/fr\/wp-json\/wp\/v2\/posts\/2391\/revisions\/2409"}],"wp:featuredmedia":[{"embeddable":true,"href":"https:\/\/judobelgium.be\/fr\/wp-json\/wp\/v2\/media\/2394"}],"wp:attachment":[{"href":"https:\/\/judobelgium.be\/fr\/wp-json\/wp\/v2\/media?parent=2391"}],"wp:term":[{"taxonomy":"category","embeddable":true,"href":"https:\/\/judobelgium.be\/fr\/wp-json\/wp\/v2\/categories?post=2391"},{"taxonomy":"post_tag","embeddable":true,"href":"https:\/\/judobelgium.be\/fr\/wp-json\/wp\/v2\/tags?post=2391"}],"curies":[{"name":"wp","href":"https:\/\/api.w.org\/{rel}","templated":true}]}}