{"id":2416,"date":"2023-09-25T15:32:27","date_gmt":"2023-09-25T13:32:27","guid":{"rendered":"https:\/\/judobelgium.be\/?p=2416"},"modified":"2023-09-25T15:32:27","modified_gmt":"2023-09-25T13:32:27","slug":"grand-slam-bakoe-chouchi-met-7de-plaats-beste-belg","status":"publish","type":"post","link":"https:\/\/judobelgium.be\/fr\/judo-internationaal\/grand-slam-bakoe-chouchi-met-7de-plaats-beste-belg\/","title":{"rendered":"Grand Chelem de Bakou : Chouchi, 7e, meilleur Belge"},"content":{"rendered":"<p>BAKOU - Cinq judokas ont d\u00e9fendu les couleurs de la Belgique lors du Baku Grand Slam en Azerba\u00efdjan, qui s'est d\u00e9roul\u00e9 du 22 au 24 septembre. Nous passons en revue leurs parcours ci-dessous.<\/p>\n\n\n\n<figure class=\"wp-block-gallery has-nested-images columns-default is-cropped wp-block-gallery-1 is-layout-flex wp-block-gallery-is-layout-flex\">\n<figure class=\"wp-block-image size-large\"><img fetchpriority=\"high\" decoding=\"async\" width=\"1024\" height=\"683\" data-id=\"2420\" src=\"https:\/\/judobelgium.be\/wp-content\/uploads\/2023\/09\/EDF_2925-1695552039-1695552039-1024x683.jpg\" alt=\"\" class=\"wp-image-2420\" srcset=\"https:\/\/judobelgium.be\/wp-content\/uploads\/2023\/09\/EDF_2925-1695552039-1695552039-1024x683.jpg 1024w, https:\/\/judobelgium.be\/wp-content\/uploads\/2023\/09\/EDF_2925-1695552039-1695552039-500x333.jpg 500w, https:\/\/judobelgium.be\/wp-content\/uploads\/2023\/09\/EDF_2925-1695552039-1695552039-768x512.jpg 768w, https:\/\/judobelgium.be\/wp-content\/uploads\/2023\/09\/EDF_2925-1695552039-1695552039-1536x1024.jpg 1536w, https:\/\/judobelgium.be\/wp-content\/uploads\/2023\/09\/EDF_2925-1695552039-1695552039-2048x1365.jpg 2048w, https:\/\/judobelgium.be\/wp-content\/uploads\/2023\/09\/EDF_2925-1695552039-1695552039-18x12.jpg 18w\" sizes=\"(max-width: 1024px) 100vw, 1024px\" \/><figcaption class=\"wp-element-caption\">Sami Chouchi (-90kg)<\/figcaption><\/figure>\n\n\n\n<figure class=\"wp-block-image size-large\"><img decoding=\"async\" width=\"1024\" height=\"683\" data-id=\"2419\" src=\"https:\/\/judobelgium.be\/wp-content\/uploads\/2023\/09\/EDF_7816-1695378939-1695378939-1024x683.jpg\" alt=\"\" class=\"wp-image-2419\" srcset=\"https:\/\/judobelgium.be\/wp-content\/uploads\/2023\/09\/EDF_7816-1695378939-1695378939-1024x683.jpg 1024w, https:\/\/judobelgium.be\/wp-content\/uploads\/2023\/09\/EDF_7816-1695378939-1695378939-500x333.jpg 500w, https:\/\/judobelgium.be\/wp-content\/uploads\/2023\/09\/EDF_7816-1695378939-1695378939-768x512.jpg 768w, https:\/\/judobelgium.be\/wp-content\/uploads\/2023\/09\/EDF_7816-1695378939-1695378939-1536x1024.jpg 1536w, https:\/\/judobelgium.be\/wp-content\/uploads\/2023\/09\/EDF_7816-1695378939-1695378939-2048x1365.jpg 2048w, https:\/\/judobelgium.be\/wp-content\/uploads\/2023\/09\/EDF_7816-1695378939-1695378939-18x12.jpg 18w\" sizes=\"(max-width: 1024px) 100vw, 1024px\" \/><figcaption class=\"wp-element-caption\">Jorre Verstraeten (-60kg)<\/figcaption><\/figure>\n<\/figure>\n\n\n\n<h2 class=\"wp-block-heading\">Lois Petit (-48kg\/Elite Sport Belgian Armed Forces\/JWB)<\/h2>\n\n\n\n<p><a href=\"https:\/\/judotv.com\/competitions\/gs_aze2023\/contests\/gs_aze2023_0002_f_0048_0016\">Round 1: Defeat vs. Julia Figueroa (ESP)<\/a><\/p>\n\n\n\n<h2 class=\"wp-block-heading\">Amber Ryheul (-52kg\/Kon. Ieperse JC Neko\/JV)<\/h2>\n\n\n\n<p><a href=\"https:\/\/judotv.com\/competitions\/gs_aze2023\/contests\/gs_aze2023_0002_f_0052_0010\">Round 1: Victory vs. Mari Makharashvili (GEO)<\/a><br><a href=\"https:\/\/judotv.com\/competitions\/gs_aze2023\/contests\/gs_aze2023_0002_f_0052_0021\">Round 2: Defeat vs. Chelsie Giles (GBR)<\/a><\/p>\n\n\n\n<h2 class=\"wp-block-heading\">Jorre Verstraeten (-60kg\/RJC IGW\/JWB)<\/h2>\n\n\n\n<p><a href=\"https:\/\/judotv.com\/competitions\/gs_aze2023\/contests\/gs_aze2023_0001_m_0060_0005\">Round 1: Defeat vs. Ahmad Yusifov (AZE)<\/a><\/p>\n\n\n\n<h2 class=\"wp-block-heading\">Matthias Casse (-81kg\/JC Fuji Yama Boom\/Schelle\/JV)<\/h2>\n\n\n\n<p>Round 1: Bye<br><a href=\"https:\/\/judotv.com\/competitions\/gs_aze2023\/contests\/gs_aze2023_0001_m_0081_0033\">Round 2: Victory vs. Ruslan Mussayev (KAZ)<\/a><br><a href=\"https:\/\/judotv.com\/competitions\/gs_aze2023\/contests\/gs_aze2023_0001_m_0081_0049\">Round 3: Defeat vs. Arnaud Aregba (FRA)<\/a><\/p>\n\n\n\n<h2 class=\"wp-block-heading\">Sami Chouchi (-90kg\/JC La Ch\u00eanaie\/JWB) \u2013 7th Place<\/h2>\n\n\n\n<p>Round 1: Bye<br><a href=\"https:\/\/judotv.com\/competitions\/gs_aze2023\/contests\/gs_aze2023_0001_m_0090_0045\">Round 2: Victory vs. Alexis Mathieu (FRA)<\/a><br><a href=\"https:\/\/judotv.com\/competitions\/gs_aze2023\/contests\/gs_aze2023_0001_m_0090_0055\">Round 3: Victory vs. Daniel Nieto Trinodad (ESP)<\/a><br><a href=\"https:\/\/judotv.com\/competitions\/gs_aze2023\/contests\/gs_aze2023_0001_m_0090_0060\">Quarter-Final: Defeat vs. Mihael Zgank (TUR)<\/a><br><a href=\"https:\/\/judotv.com\/competitions\/gs_aze2023\/contests\/gs_aze2023_0001_m_0090_0062\">Repechage: Defeat vs. Thomas Scharfetter (AUT)<\/a><br><\/p>","protected":false},"excerpt":{"rendered":"<p>BAKOE &#8211; Vijf judoka\u2019s verdedigden de Belgische driekleur op de Grand Slam van Bakoe in Azerbeidjan, die plaatsvond van 22 t.em. 24 september jl. We overlopen hierna hun parcours. Lois Petit (-48kg\/Elite Sport Belgian Armed Forces\/JWB) Round 1: Defeat vs. Julia Figueroa (ESP) Amber Ryheul (-52kg\/Kon. Ieperse JC Neko\/JV) Round 1: Victory vs. Mari Makharashvili [&hellip;]<\/p>\n","protected":false},"author":4,"featured_media":2421,"comment_status":"closed","ping_status":"closed","sticky":false,"template":"","format":"standard","meta":{"_seopress_robots_primary_cat":"none","_seopress_titles_title":"","_seopress_titles_desc":"","_seopress_robots_index":"","footnotes":""},"categories":[5],"tags":[148,212,73],"class_list":["post-2416","post","type-post","status-publish","format-standard","has-post-thumbnail","hentry","category-judo-internationaal","tag-148","tag-grand-slam-baku","tag-ijf"],"_links":{"self":[{"href":"https:\/\/judobelgium.be\/fr\/wp-json\/wp\/v2\/posts\/2416","targetHints":{"allow":["GET"]}}],"collection":[{"href":"https:\/\/judobelgium.be\/fr\/wp-json\/wp\/v2\/posts"}],"about":[{"href":"https:\/\/judobelgium.be\/fr\/wp-json\/wp\/v2\/types\/post"}],"author":[{"embeddable":true,"href":"https:\/\/judobelgium.be\/fr\/wp-json\/wp\/v2\/users\/4"}],"replies":[{"embeddable":true,"href":"https:\/\/judobelgium.be\/fr\/wp-json\/wp\/v2\/comments?post=2416"}],"version-history":[{"count":2,"href":"https:\/\/judobelgium.be\/fr\/wp-json\/wp\/v2\/posts\/2416\/revisions"}],"predecessor-version":[{"id":2422,"href":"https:\/\/judobelgium.be\/fr\/wp-json\/wp\/v2\/posts\/2416\/revisions\/2422"}],"wp:featuredmedia":[{"embeddable":true,"href":"https:\/\/judobelgium.be\/fr\/wp-json\/wp\/v2\/media\/2421"}],"wp:attachment":[{"href":"https:\/\/judobelgium.be\/fr\/wp-json\/wp\/v2\/media?parent=2416"}],"wp:term":[{"taxonomy":"category","embeddable":true,"href":"https:\/\/judobelgium.be\/fr\/wp-json\/wp\/v2\/categories?post=2416"},{"taxonomy":"post_tag","embeddable":true,"href":"https:\/\/judobelgium.be\/fr\/wp-json\/wp\/v2\/tags?post=2416"}],"curies":[{"name":"wp","href":"https:\/\/api.w.org\/{rel}","templated":true}]}}