{"id":2445,"date":"2023-10-09T11:29:39","date_gmt":"2023-10-09T09:29:39","guid":{"rendered":"https:\/\/judobelgium.be\/?p=2445"},"modified":"2023-10-09T11:29:39","modified_gmt":"2023-10-09T09:29:39","slug":"wk-jun-in-odivelas-brons-voor-gazaloev","status":"publish","type":"post","link":"https:\/\/judobelgium.be\/fr\/judo-internationaal\/wk-jun-in-odivelas-brons-voor-gazaloev\/","title":{"rendered":"CM JUN \u00e0 Odivelas : Bronze pour Gazaloev"},"content":{"rendered":"<p>ODIVELAS - Du 4 au 8 octobre, les championnats du monde juniors de judo se sont d\u00e9roul\u00e9s dans la ville portugaise d'Odivelas. Sept judokas y ont d\u00e9fendu les couleurs de la Belgique. Mouhammad Gazaloev a remport\u00e9 la m\u00e9daille de bronze. Les autres judokas ont \u00e9t\u00e9 \u00e9limin\u00e9s d\u00e8s le tour pr\u00e9liminaire. Ci-dessous, nous passons bri\u00e8vement en revue leurs matchs. Vous pouvez les revoir via les hyperliens si vous \u00eates abonn\u00e9 \u00e0 JudoTV.<\/p>\n\n\n\n<figure class=\"wp-block-gallery has-nested-images columns-default is-cropped wp-block-gallery-1 is-layout-flex wp-block-gallery-is-layout-flex\">\n<figure class=\"wp-block-image size-large\"><img fetchpriority=\"high\" decoding=\"async\" width=\"1024\" height=\"683\" data-id=\"2451\" src=\"https:\/\/judobelgium.be\/wp-content\/uploads\/2023\/10\/Bronze73BEL-KAZ3-1696526373-1696526373-1024x683.jpg\" alt=\"\" class=\"wp-image-2451\" srcset=\"https:\/\/judobelgium.be\/wp-content\/uploads\/2023\/10\/Bronze73BEL-KAZ3-1696526373-1696526373-1024x683.jpg 1024w, https:\/\/judobelgium.be\/wp-content\/uploads\/2023\/10\/Bronze73BEL-KAZ3-1696526373-1696526373-500x333.jpg 500w, https:\/\/judobelgium.be\/wp-content\/uploads\/2023\/10\/Bronze73BEL-KAZ3-1696526373-1696526373-768x512.jpg 768w, https:\/\/judobelgium.be\/wp-content\/uploads\/2023\/10\/Bronze73BEL-KAZ3-1696526373-1696526373-1536x1024.jpg 1536w, https:\/\/judobelgium.be\/wp-content\/uploads\/2023\/10\/Bronze73BEL-KAZ3-1696526373-1696526373-2048x1365.jpg 2048w, https:\/\/judobelgium.be\/wp-content\/uploads\/2023\/10\/Bronze73BEL-KAZ3-1696526373-1696526373-18x12.jpg 18w\" sizes=\"(max-width: 1024px) 100vw, 1024px\" \/><\/figure>\n\n\n\n<figure class=\"wp-block-image size-large\"><img decoding=\"async\" width=\"1024\" height=\"683\" data-id=\"2452\" src=\"https:\/\/judobelgium.be\/wp-content\/uploads\/2023\/10\/Bronze73BEL-KAZ4-1696526378-1696526378-1024x683.jpg\" alt=\"\" class=\"wp-image-2452\" srcset=\"https:\/\/judobelgium.be\/wp-content\/uploads\/2023\/10\/Bronze73BEL-KAZ4-1696526378-1696526378-1024x683.jpg 1024w, https:\/\/judobelgium.be\/wp-content\/uploads\/2023\/10\/Bronze73BEL-KAZ4-1696526378-1696526378-500x333.jpg 500w, https:\/\/judobelgium.be\/wp-content\/uploads\/2023\/10\/Bronze73BEL-KAZ4-1696526378-1696526378-768x512.jpg 768w, https:\/\/judobelgium.be\/wp-content\/uploads\/2023\/10\/Bronze73BEL-KAZ4-1696526378-1696526378-1536x1024.jpg 1536w, https:\/\/judobelgium.be\/wp-content\/uploads\/2023\/10\/Bronze73BEL-KAZ4-1696526378-1696526378-2048x1365.jpg 2048w, https:\/\/judobelgium.be\/wp-content\/uploads\/2023\/10\/Bronze73BEL-KAZ4-1696526378-1696526378-18x12.jpg 18w\" sizes=\"(max-width: 1024px) 100vw, 1024px\" \/><\/figure>\n\n\n\n<figure class=\"wp-block-image size-large\"><img decoding=\"async\" width=\"1024\" height=\"683\" data-id=\"2450\" src=\"https:\/\/judobelgium.be\/wp-content\/uploads\/2023\/10\/Bronze73BEL-KAZ5-1696526392-1696526392-1024x683.jpg\" alt=\"\" class=\"wp-image-2450\" srcset=\"https:\/\/judobelgium.be\/wp-content\/uploads\/2023\/10\/Bronze73BEL-KAZ5-1696526392-1696526392-1024x683.jpg 1024w, https:\/\/judobelgium.be\/wp-content\/uploads\/2023\/10\/Bronze73BEL-KAZ5-1696526392-1696526392-500x333.jpg 500w, https:\/\/judobelgium.be\/wp-content\/uploads\/2023\/10\/Bronze73BEL-KAZ5-1696526392-1696526392-768x512.jpg 768w, https:\/\/judobelgium.be\/wp-content\/uploads\/2023\/10\/Bronze73BEL-KAZ5-1696526392-1696526392-1536x1024.jpg 1536w, https:\/\/judobelgium.be\/wp-content\/uploads\/2023\/10\/Bronze73BEL-KAZ5-1696526392-1696526392-2048x1365.jpg 2048w, https:\/\/judobelgium.be\/wp-content\/uploads\/2023\/10\/Bronze73BEL-KAZ5-1696526392-1696526392-18x12.jpg 18w\" sizes=\"(max-width: 1024px) 100vw, 1024px\" \/><\/figure>\n\n\n\n<figure class=\"wp-block-image size-large\"><img loading=\"lazy\" decoding=\"async\" width=\"1024\" height=\"683\" data-id=\"2453\" src=\"https:\/\/judobelgium.be\/wp-content\/uploads\/2023\/10\/Medal73Kg3-1696526153-1696526153-1024x683.jpg\" alt=\"\" class=\"wp-image-2453\" srcset=\"https:\/\/judobelgium.be\/wp-content\/uploads\/2023\/10\/Medal73Kg3-1696526153-1696526153-1024x683.jpg 1024w, https:\/\/judobelgium.be\/wp-content\/uploads\/2023\/10\/Medal73Kg3-1696526153-1696526153-500x333.jpg 500w, https:\/\/judobelgium.be\/wp-content\/uploads\/2023\/10\/Medal73Kg3-1696526153-1696526153-768x512.jpg 768w, https:\/\/judobelgium.be\/wp-content\/uploads\/2023\/10\/Medal73Kg3-1696526153-1696526153-1536x1024.jpg 1536w, https:\/\/judobelgium.be\/wp-content\/uploads\/2023\/10\/Medal73Kg3-1696526153-1696526153-2048x1365.jpg 2048w, https:\/\/judobelgium.be\/wp-content\/uploads\/2023\/10\/Medal73Kg3-1696526153-1696526153-18x12.jpg 18w\" sizes=\"(max-width: 1024px) 100vw, 1024px\" \/><figcaption class=\"wp-element-caption\">Mouhammad Gazaloev (-73kg) &#8211; BRONZE<\/figcaption><\/figure>\n<\/figure>\n\n\n\n<h2 class=\"wp-block-heading\">Match Day 04.10.2023<\/h2>\n\n\n\n<h2 class=\"wp-block-heading\">Victoria Sibille (-48kg\/ RIGW\/JWB)<\/h2>\n\n\n\n<p><a href=\"https:\/\/judotv.com\/competitions\/wc_jun2023\/contests\/wc_jun2023_0008_f_0048_0014\">Round 1: Victory vs. Wan Yee Lau (HKG)<\/a><br><a href=\"https:\/\/judotv.com\/competitions\/wc_jun2023\/contests\/wc_jun2023_0008_f_0048_0039\">Round 2: Defeat vs. Giulia Ghiglione (ITA)<\/a><\/p>\n\n\n\n<h2 class=\"wp-block-heading\">Emile Merdin (-60kg\/JC Kawaishi Ingelmunster\/JV)<\/h2>\n\n\n\n<p><a href=\"https:\/\/judotv.com\/competitions\/wc_jun2023\/contests\/wc_jun2023_0007_m_0060_0007\">Round 1: Victory vs. Lewis Fryer (GBR)<\/a><br><a href=\"https:\/\/judotv.com\/competitions\/wc_jun2023\/contests\/wc_jun2023_0007_m_0060_0036\">Round 2: Defeat vs. Youssry Samy (EGY)<\/a><\/p>\n\n\n\n<h2 class=\"wp-block-heading\">Olivier Naert (-60kg\/Yama-Arashi JC Bavikhove\/JV) <\/h2>\n\n\n\n<p><a href=\"https:\/\/judotv.com\/competitions\/wc_jun2023\/contests\/wc_jun2023_0007_m_0060_0026\">Round 1: Defeat vs. Bence Farkas (HUN)<\/a><\/p>\n\n\n\n<h2 class=\"wp-block-heading\">Match Day 05.10.2023<\/h2>\n\n\n\n<h2 class=\"wp-block-heading\">Luna Verfaillie (-57kg\/JS Asahi)<\/h2>\n\n\n\n<p>Round 1: Bye<br><a href=\"https:\/\/judotv.com\/competitions\/wc_jun2023\/contests\/wc_jun2023_0008_f_0057_0035\">Round 2: Defeat vs. Verena Hiden (AUT)<\/a><\/p>\n\n\n\n<h2 class=\"wp-block-heading\">Mouhammad Gazaloev (-73kg\/JC Bastogne\/JWB) &#8211; BRONZE<\/h2>\n\n\n\n<p><a href=\"https:\/\/judotv.com\/competitions\/wc_jun2023\/contests\/wc_jun2023_0007_m_0073_0031\">Round 1: Victory vs. Artak Torosyan (ARM)<\/a><br><a href=\"https:\/\/judotv.com\/competitions\/wc_jun2023\/contests\/wc_jun2023_0007_m_0073_0048\">Round 2: Victory vs. Ferney Ruiz Mesa (COL)<\/a><br><a href=\"https:\/\/judotv.com\/competitions\/wc_jun2023\/contests\/wc_jun2023_0007_m_0073_0056\">Round 3: Victory vs Vincenzo Pelligra (ITA)<\/a><br><a href=\"https:\/\/judotv.com\/competitions\/wc_jun2023\/contests\/wc_jun2023_0007_m_0073_0060\">Quarter-Final: Defeat vs. Jack Yonezuka (USA)<\/a><br><a href=\"https:\/\/judotv.com\/competitions\/wc_jun2023\/contests\/wc_jun2023_0007_m_0073_0062\">Repechage: Victory vs. Ioan Dzitac (ROU)<\/a><br><a href=\"https:\/\/judotv.com\/competitions\/wc_jun2023\/contests\/wc_jun2023_0007_m_0073_0066\">Bronze: Victory vs. Adilet Almat (KAZ)<\/a><\/p>\n\n\n\n<h2 class=\"wp-block-heading\">Match Day 06.10.2023<\/h2>\n\n\n\n<h2 class=\"wp-block-heading\">Noah Christiaens (-81kg\/Jitsu-Kwai Hamme\/JV)<\/h2>\n\n\n\n<p>Round 1: Bye<br><a href=\"https:\/\/judotv.com\/competitions\/wc_jun2023\/contests\/wc_jun2023_0007_m_0081_0036\">Round 2: Defeat vs. Zhalgas Kairolla (KAZ)<\/a><\/p>\n\n\n\n<h2 class=\"wp-block-heading\">Remi Decorte (-81kg\/Jokohazam\/JV)<\/h2>\n\n\n\n<p><a href=\"https:\/\/judotv.com\/competitions\/wc_jun2023\/contests\/wc_jun2023_0007_m_0081_0031\">Round 1: Defeat vs. Erzhan Kanatbekov (KGZ)<\/a><\/p>\n\n\n\n<p>Les judokas ont \u00e9t\u00e9 encadr\u00e9s par les entra\u00eeneurs Dirk Van Tichelt (JV) et Miguel Toril Garcia (JWB). <strong>Dirk Van Tichelt (JV)<\/strong> en <strong>Miguel Toril Garcia (JWB)<\/strong>.<\/p>\n\n\n\n<p><\/p>","protected":false},"excerpt":{"rendered":"<p>ODIVELAS &#8211; Van 4 tot en met 8 oktober jl. vond in de Portugese stad Odivelas het Wereldkampioenschap Judo voor Junioren plaats. Zeven judoka\u2019s verdedigden er de Belgische driekleur. Mouhammad Gazaloev pakte knap brons. De overige judoak\u2019s werden uitgeschakeld in de voorronde. We overlopen hierna beknopt hun kampen. Je kan ze herbekijken via de hyperlinks [&hellip;]<\/p>\n","protected":false},"author":4,"featured_media":2449,"comment_status":"closed","ping_status":"closed","sticky":false,"template":"","format":"standard","meta":{"_seopress_robots_primary_cat":"none","_seopress_titles_title":"","_seopress_titles_desc":"","_seopress_robots_index":"","footnotes":""},"categories":[5],"tags":[148,221,73,196,222,223],"class_list":["post-2445","post","type-post","status-publish","format-standard","has-post-thumbnail","hentry","category-judo-internationaal","tag-148","tag-cm-jun","tag-ijf","tag-odivelas","tag-wc-jun","tag-wk-jun"],"_links":{"self":[{"href":"https:\/\/judobelgium.be\/fr\/wp-json\/wp\/v2\/posts\/2445","targetHints":{"allow":["GET"]}}],"collection":[{"href":"https:\/\/judobelgium.be\/fr\/wp-json\/wp\/v2\/posts"}],"about":[{"href":"https:\/\/judobelgium.be\/fr\/wp-json\/wp\/v2\/types\/post"}],"author":[{"embeddable":true,"href":"https:\/\/judobelgium.be\/fr\/wp-json\/wp\/v2\/users\/4"}],"replies":[{"embeddable":true,"href":"https:\/\/judobelgium.be\/fr\/wp-json\/wp\/v2\/comments?post=2445"}],"version-history":[{"count":3,"href":"https:\/\/judobelgium.be\/fr\/wp-json\/wp\/v2\/posts\/2445\/revisions"}],"predecessor-version":[{"id":2454,"href":"https:\/\/judobelgium.be\/fr\/wp-json\/wp\/v2\/posts\/2445\/revisions\/2454"}],"wp:featuredmedia":[{"embeddable":true,"href":"https:\/\/judobelgium.be\/fr\/wp-json\/wp\/v2\/media\/2449"}],"wp:attachment":[{"href":"https:\/\/judobelgium.be\/fr\/wp-json\/wp\/v2\/media?parent=2445"}],"wp:term":[{"taxonomy":"category","embeddable":true,"href":"https:\/\/judobelgium.be\/fr\/wp-json\/wp\/v2\/categories?post=2445"},{"taxonomy":"post_tag","embeddable":true,"href":"https:\/\/judobelgium.be\/fr\/wp-json\/wp\/v2\/tags?post=2445"}],"curies":[{"name":"wp","href":"https:\/\/api.w.org\/{rel}","templated":true}]}}