{"id":2467,"date":"2023-10-26T15:17:58","date_gmt":"2023-10-26T13:17:58","guid":{"rendered":"https:\/\/judobelgium.be\/?p=2467"},"modified":"2023-10-26T15:18:22","modified_gmt":"2023-10-26T13:18:22","slug":"10-belgische-judokas-naar-wk-veteranen-in-abu-dhabi","status":"publish","type":"post","link":"https:\/\/judobelgium.be\/fr\/judo-internationaal\/10-belgische-judokas-naar-wk-veteranen-in-abu-dhabi\/","title":{"rendered":"10 judokas belges aux Championnats du monde v\u00e9t\u00e9rans \u00e0 Abu Dhabi"},"content":{"rendered":"<figure class=\"wp-block-image alignright size-full is-resized\"><img fetchpriority=\"high\" decoding=\"async\" width=\"365\" height=\"775\" src=\"https:\/\/judobelgium.be\/wp-content\/uploads\/2023\/10\/logo_WK_VET_2023.png\" alt=\"\" class=\"wp-image-2470\" style=\"aspect-ratio:0.47096774193548385;width:130px;height:auto\" srcset=\"https:\/\/judobelgium.be\/wp-content\/uploads\/2023\/10\/logo_WK_VET_2023.png 365w, https:\/\/judobelgium.be\/wp-content\/uploads\/2023\/10\/logo_WK_VET_2023-235x500.png 235w, https:\/\/judobelgium.be\/wp-content\/uploads\/2023\/10\/logo_WK_VET_2023-6x12.png 6w\" sizes=\"(max-width: 365px) 100vw, 365px\" \/><\/figure>\n\n\n\n<p>Du 31 octobre au 3 novembre, les Championnats du monde de judo pour v\u00e9t\u00e9rans se d\u00e9rouleront \u00e0 Abu Dhabi. Dix judokas de Judo Belgium participeront \u00e0 la Coupe du Monde. En voici un aper\u00e7u.<\/p>\n\n\n\n<p>Antonino MILIOTO (-73kg\/M1\/JC Ittre)<br>Philippe LAURIA (-73kg\/M2\/Royal Judo Pos\u00e9idon)<br>Arne DEWULF(-73kg\/M3\/ JS Merelbeke)<\/p>\n\n\n\n<p>Drilon TAFILI (-81kg\/M1\/Royal Judo Pos\u00e9idon)<\/p>\n\n\n\n<p>Gunnar DE LAET (-90kg\/M1\/JS Lummen)<br>Osman HANCI (-90kg\/M2\/Royal Judo Pos\u00e9idon)<br>Fabian VANHOLLEBEKE (-90kg\/M3\/Judo Top Niveau)<br>Ermanno AGOSTINI (-90kg\/M5\/Royal Brussels Judo Institute)<br>Dirk VANDEVOORT (-90kg\/M6\/JC Kodokan Merchtem)<\/p>","protected":false},"excerpt":{"rendered":"<p>Van 31 oktober tot en met 3 november gaat in Abu Dhabi het Wereldkampioenschap Judo voor Veteranen door. Tien judoka\u2019s van Judo Belgium zullen aan het WK deelnemen. Hierna een overzicht. Antonino MILIOTO (-73kg\/M1\/JC Ittre)Philippe LAURIA (-73kg\/M2\/Royal Judo Pos\u00e9idon)Arne DEWULF(-73kg\/M3\/ JS Merelbeke) Drilon TAFILI (-81kg\/M1\/Royal Judo Pos\u00e9idon) Gunnar DE LAET (-90kg\/M1\/JS Lummen)Osman HANCI (-90kg\/M2\/Royal Judo [&hellip;]<\/p>\n","protected":false},"author":4,"featured_media":2469,"comment_status":"closed","ping_status":"closed","sticky":false,"template":"","format":"standard","meta":{"_seopress_robots_primary_cat":"none","_seopress_titles_title":"","_seopress_titles_desc":"","_seopress_robots_index":"","footnotes":""},"categories":[5],"tags":[148,229,185,73,228,119],"class_list":["post-2467","post","type-post","status-publish","format-standard","has-post-thumbnail","hentry","category-judo-internationaal","tag-148","tag-abu-dhabi","tag-cm-veterans-2","tag-ijf","tag-wc-veterans","tag-wk-veteranen"],"_links":{"self":[{"href":"https:\/\/judobelgium.be\/fr\/wp-json\/wp\/v2\/posts\/2467","targetHints":{"allow":["GET"]}}],"collection":[{"href":"https:\/\/judobelgium.be\/fr\/wp-json\/wp\/v2\/posts"}],"about":[{"href":"https:\/\/judobelgium.be\/fr\/wp-json\/wp\/v2\/types\/post"}],"author":[{"embeddable":true,"href":"https:\/\/judobelgium.be\/fr\/wp-json\/wp\/v2\/users\/4"}],"replies":[{"embeddable":true,"href":"https:\/\/judobelgium.be\/fr\/wp-json\/wp\/v2\/comments?post=2467"}],"version-history":[{"count":2,"href":"https:\/\/judobelgium.be\/fr\/wp-json\/wp\/v2\/posts\/2467\/revisions"}],"predecessor-version":[{"id":2472,"href":"https:\/\/judobelgium.be\/fr\/wp-json\/wp\/v2\/posts\/2467\/revisions\/2472"}],"wp:featuredmedia":[{"embeddable":true,"href":"https:\/\/judobelgium.be\/fr\/wp-json\/wp\/v2\/media\/2469"}],"wp:attachment":[{"href":"https:\/\/judobelgium.be\/fr\/wp-json\/wp\/v2\/media?parent=2467"}],"wp:term":[{"taxonomy":"category","embeddable":true,"href":"https:\/\/judobelgium.be\/fr\/wp-json\/wp\/v2\/categories?post=2467"},{"taxonomy":"post_tag","embeddable":true,"href":"https:\/\/judobelgium.be\/fr\/wp-json\/wp\/v2\/tags?post=2467"}],"curies":[{"name":"wp","href":"https:\/\/api.w.org\/{rel}","templated":true}]}}