{"id":2515,"date":"2023-11-06T11:28:42","date_gmt":"2023-11-06T10:28:42","guid":{"rendered":"https:\/\/judobelgium.be\/?p=2515"},"modified":"2023-11-06T14:11:58","modified_gmt":"2023-11-06T13:11:58","slug":"ek-senioren-in-montpellier-geen-medailles-voor-de-belgen","status":"publish","type":"post","link":"https:\/\/judobelgium.be\/fr\/judo-internationaal\/ek-senioren-in-montpellier-geen-medailles-voor-de-belgen\/","title":{"rendered":"Championnats d'Europe seniors \u00e0 Montpellier : pas de m\u00e9dailles pour les Belges"},"content":{"rendered":"<p>MONTPELLIER - Le week-end dernier, les Championnats d'Europe de Judo se sont d\u00e9roul\u00e9s \u00e0 Montpellier, en France. Judo Belgium a envoy\u00e9 12 judokas \u00e0 ce championnat europ\u00e9en de l'EJU. Cette fois-ci, le succ\u00e8s n'a pas \u00e9t\u00e9 au rendez-vous pour les Belges. Presque tous les judokas de l'\u00e9quipe belge ont \u00e9t\u00e9 \u00e9limin\u00e9s d\u00e8s le tour pr\u00e9liminaire. Deux judokas, Matthias Casse (JV) et Jorre Verstraeten (JWB), ont pu monter sur le podium. Cependant, les deux ont malheureusement manqu\u00e9 de peu une m\u00e9daille et ont termin\u00e9 \u00e0 la cinqui\u00e8me place. Voici un aper\u00e7u du parcours.<\/p>\n\n\n\n<figure class=\"wp-block-gallery has-nested-images columns-default is-cropped wp-block-gallery-1 is-layout-flex wp-block-gallery-is-layout-flex\">\n<figure class=\"wp-block-image size-large\"><img fetchpriority=\"high\" decoding=\"async\" width=\"1024\" height=\"831\" data-id=\"2524\" src=\"https:\/\/judobelgium.be\/wp-content\/uploads\/2023\/11\/Carlos-Ferreira-European-Judo-Championships-Seniors-Montpellier-2023-2023-289959-1024x831.jpg\" alt=\"\" class=\"wp-image-2524\" srcset=\"https:\/\/judobelgium.be\/wp-content\/uploads\/2023\/11\/Carlos-Ferreira-European-Judo-Championships-Seniors-Montpellier-2023-2023-289959-1024x831.jpg 1024w, https:\/\/judobelgium.be\/wp-content\/uploads\/2023\/11\/Carlos-Ferreira-European-Judo-Championships-Seniors-Montpellier-2023-2023-289959-500x406.jpg 500w, https:\/\/judobelgium.be\/wp-content\/uploads\/2023\/11\/Carlos-Ferreira-European-Judo-Championships-Seniors-Montpellier-2023-2023-289959-768x623.jpg 768w, https:\/\/judobelgium.be\/wp-content\/uploads\/2023\/11\/Carlos-Ferreira-European-Judo-Championships-Seniors-Montpellier-2023-2023-289959-1536x1246.jpg 1536w, https:\/\/judobelgium.be\/wp-content\/uploads\/2023\/11\/Carlos-Ferreira-European-Judo-Championships-Seniors-Montpellier-2023-2023-289959-2048x1662.jpg 2048w, https:\/\/judobelgium.be\/wp-content\/uploads\/2023\/11\/Carlos-Ferreira-European-Judo-Championships-Seniors-Montpellier-2023-2023-289959-15x12.jpg 15w\" sizes=\"(max-width: 1024px) 100vw, 1024px\" \/><\/figure>\n\n\n\n<figure class=\"wp-block-image size-large\"><img decoding=\"async\" width=\"1024\" height=\"683\" data-id=\"2523\" src=\"https:\/\/judobelgium.be\/wp-content\/uploads\/2023\/11\/Gabi-Juan-European-Judo-Championships-Seniors-Montpellier-2023-2023-289865-1024x683.jpg\" alt=\"\" class=\"wp-image-2523\" srcset=\"https:\/\/judobelgium.be\/wp-content\/uploads\/2023\/11\/Gabi-Juan-European-Judo-Championships-Seniors-Montpellier-2023-2023-289865-1024x683.jpg 1024w, https:\/\/judobelgium.be\/wp-content\/uploads\/2023\/11\/Gabi-Juan-European-Judo-Championships-Seniors-Montpellier-2023-2023-289865-500x333.jpg 500w, https:\/\/judobelgium.be\/wp-content\/uploads\/2023\/11\/Gabi-Juan-European-Judo-Championships-Seniors-Montpellier-2023-2023-289865-768x512.jpg 768w, https:\/\/judobelgium.be\/wp-content\/uploads\/2023\/11\/Gabi-Juan-European-Judo-Championships-Seniors-Montpellier-2023-2023-289865-1536x1024.jpg 1536w, https:\/\/judobelgium.be\/wp-content\/uploads\/2023\/11\/Gabi-Juan-European-Judo-Championships-Seniors-Montpellier-2023-2023-289865-2048x1366.jpg 2048w, https:\/\/judobelgium.be\/wp-content\/uploads\/2023\/11\/Gabi-Juan-European-Judo-Championships-Seniors-Montpellier-2023-2023-289865-18x12.jpg 18w\" sizes=\"(max-width: 1024px) 100vw, 1024px\" \/><\/figure>\n\n\n\n<figure class=\"wp-block-image size-large\"><img decoding=\"async\" width=\"1024\" height=\"683\" data-id=\"2522\" src=\"https:\/\/judobelgium.be\/wp-content\/uploads\/2023\/11\/Gabi-Juan-European-Judo-Championships-Seniors-Montpellier-2023-2023-290062-1024x683.jpg\" alt=\"\" class=\"wp-image-2522\" srcset=\"https:\/\/judobelgium.be\/wp-content\/uploads\/2023\/11\/Gabi-Juan-European-Judo-Championships-Seniors-Montpellier-2023-2023-290062-1024x683.jpg 1024w, https:\/\/judobelgium.be\/wp-content\/uploads\/2023\/11\/Gabi-Juan-European-Judo-Championships-Seniors-Montpellier-2023-2023-290062-500x333.jpg 500w, https:\/\/judobelgium.be\/wp-content\/uploads\/2023\/11\/Gabi-Juan-European-Judo-Championships-Seniors-Montpellier-2023-2023-290062-768x512.jpg 768w, https:\/\/judobelgium.be\/wp-content\/uploads\/2023\/11\/Gabi-Juan-European-Judo-Championships-Seniors-Montpellier-2023-2023-290062-1536x1024.jpg 1536w, https:\/\/judobelgium.be\/wp-content\/uploads\/2023\/11\/Gabi-Juan-European-Judo-Championships-Seniors-Montpellier-2023-2023-290062-2048x1366.jpg 2048w, https:\/\/judobelgium.be\/wp-content\/uploads\/2023\/11\/Gabi-Juan-European-Judo-Championships-Seniors-Montpellier-2023-2023-290062-18x12.jpg 18w\" sizes=\"(max-width: 1024px) 100vw, 1024px\" \/><\/figure>\n\n\n\n<figure class=\"wp-block-image size-large\"><img loading=\"lazy\" decoding=\"async\" width=\"1024\" height=\"708\" data-id=\"2526\" src=\"https:\/\/judobelgium.be\/wp-content\/uploads\/2023\/11\/Carlos-Ferreira-European-Judo-Championships-Seniors-Montpellier-2023-2023-290438-1024x708.jpg\" alt=\"\" class=\"wp-image-2526\" srcset=\"https:\/\/judobelgium.be\/wp-content\/uploads\/2023\/11\/Carlos-Ferreira-European-Judo-Championships-Seniors-Montpellier-2023-2023-290438-1024x708.jpg 1024w, https:\/\/judobelgium.be\/wp-content\/uploads\/2023\/11\/Carlos-Ferreira-European-Judo-Championships-Seniors-Montpellier-2023-2023-290438-500x346.jpg 500w, https:\/\/judobelgium.be\/wp-content\/uploads\/2023\/11\/Carlos-Ferreira-European-Judo-Championships-Seniors-Montpellier-2023-2023-290438-768x531.jpg 768w, https:\/\/judobelgium.be\/wp-content\/uploads\/2023\/11\/Carlos-Ferreira-European-Judo-Championships-Seniors-Montpellier-2023-2023-290438-1536x1062.jpg 1536w, https:\/\/judobelgium.be\/wp-content\/uploads\/2023\/11\/Carlos-Ferreira-European-Judo-Championships-Seniors-Montpellier-2023-2023-290438-2048x1416.jpg 2048w, https:\/\/judobelgium.be\/wp-content\/uploads\/2023\/11\/Carlos-Ferreira-European-Judo-Championships-Seniors-Montpellier-2023-2023-290438-18x12.jpg 18w\" sizes=\"(max-width: 1024px) 100vw, 1024px\" \/><\/figure>\n\n\n\n<figure class=\"wp-block-image size-large\"><img loading=\"lazy\" decoding=\"async\" width=\"1024\" height=\"721\" data-id=\"2525\" src=\"https:\/\/judobelgium.be\/wp-content\/uploads\/2023\/11\/Carlos-Ferreira-European-Judo-Championships-Seniors-Montpellier-2023-2023-290730-1024x721.jpg\" alt=\"\" class=\"wp-image-2525\" srcset=\"https:\/\/judobelgium.be\/wp-content\/uploads\/2023\/11\/Carlos-Ferreira-European-Judo-Championships-Seniors-Montpellier-2023-2023-290730-1024x721.jpg 1024w, https:\/\/judobelgium.be\/wp-content\/uploads\/2023\/11\/Carlos-Ferreira-European-Judo-Championships-Seniors-Montpellier-2023-2023-290730-500x352.jpg 500w, https:\/\/judobelgium.be\/wp-content\/uploads\/2023\/11\/Carlos-Ferreira-European-Judo-Championships-Seniors-Montpellier-2023-2023-290730-768x541.jpg 768w, https:\/\/judobelgium.be\/wp-content\/uploads\/2023\/11\/Carlos-Ferreira-European-Judo-Championships-Seniors-Montpellier-2023-2023-290730-1536x1081.jpg 1536w, https:\/\/judobelgium.be\/wp-content\/uploads\/2023\/11\/Carlos-Ferreira-European-Judo-Championships-Seniors-Montpellier-2023-2023-290730-2048x1442.jpg 2048w, https:\/\/judobelgium.be\/wp-content\/uploads\/2023\/11\/Carlos-Ferreira-European-Judo-Championships-Seniors-Montpellier-2023-2023-290730-18x12.jpg 18w\" sizes=\"(max-width: 1024px) 100vw, 1024px\" \/><\/figure>\n\n\n\n<figure class=\"wp-block-image size-large\"><img loading=\"lazy\" decoding=\"async\" width=\"1024\" height=\"777\" data-id=\"2527\" src=\"https:\/\/judobelgium.be\/wp-content\/uploads\/2023\/11\/Carlos-Ferreira-European-Judo-Championships-Seniors-Montpellier-2023-2023-290731-1024x777.jpg\" alt=\"\" class=\"wp-image-2527\" srcset=\"https:\/\/judobelgium.be\/wp-content\/uploads\/2023\/11\/Carlos-Ferreira-European-Judo-Championships-Seniors-Montpellier-2023-2023-290731-1024x777.jpg 1024w, https:\/\/judobelgium.be\/wp-content\/uploads\/2023\/11\/Carlos-Ferreira-European-Judo-Championships-Seniors-Montpellier-2023-2023-290731-500x379.jpg 500w, https:\/\/judobelgium.be\/wp-content\/uploads\/2023\/11\/Carlos-Ferreira-European-Judo-Championships-Seniors-Montpellier-2023-2023-290731-768x583.jpg 768w, https:\/\/judobelgium.be\/wp-content\/uploads\/2023\/11\/Carlos-Ferreira-European-Judo-Championships-Seniors-Montpellier-2023-2023-290731-1536x1165.jpg 1536w, https:\/\/judobelgium.be\/wp-content\/uploads\/2023\/11\/Carlos-Ferreira-European-Judo-Championships-Seniors-Montpellier-2023-2023-290731-2048x1554.jpg 2048w, https:\/\/judobelgium.be\/wp-content\/uploads\/2023\/11\/Carlos-Ferreira-European-Judo-Championships-Seniors-Montpellier-2023-2023-290731-16x12.jpg 16w\" sizes=\"(max-width: 1024px) 100vw, 1024px\" \/><\/figure>\n\n\n\n<figure class=\"wp-block-image size-large\"><img loading=\"lazy\" decoding=\"async\" width=\"1024\" height=\"734\" data-id=\"2528\" src=\"https:\/\/judobelgium.be\/wp-content\/uploads\/2023\/11\/Carlos-Ferreira-European-Judo-Championships-Seniors-Montpellier-2023-2023-289948-1024x734.jpg\" alt=\"\" class=\"wp-image-2528\" srcset=\"https:\/\/judobelgium.be\/wp-content\/uploads\/2023\/11\/Carlos-Ferreira-European-Judo-Championships-Seniors-Montpellier-2023-2023-289948-1024x734.jpg 1024w, https:\/\/judobelgium.be\/wp-content\/uploads\/2023\/11\/Carlos-Ferreira-European-Judo-Championships-Seniors-Montpellier-2023-2023-289948-500x359.jpg 500w, https:\/\/judobelgium.be\/wp-content\/uploads\/2023\/11\/Carlos-Ferreira-European-Judo-Championships-Seniors-Montpellier-2023-2023-289948-768x551.jpg 768w, https:\/\/judobelgium.be\/wp-content\/uploads\/2023\/11\/Carlos-Ferreira-European-Judo-Championships-Seniors-Montpellier-2023-2023-289948-1536x1102.jpg 1536w, https:\/\/judobelgium.be\/wp-content\/uploads\/2023\/11\/Carlos-Ferreira-European-Judo-Championships-Seniors-Montpellier-2023-2023-289948-2048x1469.jpg 2048w, https:\/\/judobelgium.be\/wp-content\/uploads\/2023\/11\/Carlos-Ferreira-European-Judo-Championships-Seniors-Montpellier-2023-2023-289948-18x12.jpg 18w\" sizes=\"(max-width: 1024px) 100vw, 1024px\" \/><\/figure>\n\n\n\n<figure class=\"wp-block-image size-large\"><img loading=\"lazy\" decoding=\"async\" width=\"1024\" height=\"673\" data-id=\"2529\" src=\"https:\/\/judobelgium.be\/wp-content\/uploads\/2023\/11\/Carlos-Ferreira-European-Judo-Championships-Seniors-Montpellier-2023-2023-290776-1024x673.jpg\" alt=\"\" class=\"wp-image-2529\" srcset=\"https:\/\/judobelgium.be\/wp-content\/uploads\/2023\/11\/Carlos-Ferreira-European-Judo-Championships-Seniors-Montpellier-2023-2023-290776-1024x673.jpg 1024w, https:\/\/judobelgium.be\/wp-content\/uploads\/2023\/11\/Carlos-Ferreira-European-Judo-Championships-Seniors-Montpellier-2023-2023-290776-500x329.jpg 500w, https:\/\/judobelgium.be\/wp-content\/uploads\/2023\/11\/Carlos-Ferreira-European-Judo-Championships-Seniors-Montpellier-2023-2023-290776-768x505.jpg 768w, https:\/\/judobelgium.be\/wp-content\/uploads\/2023\/11\/Carlos-Ferreira-European-Judo-Championships-Seniors-Montpellier-2023-2023-290776-1536x1010.jpg 1536w, https:\/\/judobelgium.be\/wp-content\/uploads\/2023\/11\/Carlos-Ferreira-European-Judo-Championships-Seniors-Montpellier-2023-2023-290776-2048x1346.jpg 2048w, https:\/\/judobelgium.be\/wp-content\/uploads\/2023\/11\/Carlos-Ferreira-European-Judo-Championships-Seniors-Montpellier-2023-2023-290776-18x12.jpg 18w\" sizes=\"(max-width: 1024px) 100vw, 1024px\" \/><\/figure>\n\n\n\n<figure class=\"wp-block-image size-large\"><img loading=\"lazy\" decoding=\"async\" width=\"1024\" height=\"762\" data-id=\"2530\" src=\"https:\/\/judobelgium.be\/wp-content\/uploads\/2023\/11\/Carlos-Ferreira-European-Judo-Championships-Seniors-Montpellier-2023-2023-290777-1024x762.jpg\" alt=\"\" class=\"wp-image-2530\" srcset=\"https:\/\/judobelgium.be\/wp-content\/uploads\/2023\/11\/Carlos-Ferreira-European-Judo-Championships-Seniors-Montpellier-2023-2023-290777-1024x762.jpg 1024w, https:\/\/judobelgium.be\/wp-content\/uploads\/2023\/11\/Carlos-Ferreira-European-Judo-Championships-Seniors-Montpellier-2023-2023-290777-500x372.jpg 500w, https:\/\/judobelgium.be\/wp-content\/uploads\/2023\/11\/Carlos-Ferreira-European-Judo-Championships-Seniors-Montpellier-2023-2023-290777-768x571.jpg 768w, https:\/\/judobelgium.be\/wp-content\/uploads\/2023\/11\/Carlos-Ferreira-European-Judo-Championships-Seniors-Montpellier-2023-2023-290777-1536x1142.jpg 1536w, https:\/\/judobelgium.be\/wp-content\/uploads\/2023\/11\/Carlos-Ferreira-European-Judo-Championships-Seniors-Montpellier-2023-2023-290777-2048x1523.jpg 2048w, https:\/\/judobelgium.be\/wp-content\/uploads\/2023\/11\/Carlos-Ferreira-European-Judo-Championships-Seniors-Montpellier-2023-2023-290777-16x12.jpg 16w\" sizes=\"(max-width: 1024px) 100vw, 1024px\" \/><\/figure>\n\n\n\n<figure class=\"wp-block-image size-large\"><img loading=\"lazy\" decoding=\"async\" width=\"1024\" height=\"728\" data-id=\"2531\" src=\"https:\/\/judobelgium.be\/wp-content\/uploads\/2023\/11\/Carlos-Ferreira-European-Judo-Championships-Seniors-Montpellier-2023-2023-289958-1024x728.jpg\" alt=\"\" class=\"wp-image-2531\" srcset=\"https:\/\/judobelgium.be\/wp-content\/uploads\/2023\/11\/Carlos-Ferreira-European-Judo-Championships-Seniors-Montpellier-2023-2023-289958-1024x728.jpg 1024w, https:\/\/judobelgium.be\/wp-content\/uploads\/2023\/11\/Carlos-Ferreira-European-Judo-Championships-Seniors-Montpellier-2023-2023-289958-500x355.jpg 500w, https:\/\/judobelgium.be\/wp-content\/uploads\/2023\/11\/Carlos-Ferreira-European-Judo-Championships-Seniors-Montpellier-2023-2023-289958-768x546.jpg 768w, https:\/\/judobelgium.be\/wp-content\/uploads\/2023\/11\/Carlos-Ferreira-European-Judo-Championships-Seniors-Montpellier-2023-2023-289958-1536x1091.jpg 1536w, https:\/\/judobelgium.be\/wp-content\/uploads\/2023\/11\/Carlos-Ferreira-European-Judo-Championships-Seniors-Montpellier-2023-2023-289958-2048x1455.jpg 2048w, https:\/\/judobelgium.be\/wp-content\/uploads\/2023\/11\/Carlos-Ferreira-European-Judo-Championships-Seniors-Montpellier-2023-2023-289958-18x12.jpg 18w\" sizes=\"(max-width: 1024px) 100vw, 1024px\" \/><\/figure>\n\n\n\n<figure class=\"wp-block-image size-large\"><img loading=\"lazy\" decoding=\"async\" width=\"1024\" height=\"746\" data-id=\"2532\" src=\"https:\/\/judobelgium.be\/wp-content\/uploads\/2023\/11\/Carlos-Ferreira-European-Judo-Championships-Seniors-Montpellier-2023-2023-290349-1024x746.jpg\" alt=\"\" class=\"wp-image-2532\" srcset=\"https:\/\/judobelgium.be\/wp-content\/uploads\/2023\/11\/Carlos-Ferreira-European-Judo-Championships-Seniors-Montpellier-2023-2023-290349-1024x746.jpg 1024w, https:\/\/judobelgium.be\/wp-content\/uploads\/2023\/11\/Carlos-Ferreira-European-Judo-Championships-Seniors-Montpellier-2023-2023-290349-500x364.jpg 500w, https:\/\/judobelgium.be\/wp-content\/uploads\/2023\/11\/Carlos-Ferreira-European-Judo-Championships-Seniors-Montpellier-2023-2023-290349-768x560.jpg 768w, https:\/\/judobelgium.be\/wp-content\/uploads\/2023\/11\/Carlos-Ferreira-European-Judo-Championships-Seniors-Montpellier-2023-2023-290349-1536x1120.jpg 1536w, https:\/\/judobelgium.be\/wp-content\/uploads\/2023\/11\/Carlos-Ferreira-European-Judo-Championships-Seniors-Montpellier-2023-2023-290349-2048x1493.jpg 2048w, https:\/\/judobelgium.be\/wp-content\/uploads\/2023\/11\/Carlos-Ferreira-European-Judo-Championships-Seniors-Montpellier-2023-2023-290349-16x12.jpg 16w\" sizes=\"(max-width: 1024px) 100vw, 1024px\" \/><\/figure>\n<\/figure>\n\n\n\n<h2 class=\"wp-block-heading\">Match Day 03.11<\/h2>\n\n\n\n<h2 class=\"wp-block-heading\">Ellen SALENS (-48kg\/Judoschool Merelbeke\/JV)<\/h2>\n\n\n\n<p><a href=\"https:\/\/judotv.com\/competitions\/eju_sen2023\/contests\/eju_sen2023_0002_f_0048_0016\">Round 1: Defeat vs. Katharina Menz (GER)<\/a><br><\/p>\n\n\n\n<h2 class=\"wp-block-heading\">Lois PETIT (-48kg\/Top Niveau Tournai\/JWB)<\/h2>\n\n\n\n<p><a href=\"https:\/\/judotv.com\/competitions\/eju_sen2023\/contests\/eju_sen2023_0002_f_0048_0002\">Round 1: Defeat vs. Leyla Aliyeva (AE)<\/a><\/p>\n\n\n\n<h2 class=\"wp-block-heading\">Amber RYHEUL (-52kg\/Kon. Ieperse JC Neko\/JV)<\/h2>\n\n\n\n<p>Round 1: Bye<br><a href=\"https:\/\/judotv.com\/competitions\/eju_sen2023\/contests\/eju_sen2023_0002_f_0052_0019\">Round 2: Defeat vs. Reka Pupp (HUN)<\/a><\/p>\n\n\n\n<h2 class=\"wp-block-heading\">Mina LIBEER (-57kg\/Judoschool Merelbeke\/JV)<\/h2>\n\n\n\n<p><a href=\"https:\/\/judotv.com\/competitions\/eju_sen2023\/contests\/eju_sen2023_0002_f_0057_0007\">Round 1: Defeat vs. Veronica Toniolo (ITA)<\/a><\/p>\n\n\n\n<h2 class=\"wp-block-heading\">Jorre VERSTRAETEN (-60kg\/RJC IGW\/JWB) \u2013 5th PLACE<\/h2>\n\n\n\n<p>Round 1: Bye<br><a href=\"https:\/\/judotv.com\/competitions\/eju_sen2023\/contests\/eju_sen2023_0001_m_0060_0024\">Round 2: Victory vs. Salih Yildiz (TUR)<\/a><br><a href=\"https:\/\/judotv.com\/competitions\/eju_sen2023\/contests\/eju_sen2023_0001_m_0060_0028\">Quarter-Final: Defeat vs. Ramazan Abdulaev (AIN)<\/a><br><a href=\"https:\/\/judotv.com\/competitions\/eju_sen2023\/contests\/eju_sen2023_0001_m_0060_0030\">Repechage: Victory vs. Andrea Carlino (ITA)<\/a><br><a href=\"https:\/\/judotv.com\/competitions\/eju_sen2023\/contests\/eju_sen2023_0001_m_0060_0034\">Bronze: Defeat vs. Romain Valadier Picard (FRA)<\/a><\/p>\n\n\n\n<h2 class=\"wp-block-heading\">Match Day 04.11<\/h2>\n\n\n\n<h2 class=\"wp-block-heading\">Abdul Malik UMAYEV (-73kg\/JC Vis\u00e9\/JWB)<\/h2>\n\n\n\n<p>Round 1: Bye<br>Round 2: Defeat vs. Hidayat Heydarov (AZE)<\/p>\n\n\n\n<p><strong>Matthias CASSE (-81kg\/JC Fudji Yama Boom\/Schelle\/JV\/1 WRL) &#8211; 5th Place<\/strong><\/p>\n\n\n\n<p>Round 1: Bye<br>Round 2: Victory vs. Edi Sherifovski (MKD)<br>Round 3: Victory vs. Timur Arbuzov (AIN)<br><a href=\"https:\/\/judotv.com\/competitions\/eju_sen2023\/contests\/eju_sen2023_0001_m_0081_0057\">Quarter-Final: Defeat vs. Wachid Borchashvili (AUT)<\/a><br><a href=\"https:\/\/judotv.com\/competitions\/eju_sen2023\/contests\/eju_sen2023_0001_m_0081_0061\">Repechage: Victory vs. Mykhailo Svidrak (UKR)<\/a><br><a href=\"https:\/\/judotv.com\/competitions\/eju_sen2023\/contests\/eju_sen2023_0001_m_0081_0065\">Bronze: Defeat vs. Alpha Oumar Djalo (FRA)<\/a><\/p>\n\n\n\n<h2 class=\"wp-block-heading\">Jarne Duyck (-81kg\/JC Ingelmunster\/JV)<\/h2>\n\n\n\n<p>Round 1: Victory vs. Jos\u00e9 Maria Mendiola Izquieta (ESP)<br>Round 2: Defeat vs. Bearach Gleeson (IRL)<\/p>\n\n\n\n<h2 class=\"wp-block-heading\">Match Day 05.11<\/h2>\n\n\n\n<h2 class=\"wp-block-heading\">Vicky VERSCHAERE (-78kg\/JC Evergem\/JV)<\/h2>\n\n\n\n<p>Round 1: Bye<br>Round 2: Defeat vs. Alina Boehm (GER)<\/p>\n\n\n\n<h2 class=\"wp-block-heading\">Karel FOUBERT (-90kg\/JC Olympia Brugge\/JV)<\/h2>\n\n\n\n<p>Round 1: Defeat vs. Nemanja Majdov (SRB)<\/p>\n\n\n\n<h2 class=\"wp-block-heading\">Sami CHOUCHI (-90kg\/JC La Chenaie\/JWB)<\/h2>\n\n\n\n<p>Round 1: Victory vs. Jamal Petgrave (GBR)<br>Round 2: Defeat vs. Alexis Mathieu (FRA)<\/p>\n\n\n\n<h2 class=\"wp-block-heading\">Toma NIKIFOROV (-100kg\/Topsport Defensie\/JV)<\/h2>\n\n\n\n<p>Round 1: Victory vs. George Udsilauri (GER)<br>Round 2: Defeat vs. Matvey Kanikovskiy (AIN)<\/p>\n\n\n\n<figure class=\"wp-block-gallery has-nested-images columns-default is-cropped wp-block-gallery-2 is-layout-flex wp-block-gallery-is-layout-flex\">\n<figure class=\"wp-block-image size-large\"><img loading=\"lazy\" decoding=\"async\" width=\"1024\" height=\"790\" data-id=\"2536\" src=\"https:\/\/judobelgium.be\/wp-content\/uploads\/2023\/11\/Verstraeten-1024x790.jpeg\" alt=\"\" class=\"wp-image-2536\" srcset=\"https:\/\/judobelgium.be\/wp-content\/uploads\/2023\/11\/Verstraeten-1024x790.jpeg 1024w, https:\/\/judobelgium.be\/wp-content\/uploads\/2023\/11\/Verstraeten-500x386.jpeg 500w, https:\/\/judobelgium.be\/wp-content\/uploads\/2023\/11\/Verstraeten-768x593.jpeg 768w, https:\/\/judobelgium.be\/wp-content\/uploads\/2023\/11\/Verstraeten-1536x1186.jpeg 1536w, https:\/\/judobelgium.be\/wp-content\/uploads\/2023\/11\/Verstraeten-16x12.jpeg 16w, https:\/\/judobelgium.be\/wp-content\/uploads\/2023\/11\/Verstraeten.jpeg 1600w\" sizes=\"(max-width: 1024px) 100vw, 1024px\" \/><\/figure>\n\n\n\n<figure class=\"wp-block-image size-large\"><img loading=\"lazy\" decoding=\"async\" width=\"1024\" height=\"730\" data-id=\"2543\" src=\"https:\/\/judobelgium.be\/wp-content\/uploads\/2023\/11\/Petit2-1024x730.jpeg\" alt=\"\" class=\"wp-image-2543\" srcset=\"https:\/\/judobelgium.be\/wp-content\/uploads\/2023\/11\/Petit2-1024x730.jpeg 1024w, https:\/\/judobelgium.be\/wp-content\/uploads\/2023\/11\/Petit2-500x357.jpeg 500w, https:\/\/judobelgium.be\/wp-content\/uploads\/2023\/11\/Petit2-768x548.jpeg 768w, https:\/\/judobelgium.be\/wp-content\/uploads\/2023\/11\/Petit2-1536x1095.jpeg 1536w, https:\/\/judobelgium.be\/wp-content\/uploads\/2023\/11\/Petit2-18x12.jpeg 18w, https:\/\/judobelgium.be\/wp-content\/uploads\/2023\/11\/Petit2.jpeg 1600w\" sizes=\"(max-width: 1024px) 100vw, 1024px\" \/><\/figure>\n\n\n\n<figure class=\"wp-block-image size-large\"><img loading=\"lazy\" decoding=\"async\" width=\"1024\" height=\"844\" data-id=\"2541\" src=\"https:\/\/judobelgium.be\/wp-content\/uploads\/2023\/11\/Umayev-1024x844.jpeg\" alt=\"\" class=\"wp-image-2541\" srcset=\"https:\/\/judobelgium.be\/wp-content\/uploads\/2023\/11\/Umayev-1024x844.jpeg 1024w, https:\/\/judobelgium.be\/wp-content\/uploads\/2023\/11\/Umayev-500x412.jpeg 500w, https:\/\/judobelgium.be\/wp-content\/uploads\/2023\/11\/Umayev-768x633.jpeg 768w, https:\/\/judobelgium.be\/wp-content\/uploads\/2023\/11\/Umayev-1536x1265.jpeg 1536w, https:\/\/judobelgium.be\/wp-content\/uploads\/2023\/11\/Umayev-15x12.jpeg 15w, https:\/\/judobelgium.be\/wp-content\/uploads\/2023\/11\/Umayev.jpeg 1600w\" sizes=\"(max-width: 1024px) 100vw, 1024px\" \/><\/figure>\n\n\n\n<figure class=\"wp-block-image size-large\"><img loading=\"lazy\" decoding=\"async\" width=\"1024\" height=\"750\" data-id=\"2537\" src=\"https:\/\/judobelgium.be\/wp-content\/uploads\/2023\/11\/Duyck-1024x750.jpeg\" alt=\"\" class=\"wp-image-2537\" srcset=\"https:\/\/judobelgium.be\/wp-content\/uploads\/2023\/11\/Duyck-1024x750.jpeg 1024w, https:\/\/judobelgium.be\/wp-content\/uploads\/2023\/11\/Duyck-500x366.jpeg 500w, https:\/\/judobelgium.be\/wp-content\/uploads\/2023\/11\/Duyck-768x563.jpeg 768w, https:\/\/judobelgium.be\/wp-content\/uploads\/2023\/11\/Duyck-1536x1125.jpeg 1536w, https:\/\/judobelgium.be\/wp-content\/uploads\/2023\/11\/Duyck-16x12.jpeg 16w, https:\/\/judobelgium.be\/wp-content\/uploads\/2023\/11\/Duyck.jpeg 1600w\" sizes=\"(max-width: 1024px) 100vw, 1024px\" \/><\/figure>\n\n\n\n<figure class=\"wp-block-image size-large\"><img loading=\"lazy\" decoding=\"async\" width=\"1024\" height=\"847\" data-id=\"2538\" src=\"https:\/\/judobelgium.be\/wp-content\/uploads\/2023\/11\/Ryheul-1024x847.jpeg\" alt=\"\" class=\"wp-image-2538\" srcset=\"https:\/\/judobelgium.be\/wp-content\/uploads\/2023\/11\/Ryheul-1024x847.jpeg 1024w, https:\/\/judobelgium.be\/wp-content\/uploads\/2023\/11\/Ryheul-500x414.jpeg 500w, https:\/\/judobelgium.be\/wp-content\/uploads\/2023\/11\/Ryheul-768x636.jpeg 768w, https:\/\/judobelgium.be\/wp-content\/uploads\/2023\/11\/Ryheul-1536x1271.jpeg 1536w, https:\/\/judobelgium.be\/wp-content\/uploads\/2023\/11\/Ryheul-15x12.jpeg 15w, https:\/\/judobelgium.be\/wp-content\/uploads\/2023\/11\/Ryheul.jpeg 1600w\" sizes=\"(max-width: 1024px) 100vw, 1024px\" \/><\/figure>\n\n\n\n<figure class=\"wp-block-image size-large\"><img loading=\"lazy\" decoding=\"async\" width=\"1024\" height=\"790\" data-id=\"2539\" src=\"https:\/\/judobelgium.be\/wp-content\/uploads\/2023\/11\/Nikiforov-1024x790.jpeg\" alt=\"\" class=\"wp-image-2539\" srcset=\"https:\/\/judobelgium.be\/wp-content\/uploads\/2023\/11\/Nikiforov-1024x790.jpeg 1024w, https:\/\/judobelgium.be\/wp-content\/uploads\/2023\/11\/Nikiforov-500x386.jpeg 500w, https:\/\/judobelgium.be\/wp-content\/uploads\/2023\/11\/Nikiforov-768x593.jpeg 768w, https:\/\/judobelgium.be\/wp-content\/uploads\/2023\/11\/Nikiforov-1536x1186.jpeg 1536w, https:\/\/judobelgium.be\/wp-content\/uploads\/2023\/11\/Nikiforov-16x12.jpeg 16w, https:\/\/judobelgium.be\/wp-content\/uploads\/2023\/11\/Nikiforov.jpeg 1600w\" sizes=\"(max-width: 1024px) 100vw, 1024px\" \/><\/figure>\n\n\n\n<figure class=\"wp-block-image size-large\"><img loading=\"lazy\" decoding=\"async\" width=\"1024\" height=\"790\" data-id=\"2542\" src=\"https:\/\/judobelgium.be\/wp-content\/uploads\/2023\/11\/Chouchi-1024x790.jpeg\" alt=\"\" class=\"wp-image-2542\" srcset=\"https:\/\/judobelgium.be\/wp-content\/uploads\/2023\/11\/Chouchi-1024x790.jpeg 1024w, https:\/\/judobelgium.be\/wp-content\/uploads\/2023\/11\/Chouchi-500x386.jpeg 500w, https:\/\/judobelgium.be\/wp-content\/uploads\/2023\/11\/Chouchi-768x593.jpeg 768w, https:\/\/judobelgium.be\/wp-content\/uploads\/2023\/11\/Chouchi-1536x1186.jpeg 1536w, https:\/\/judobelgium.be\/wp-content\/uploads\/2023\/11\/Chouchi-16x12.jpeg 16w, https:\/\/judobelgium.be\/wp-content\/uploads\/2023\/11\/Chouchi.jpeg 1600w\" sizes=\"(max-width: 1024px) 100vw, 1024px\" \/><\/figure>\n\n\n\n<figure class=\"wp-block-image size-large\"><img loading=\"lazy\" decoding=\"async\" width=\"1024\" height=\"790\" data-id=\"2540\" src=\"https:\/\/judobelgium.be\/wp-content\/uploads\/2023\/11\/Foubert-1024x790.jpeg\" alt=\"\" class=\"wp-image-2540\" srcset=\"https:\/\/judobelgium.be\/wp-content\/uploads\/2023\/11\/Foubert-1024x790.jpeg 1024w, https:\/\/judobelgium.be\/wp-content\/uploads\/2023\/11\/Foubert-500x386.jpeg 500w, https:\/\/judobelgium.be\/wp-content\/uploads\/2023\/11\/Foubert-768x593.jpeg 768w, https:\/\/judobelgium.be\/wp-content\/uploads\/2023\/11\/Foubert-1536x1186.jpeg 1536w, https:\/\/judobelgium.be\/wp-content\/uploads\/2023\/11\/Foubert-16x12.jpeg 16w, https:\/\/judobelgium.be\/wp-content\/uploads\/2023\/11\/Foubert.jpeg 1600w\" sizes=\"(max-width: 1024px) 100vw, 1024px\" \/><\/figure>\n\n\n\n<figure class=\"wp-block-image size-large\"><img loading=\"lazy\" decoding=\"async\" width=\"1024\" height=\"803\" data-id=\"2544\" src=\"https:\/\/judobelgium.be\/wp-content\/uploads\/2023\/11\/Salens-1024x803.jpeg\" alt=\"\" class=\"wp-image-2544\" srcset=\"https:\/\/judobelgium.be\/wp-content\/uploads\/2023\/11\/Salens-1024x803.jpeg 1024w, https:\/\/judobelgium.be\/wp-content\/uploads\/2023\/11\/Salens-500x392.jpeg 500w, https:\/\/judobelgium.be\/wp-content\/uploads\/2023\/11\/Salens-768x602.jpeg 768w, https:\/\/judobelgium.be\/wp-content\/uploads\/2023\/11\/Salens-1536x1205.jpeg 1536w, https:\/\/judobelgium.be\/wp-content\/uploads\/2023\/11\/Salens-15x12.jpeg 15w, https:\/\/judobelgium.be\/wp-content\/uploads\/2023\/11\/Salens.jpeg 1600w\" sizes=\"(max-width: 1024px) 100vw, 1024px\" \/><\/figure>\n\n\n\n<figure class=\"wp-block-image size-large\"><img loading=\"lazy\" decoding=\"async\" width=\"1024\" height=\"782\" data-id=\"2546\" src=\"https:\/\/judobelgium.be\/wp-content\/uploads\/2023\/11\/Carlos-Ferreira-European-Judo-Championships-Seniors-Montpellier-2023-2023-290729-1024x782.jpg\" alt=\"\" class=\"wp-image-2546\" srcset=\"https:\/\/judobelgium.be\/wp-content\/uploads\/2023\/11\/Carlos-Ferreira-European-Judo-Championships-Seniors-Montpellier-2023-2023-290729-1024x782.jpg 1024w, https:\/\/judobelgium.be\/wp-content\/uploads\/2023\/11\/Carlos-Ferreira-European-Judo-Championships-Seniors-Montpellier-2023-2023-290729-500x382.jpg 500w, https:\/\/judobelgium.be\/wp-content\/uploads\/2023\/11\/Carlos-Ferreira-European-Judo-Championships-Seniors-Montpellier-2023-2023-290729-768x586.jpg 768w, https:\/\/judobelgium.be\/wp-content\/uploads\/2023\/11\/Carlos-Ferreira-European-Judo-Championships-Seniors-Montpellier-2023-2023-290729-1536x1172.jpg 1536w, https:\/\/judobelgium.be\/wp-content\/uploads\/2023\/11\/Carlos-Ferreira-European-Judo-Championships-Seniors-Montpellier-2023-2023-290729-2048x1563.jpg 2048w, https:\/\/judobelgium.be\/wp-content\/uploads\/2023\/11\/Carlos-Ferreira-European-Judo-Championships-Seniors-Montpellier-2023-2023-290729-16x12.jpg 16w\" sizes=\"(max-width: 1024px) 100vw, 1024px\" \/><\/figure>\n<\/figure>","protected":false},"excerpt":{"rendered":"<p>MONTPELLIER &#8211; Afgelopen weekend vond in het Franse Montpellier het Europese Kampioenschap Judo plaats. Judo Belgium zond twaalf judoka\u2019s uit naar dit EK van de EJU. Het was deze keer geen succes voor de Belgen. Vrijwel alle judoka\u2019s van Team Belgium werden in de voorronde uitgeschakeld. Twee judoka\u2019s, Matthias Casse (JV) en Jorre Verstraeten (JWB), [&hellip;]<\/p>\n","protected":false},"author":4,"featured_media":2521,"comment_status":"closed","ping_status":"closed","sticky":false,"template":"","format":"standard","meta":{"_seopress_robots_primary_cat":"none","_seopress_titles_title":"","_seopress_titles_desc":"","_seopress_robots_index":"","footnotes":""},"categories":[5],"tags":[148,225,226,58,224,227],"class_list":["post-2515","post","type-post","status-publish","format-standard","has-post-thumbnail","hentry","category-judo-internationaal","tag-148","tag-ce-sen","tag-ec-sen","tag-eju","tag-ek-sen","tag-montpellier"],"_links":{"self":[{"href":"https:\/\/judobelgium.be\/fr\/wp-json\/wp\/v2\/posts\/2515","targetHints":{"allow":["GET"]}}],"collection":[{"href":"https:\/\/judobelgium.be\/fr\/wp-json\/wp\/v2\/posts"}],"about":[{"href":"https:\/\/judobelgium.be\/fr\/wp-json\/wp\/v2\/types\/post"}],"author":[{"embeddable":true,"href":"https:\/\/judobelgium.be\/fr\/wp-json\/wp\/v2\/users\/4"}],"replies":[{"embeddable":true,"href":"https:\/\/judobelgium.be\/fr\/wp-json\/wp\/v2\/comments?post=2515"}],"version-history":[{"count":3,"href":"https:\/\/judobelgium.be\/fr\/wp-json\/wp\/v2\/posts\/2515\/revisions"}],"predecessor-version":[{"id":2548,"href":"https:\/\/judobelgium.be\/fr\/wp-json\/wp\/v2\/posts\/2515\/revisions\/2548"}],"wp:featuredmedia":[{"embeddable":true,"href":"https:\/\/judobelgium.be\/fr\/wp-json\/wp\/v2\/media\/2521"}],"wp:attachment":[{"href":"https:\/\/judobelgium.be\/fr\/wp-json\/wp\/v2\/media?parent=2515"}],"wp:term":[{"taxonomy":"category","embeddable":true,"href":"https:\/\/judobelgium.be\/fr\/wp-json\/wp\/v2\/categories?post=2515"},{"taxonomy":"post_tag","embeddable":true,"href":"https:\/\/judobelgium.be\/fr\/wp-json\/wp\/v2\/tags?post=2515"}],"curies":[{"name":"wp","href":"https:\/\/api.w.org\/{rel}","templated":true}]}}