{"id":2707,"date":"2024-01-29T10:18:58","date_gmt":"2024-01-29T09:18:58","guid":{"rendered":"https:\/\/judobelgium.be\/?p=2707"},"modified":"2024-01-29T10:18:58","modified_gmt":"2024-01-29T09:18:58","slug":"7de-plaats-voor-lois-petit-op-grand-prix-portugal","status":"publish","type":"post","link":"https:\/\/judobelgium.be\/fr\/judo-internationaal\/7de-plaats-voor-lois-petit-op-grand-prix-portugal\/","title":{"rendered":"7e place pour Lois Petit au Grand Prix du Portugal"},"content":{"rendered":"<p>ODIVELAS - Le Grand Prix du Portugal \u00e0 Odivelas est le premier \u00e9v\u00e9nement du World Judo Tour auquel nos meilleurs judokas ont particip\u00e9 cette ann\u00e9e. Le Grand Prix s'est d\u00e9roul\u00e9 du 26 au 28 janvier. Cinq judokas de l'\u00e9quipe belge \u00e9taient en action. Cependant, aucune m\u00e9daille n'a \u00e9t\u00e9 remport\u00e9e. Nos judokas ont \u00e9t\u00e9 \u00e9limin\u00e9s lors des pr\u00e9liminaires. Lois Petit a obtenu le meilleur r\u00e9sultat avec une septi\u00e8me place.<\/p>\n\n\n\n<figure class=\"wp-block-gallery has-nested-images columns-default is-cropped wp-block-gallery-1 is-layout-flex wp-block-gallery-is-layout-flex\">\n<figure class=\"wp-block-image size-large\"><img fetchpriority=\"high\" decoding=\"async\" width=\"1024\" height=\"755\" data-id=\"2710\" src=\"https:\/\/judobelgium.be\/wp-content\/uploads\/2024\/01\/S_C6614-1706282533-1706282533-1024x755.jpg\" alt=\"\" class=\"wp-image-2710\" srcset=\"https:\/\/judobelgium.be\/wp-content\/uploads\/2024\/01\/S_C6614-1706282533-1706282533-1024x755.jpg 1024w, https:\/\/judobelgium.be\/wp-content\/uploads\/2024\/01\/S_C6614-1706282533-1706282533-500x369.jpg 500w, https:\/\/judobelgium.be\/wp-content\/uploads\/2024\/01\/S_C6614-1706282533-1706282533-768x566.jpg 768w, https:\/\/judobelgium.be\/wp-content\/uploads\/2024\/01\/S_C6614-1706282533-1706282533-1536x1133.jpg 1536w, https:\/\/judobelgium.be\/wp-content\/uploads\/2024\/01\/S_C6614-1706282533-1706282533-16x12.jpg 16w, https:\/\/judobelgium.be\/wp-content\/uploads\/2024\/01\/S_C6614-1706282533-1706282533.jpg 2048w\" sizes=\"(max-width: 1024px) 100vw, 1024px\" \/><figcaption class=\"wp-element-caption\">Lois petit vs Abiba Abuzhakynova (KAZ)<\/figcaption><\/figure>\n\n\n\n<figure class=\"wp-block-image size-large\"><img decoding=\"async\" width=\"1024\" height=\"684\" data-id=\"2711\" src=\"https:\/\/judobelgium.be\/wp-content\/uploads\/2024\/01\/KUL_2639-1706455499-1706455499-1024x684.jpg\" alt=\"\" class=\"wp-image-2711\" srcset=\"https:\/\/judobelgium.be\/wp-content\/uploads\/2024\/01\/KUL_2639-1706455499-1706455499-1024x684.jpg 1024w, https:\/\/judobelgium.be\/wp-content\/uploads\/2024\/01\/KUL_2639-1706455499-1706455499-500x334.jpg 500w, https:\/\/judobelgium.be\/wp-content\/uploads\/2024\/01\/KUL_2639-1706455499-1706455499-768x513.jpg 768w, https:\/\/judobelgium.be\/wp-content\/uploads\/2024\/01\/KUL_2639-1706455499-1706455499-1536x1025.jpg 1536w, https:\/\/judobelgium.be\/wp-content\/uploads\/2024\/01\/KUL_2639-1706455499-1706455499-2048x1367.jpg 2048w, https:\/\/judobelgium.be\/wp-content\/uploads\/2024\/01\/KUL_2639-1706455499-1706455499-18x12.jpg 18w\" sizes=\"(max-width: 1024px) 100vw, 1024px\" \/><figcaption class=\"wp-element-caption\">Sami Chouchi vs Kenshin Mori (JPN)<\/figcaption><\/figure>\n\n\n\n<figure class=\"wp-block-image size-large\"><img decoding=\"async\" width=\"1024\" height=\"683\" data-id=\"2712\" src=\"https:\/\/judobelgium.be\/wp-content\/uploads\/2024\/01\/KUL_1877-1706455422-1706455422-1024x683.jpg\" alt=\"\" class=\"wp-image-2712\" srcset=\"https:\/\/judobelgium.be\/wp-content\/uploads\/2024\/01\/KUL_1877-1706455422-1706455422-1024x683.jpg 1024w, https:\/\/judobelgium.be\/wp-content\/uploads\/2024\/01\/KUL_1877-1706455422-1706455422-500x333.jpg 500w, https:\/\/judobelgium.be\/wp-content\/uploads\/2024\/01\/KUL_1877-1706455422-1706455422-768x512.jpg 768w, https:\/\/judobelgium.be\/wp-content\/uploads\/2024\/01\/KUL_1877-1706455422-1706455422-1536x1024.jpg 1536w, https:\/\/judobelgium.be\/wp-content\/uploads\/2024\/01\/KUL_1877-1706455422-1706455422-2048x1366.jpg 2048w, https:\/\/judobelgium.be\/wp-content\/uploads\/2024\/01\/KUL_1877-1706455422-1706455422-18x12.jpg 18w\" sizes=\"(max-width: 1024px) 100vw, 1024px\" \/><figcaption class=\"wp-element-caption\">Sami Chouchi vs Diogo Luis (POR)<\/figcaption><\/figure>\n<\/figure>\n\n\n\n<h2 class=\"wp-block-heading\">Lois Petit (-48kg\/Top Niveau Tournai\/JWB) \u2013 7th Place<\/h2>\n\n\n\n<p><a href=\"https:\/\/judotv.com\/competitions\/gp_por2024\/contests\/gp_por2024_0002_f_0048_0010\">Round 1: Victory vs. Geronay Whitebooi (RSA)<\/a><br><a href=\"https:\/\/judotv.com\/competitions\/gp_por2024\/contests\/gp_por2024_0002_f_0048_0037\">Round 2: Victory vs. Maria Celia Laborde (USA)<\/a><br><a href=\"https:\/\/judotv.com\/competitions\/gp_por2024\/contests\/gp_por2024_0002_f_0048_0051\">Round 3: Victory vs. Shira Roshiny (ISR)<\/a><br><a href=\"https:\/\/judotv.com\/competitions\/gp_por2024\/contests\/gp_por2024_0002_f_0048_0058\">Quarter Final: Defeat vs. Su Song Jung (PRK)<\/a><br><a href=\"https:\/\/judotv.com\/competitions\/gp_por2024\/contests\/gp_por2024_0002_f_0048_0061\">Repechage 1: Defeat vs. Abiba Abuzhakynova (KAZ)<\/a><\/p>\n\n\n\n<h2 class=\"wp-block-heading\">Amber Ryheul (-52kg\/Kon. Ieperse JC Neko\/JV)<\/h2>\n\n\n\n<p>Round 1: Bye<br><a href=\"https:\/\/judotv.com\/competitions\/gp_por2024\/contests\/gp_por2024_0002_f_0052_0035\">Round 2: Defeat vs. Yerin Jung (KOR)<\/a><\/p>\n\n\n\n<h2 class=\"wp-block-heading\">Mina Libeer (-57kg\/JS Merelbeke\/JV)<\/h2>\n\n\n\n<p><a href=\"https:\/\/judotv.com\/competitions\/gp_por2024\/contests\/gp_por2024_0002_f_0057_0031\">Round 1: Victory vs. Yamini Mourya (IND)<\/a><br><a href=\"https:\/\/judotv.com\/competitions\/gp_por2024\/contests\/gp_por2024_0002_f_0057_0048\">Round 2: Defeat vs. Ophelie Vellozzi (FRA)<\/a><\/p>\n\n\n\n<h2 class=\"wp-block-heading\">Alessia Corrao (-63kg\/Defensie\/JWB)<\/h2>\n\n\n\n<p><a href=\"https:\/\/judotv.com\/competitions\/gp_por2024\/contests\/gp_por2024_0002_f_0063_0027\">Round 1: Victory vs. Carolina Delgado Frances (CPV)<\/a><br><a href=\"https:\/\/judotv.com\/competitions\/gp_por2024\/contests\/gp_por2024_0002_f_0063_0046\">Round 2: Defeat vs. Flavia Favorini (ITA)<\/a><\/p>\n\n\n\n<h2 class=\"wp-block-heading\">Sami Chouchi (-90kg\/La Chenaie\/JWB)<\/h2>\n\n\n\n<p><a href=\"https:\/\/judotv.com\/competitions\/gp_por2024\/contests\/gp_por2024_0001_m_0090_0020\">Round 1: Victory vs. Diogo Luis (POR)<\/a><br><a href=\"https:\/\/judotv.com\/competitions\/gp_por2024\/contests\/gp_por2024_0001_m_0090_0042\">Round 2: Defeat vs. Kenshin Mori (JPN)<\/a><\/p>","protected":false},"excerpt":{"rendered":"<p>ODIVELAS &#8211; De Portugal Grand Prix in Odivelas is het eerste evenement op de World Judo Tour waar onze topjudoka\u2019s dit jaar in actie komen. De Grand Prix vond plaats van 26 tot en met 28 januari. Vijf judoka\u2019s van Team Belgium kwamen in actie. Echter geen medailleplaats. Onze judoka\u2019s werden uitgeschakeld in de voorrondes. [&hellip;]<\/p>\n","protected":false},"author":4,"featured_media":2710,"comment_status":"closed","ping_status":"closed","sticky":false,"template":"","format":"standard","meta":{"_seopress_robots_primary_cat":"none","_seopress_titles_title":"","_seopress_titles_desc":"","_seopress_robots_index":"","footnotes":""},"categories":[5],"tags":[247,82,73,196,151,74],"class_list":["post-2707","post","type-post","status-publish","format-standard","has-post-thumbnail","hentry","category-judo-internationaal","tag-247","tag-grand-prix","tag-ijf","tag-odivelas","tag-portugal","tag-wjt"],"_links":{"self":[{"href":"https:\/\/judobelgium.be\/fr\/wp-json\/wp\/v2\/posts\/2707","targetHints":{"allow":["GET"]}}],"collection":[{"href":"https:\/\/judobelgium.be\/fr\/wp-json\/wp\/v2\/posts"}],"about":[{"href":"https:\/\/judobelgium.be\/fr\/wp-json\/wp\/v2\/types\/post"}],"author":[{"embeddable":true,"href":"https:\/\/judobelgium.be\/fr\/wp-json\/wp\/v2\/users\/4"}],"replies":[{"embeddable":true,"href":"https:\/\/judobelgium.be\/fr\/wp-json\/wp\/v2\/comments?post=2707"}],"version-history":[{"count":3,"href":"https:\/\/judobelgium.be\/fr\/wp-json\/wp\/v2\/posts\/2707\/revisions"}],"predecessor-version":[{"id":2714,"href":"https:\/\/judobelgium.be\/fr\/wp-json\/wp\/v2\/posts\/2707\/revisions\/2714"}],"wp:featuredmedia":[{"embeddable":true,"href":"https:\/\/judobelgium.be\/fr\/wp-json\/wp\/v2\/media\/2710"}],"wp:attachment":[{"href":"https:\/\/judobelgium.be\/fr\/wp-json\/wp\/v2\/media?parent=2707"}],"wp:term":[{"taxonomy":"category","embeddable":true,"href":"https:\/\/judobelgium.be\/fr\/wp-json\/wp\/v2\/categories?post=2707"},{"taxonomy":"post_tag","embeddable":true,"href":"https:\/\/judobelgium.be\/fr\/wp-json\/wp\/v2\/tags?post=2707"}],"curies":[{"name":"wp","href":"https:\/\/api.w.org\/{rel}","templated":true}]}}