{"id":2724,"date":"2024-02-05T13:10:56","date_gmt":"2024-02-05T12:10:56","guid":{"rendered":"https:\/\/judobelgium.be\/?p=2724"},"modified":"2024-02-05T13:10:57","modified_gmt":"2024-02-05T12:10:57","slug":"grand-slam-paris-goud-voor-casse-7de-plaats-voor-chouchi","status":"publish","type":"post","link":"https:\/\/judobelgium.be\/fr\/judo-internationaal\/grand-slam-paris-goud-voor-casse-7de-plaats-voor-chouchi\/","title":{"rendered":"Grand Chelem Paris : l'or pour Casse, la 7e place pour Chouchi"},"content":{"rendered":"<p>PARIS - Du 2 au 4 f\u00e9vrier, le Grand Chelem le plus l\u00e9gendaire du World Judo Tour s'est d\u00e9roul\u00e9 \u00e0 Paris. Le GS Paris est \u00e9galement l'un des plus grands tournois. Six judokas de Judo Belgium se sont affront\u00e9s sur les tatamis parisiens. Voici un aper\u00e7u des combats.<\/p>\n\n\n\n<figure class=\"wp-block-gallery has-nested-images columns-default is-cropped wp-block-gallery-1 is-layout-flex wp-block-gallery-is-layout-flex\">\n<figure class=\"wp-block-image size-large\"><img fetchpriority=\"high\" decoding=\"async\" width=\"1024\" height=\"683\" data-id=\"2728\" src=\"https:\/\/judobelgium.be\/wp-content\/uploads\/2024\/02\/KUL_9944-1706991047-1706991047-1024x683.jpg\" alt=\"\" class=\"wp-image-2728\" srcset=\"https:\/\/judobelgium.be\/wp-content\/uploads\/2024\/02\/KUL_9944-1706991047-1706991047-1024x683.jpg 1024w, https:\/\/judobelgium.be\/wp-content\/uploads\/2024\/02\/KUL_9944-1706991047-1706991047-500x333.jpg 500w, https:\/\/judobelgium.be\/wp-content\/uploads\/2024\/02\/KUL_9944-1706991047-1706991047-768x512.jpg 768w, https:\/\/judobelgium.be\/wp-content\/uploads\/2024\/02\/KUL_9944-1706991047-1706991047-1536x1024.jpg 1536w, https:\/\/judobelgium.be\/wp-content\/uploads\/2024\/02\/KUL_9944-1706991047-1706991047-2048x1365.jpg 2048w, https:\/\/judobelgium.be\/wp-content\/uploads\/2024\/02\/KUL_9944-1706991047-1706991047-18x12.jpg 18w\" sizes=\"(max-width: 1024px) 100vw, 1024px\" \/><figcaption class=\"wp-element-caption\">Matthias Casse (-81kg)<\/figcaption><\/figure>\n\n\n\n<figure class=\"wp-block-image size-large\"><img decoding=\"async\" width=\"1024\" height=\"683\" data-id=\"2730\" src=\"https:\/\/judobelgium.be\/wp-content\/uploads\/2024\/02\/KUL_6577-1706969685-1706969685-1024x683.jpg\" alt=\"\" class=\"wp-image-2730\" srcset=\"https:\/\/judobelgium.be\/wp-content\/uploads\/2024\/02\/KUL_6577-1706969685-1706969685-1024x683.jpg 1024w, https:\/\/judobelgium.be\/wp-content\/uploads\/2024\/02\/KUL_6577-1706969685-1706969685-500x333.jpg 500w, https:\/\/judobelgium.be\/wp-content\/uploads\/2024\/02\/KUL_6577-1706969685-1706969685-768x512.jpg 768w, https:\/\/judobelgium.be\/wp-content\/uploads\/2024\/02\/KUL_6577-1706969685-1706969685-1536x1024.jpg 1536w, https:\/\/judobelgium.be\/wp-content\/uploads\/2024\/02\/KUL_6577-1706969685-1706969685-2048x1365.jpg 2048w, https:\/\/judobelgium.be\/wp-content\/uploads\/2024\/02\/KUL_6577-1706969685-1706969685-18x12.jpg 18w\" sizes=\"(max-width: 1024px) 100vw, 1024px\" \/><figcaption class=\"wp-element-caption\">Matthias Casse (-81kg)<\/figcaption><\/figure>\n\n\n\n<figure class=\"wp-block-image size-large\"><img decoding=\"async\" width=\"1024\" height=\"684\" data-id=\"2729\" src=\"https:\/\/judobelgium.be\/wp-content\/uploads\/2024\/02\/KUL_6604-1706969689-1706969689-1024x684.jpg\" alt=\"\" class=\"wp-image-2729\" srcset=\"https:\/\/judobelgium.be\/wp-content\/uploads\/2024\/02\/KUL_6604-1706969689-1706969689-1024x684.jpg 1024w, https:\/\/judobelgium.be\/wp-content\/uploads\/2024\/02\/KUL_6604-1706969689-1706969689-500x334.jpg 500w, https:\/\/judobelgium.be\/wp-content\/uploads\/2024\/02\/KUL_6604-1706969689-1706969689-768x513.jpg 768w, https:\/\/judobelgium.be\/wp-content\/uploads\/2024\/02\/KUL_6604-1706969689-1706969689-1536x1025.jpg 1536w, https:\/\/judobelgium.be\/wp-content\/uploads\/2024\/02\/KUL_6604-1706969689-1706969689-2048x1367.jpg 2048w, https:\/\/judobelgium.be\/wp-content\/uploads\/2024\/02\/KUL_6604-1706969689-1706969689-18x12.jpg 18w\" sizes=\"(max-width: 1024px) 100vw, 1024px\" \/><figcaption class=\"wp-element-caption\">Matthias Casse (-81kg)<\/figcaption><\/figure>\n\n\n\n<figure class=\"wp-block-image size-large\"><img loading=\"lazy\" decoding=\"async\" width=\"1024\" height=\"683\" data-id=\"2731\" src=\"https:\/\/judobelgium.be\/wp-content\/uploads\/2024\/02\/KUL_6626-1706969694-1706969694-1024x683.jpg\" alt=\"\" class=\"wp-image-2731\" srcset=\"https:\/\/judobelgium.be\/wp-content\/uploads\/2024\/02\/KUL_6626-1706969694-1706969694-1024x683.jpg 1024w, https:\/\/judobelgium.be\/wp-content\/uploads\/2024\/02\/KUL_6626-1706969694-1706969694-500x333.jpg 500w, https:\/\/judobelgium.be\/wp-content\/uploads\/2024\/02\/KUL_6626-1706969694-1706969694-768x512.jpg 768w, https:\/\/judobelgium.be\/wp-content\/uploads\/2024\/02\/KUL_6626-1706969694-1706969694-1536x1024.jpg 1536w, https:\/\/judobelgium.be\/wp-content\/uploads\/2024\/02\/KUL_6626-1706969694-1706969694-2048x1365.jpg 2048w, https:\/\/judobelgium.be\/wp-content\/uploads\/2024\/02\/KUL_6626-1706969694-1706969694-18x12.jpg 18w\" sizes=\"(max-width: 1024px) 100vw, 1024px\" \/><figcaption class=\"wp-element-caption\">Matthias Casse (-81kg)<\/figcaption><\/figure>\n\n\n\n<figure class=\"wp-block-image size-large\"><img loading=\"lazy\" decoding=\"async\" width=\"1024\" height=\"713\" data-id=\"2732\" src=\"https:\/\/judobelgium.be\/wp-content\/uploads\/2024\/02\/S_C9014-1707049605-1707049605-1024x713.jpg\" alt=\"\" class=\"wp-image-2732\" srcset=\"https:\/\/judobelgium.be\/wp-content\/uploads\/2024\/02\/S_C9014-1707049605-1707049605-1024x713.jpg 1024w, https:\/\/judobelgium.be\/wp-content\/uploads\/2024\/02\/S_C9014-1707049605-1707049605-500x348.jpg 500w, https:\/\/judobelgium.be\/wp-content\/uploads\/2024\/02\/S_C9014-1707049605-1707049605-768x534.jpg 768w, https:\/\/judobelgium.be\/wp-content\/uploads\/2024\/02\/S_C9014-1707049605-1707049605-1536x1069.jpg 1536w, https:\/\/judobelgium.be\/wp-content\/uploads\/2024\/02\/S_C9014-1707049605-1707049605-18x12.jpg 18w, https:\/\/judobelgium.be\/wp-content\/uploads\/2024\/02\/S_C9014-1707049605-1707049605.jpg 2048w\" sizes=\"(max-width: 1024px) 100vw, 1024px\" \/><figcaption class=\"wp-element-caption\">Sami Chouchi (-90kg)<\/figcaption><\/figure>\n\n\n\n<figure class=\"wp-block-image size-large\"><img loading=\"lazy\" decoding=\"async\" width=\"1024\" height=\"683\" data-id=\"2733\" src=\"https:\/\/judobelgium.be\/wp-content\/uploads\/2024\/02\/EDF_6068-1707055690-1707055690-1024x683.jpg\" alt=\"\" class=\"wp-image-2733\" srcset=\"https:\/\/judobelgium.be\/wp-content\/uploads\/2024\/02\/EDF_6068-1707055690-1707055690-1024x683.jpg 1024w, https:\/\/judobelgium.be\/wp-content\/uploads\/2024\/02\/EDF_6068-1707055690-1707055690-500x333.jpg 500w, https:\/\/judobelgium.be\/wp-content\/uploads\/2024\/02\/EDF_6068-1707055690-1707055690-768x512.jpg 768w, https:\/\/judobelgium.be\/wp-content\/uploads\/2024\/02\/EDF_6068-1707055690-1707055690-1536x1024.jpg 1536w, https:\/\/judobelgium.be\/wp-content\/uploads\/2024\/02\/EDF_6068-1707055690-1707055690-2048x1365.jpg 2048w, https:\/\/judobelgium.be\/wp-content\/uploads\/2024\/02\/EDF_6068-1707055690-1707055690-18x12.jpg 18w\" sizes=\"(max-width: 1024px) 100vw, 1024px\" \/><figcaption class=\"wp-element-caption\">Sami Chouchi (-90kg)<\/figcaption><\/figure>\n\n\n\n<figure class=\"wp-block-image size-large\"><img loading=\"lazy\" decoding=\"async\" width=\"1024\" height=\"683\" data-id=\"2734\" src=\"https:\/\/judobelgium.be\/wp-content\/uploads\/2024\/02\/EDF_6285-1707055714-1707055714-1024x683.jpg\" alt=\"\" class=\"wp-image-2734\" srcset=\"https:\/\/judobelgium.be\/wp-content\/uploads\/2024\/02\/EDF_6285-1707055714-1707055714-1024x683.jpg 1024w, https:\/\/judobelgium.be\/wp-content\/uploads\/2024\/02\/EDF_6285-1707055714-1707055714-500x333.jpg 500w, https:\/\/judobelgium.be\/wp-content\/uploads\/2024\/02\/EDF_6285-1707055714-1707055714-768x512.jpg 768w, https:\/\/judobelgium.be\/wp-content\/uploads\/2024\/02\/EDF_6285-1707055714-1707055714-1536x1024.jpg 1536w, https:\/\/judobelgium.be\/wp-content\/uploads\/2024\/02\/EDF_6285-1707055714-1707055714-2048x1365.jpg 2048w, https:\/\/judobelgium.be\/wp-content\/uploads\/2024\/02\/EDF_6285-1707055714-1707055714-18x12.jpg 18w\" sizes=\"(max-width: 1024px) 100vw, 1024px\" \/><figcaption class=\"wp-element-caption\">Sami Chouchi (-90kg)<\/figcaption><\/figure>\n\n\n\n<figure class=\"wp-block-image size-large\"><img loading=\"lazy\" decoding=\"async\" width=\"1024\" height=\"683\" data-id=\"2735\" src=\"https:\/\/judobelgium.be\/wp-content\/uploads\/2024\/02\/KUL_0655-1707050404-1707050404-1024x683.jpg\" alt=\"\" class=\"wp-image-2735\" srcset=\"https:\/\/judobelgium.be\/wp-content\/uploads\/2024\/02\/KUL_0655-1707050404-1707050404-1024x683.jpg 1024w, https:\/\/judobelgium.be\/wp-content\/uploads\/2024\/02\/KUL_0655-1707050404-1707050404-500x333.jpg 500w, https:\/\/judobelgium.be\/wp-content\/uploads\/2024\/02\/KUL_0655-1707050404-1707050404-768x512.jpg 768w, https:\/\/judobelgium.be\/wp-content\/uploads\/2024\/02\/KUL_0655-1707050404-1707050404-1536x1024.jpg 1536w, https:\/\/judobelgium.be\/wp-content\/uploads\/2024\/02\/KUL_0655-1707050404-1707050404-2048x1365.jpg 2048w, https:\/\/judobelgium.be\/wp-content\/uploads\/2024\/02\/KUL_0655-1707050404-1707050404-18x12.jpg 18w\" sizes=\"(max-width: 1024px) 100vw, 1024px\" \/><figcaption class=\"wp-element-caption\">Toma Nikiforov (-100kg)<\/figcaption><\/figure>\n\n\n\n<figure class=\"wp-block-image size-large\"><img loading=\"lazy\" decoding=\"async\" width=\"1024\" height=\"683\" data-id=\"2736\" src=\"https:\/\/judobelgium.be\/wp-content\/uploads\/2024\/02\/EDF_9194-1706886828-1706886828-1024x683.jpg\" alt=\"\" class=\"wp-image-2736\" srcset=\"https:\/\/judobelgium.be\/wp-content\/uploads\/2024\/02\/EDF_9194-1706886828-1706886828-1024x683.jpg 1024w, https:\/\/judobelgium.be\/wp-content\/uploads\/2024\/02\/EDF_9194-1706886828-1706886828-500x333.jpg 500w, https:\/\/judobelgium.be\/wp-content\/uploads\/2024\/02\/EDF_9194-1706886828-1706886828-768x512.jpg 768w, https:\/\/judobelgium.be\/wp-content\/uploads\/2024\/02\/EDF_9194-1706886828-1706886828-1536x1024.jpg 1536w, https:\/\/judobelgium.be\/wp-content\/uploads\/2024\/02\/EDF_9194-1706886828-1706886828-2048x1365.jpg 2048w, https:\/\/judobelgium.be\/wp-content\/uploads\/2024\/02\/EDF_9194-1706886828-1706886828-18x12.jpg 18w\" sizes=\"(max-width: 1024px) 100vw, 1024px\" \/><figcaption class=\"wp-element-caption\">MINA LIBEER (-57kg)<\/figcaption><\/figure>\n<\/figure>\n\n\n\n<h2 class=\"wp-block-heading\">Amer Ryheul (-52kg)<\/h2>\n\n\n\n<p>Round 1: Bye<br><a href=\"https:\/\/judotv.com\/competitions\/gs_fra2024\/contests\/gs_fra2024_0002_f_0052_0046\">Round 2: Victory vs. Sofia Fiora (ARG)<\/a><br><a href=\"https:\/\/judotv.com\/competitions\/gs_fra2024\/contests\/gs_fra2024_0002_f_0052_0055\">Round 3: Defeat vs. Chelsie Giles (GBR)<\/a><\/p>\n\n\n\n<h2 class=\"wp-block-heading\">Mina Libeer (-57kg)<\/h2>\n\n\n\n<p>Round 1: Bye<br><a href=\"https:\/\/judotv.com\/competitions\/gs_fra2024\/contests\/gs_fra2024_0002_f_0057_0046\">Round 2: Defeat vs. Akari Omori (JPN)<\/a><\/p>\n\n\n\n<h2 class=\"wp-block-heading\">Jorre Verstraeten (-66kg)<\/h2>\n\n\n\n<p><a href=\"https:\/\/judotv.com\/competitions\/gs_fra2024\/contests\/gs_fra2024_0001_m_0060_0022\">Round 1: Victory vs. Vijay Kumar Yadav (IND)<\/a><br><a href=\"https:\/\/judotv.com\/competitions\/gs_fra2024\/contests\/gs_fra2024_0001_m_0060_0043\">Round 2: Defeat vs. Dilshot Khalmatov (UKR)<\/a><\/p>\n\n\n\n<h2 class=\"wp-block-heading\">Matthias Casse (-81kg) \u2013 GOLD<\/h2>\n\n\n\n<p>Round 1: Bye<br><a href=\"https:\/\/judotv.com\/competitions\/gs_fra2024\/contests\/gs_fra2024_0001_m_0081_0033\">Round 2: Victory vs. Max Stewart (JAM)<\/a><br><a href=\"https:\/\/judotv.com\/competitions\/gs_fra2024\/contests\/gs_fra2024_0001_m_0081_0049\">Round 3: Victory vs. Adam Tsechoev (AIN)<\/a><br><a href=\"https:\/\/judotv.com\/competitions\/gs_fra2024\/contests\/gs_fra2024_0001_m_0081_0057\">Quarter-final: Victory vs. Abylaikhan Zhubanazar (KAZ)<\/a><br><a href=\"https:\/\/judotv.com\/competitions\/gs_fra2024\/contests\/gs_fra2024_0001_m_0081_0063\">Semi-final: Victory vs. Somon Makhmadbekov (TJK)<\/a><br><a href=\"https:\/\/judotv.com\/competitions\/gs_fra2024\/contests\/gs_fra2024_0001_m_0081_0067\">Final: Victory vs. Zelim Tckaev (AZE)<\/a><\/p>\n\n\n\n<h2 class=\"wp-block-heading\">Sami Chouchi (-90kg) \u2013 7th PLACE<\/h2>\n\n\n\n<p><a href=\"https:\/\/judotv.com\/competitions\/gs_fra2024\/contests\/gs_fra2024_0001_m_0090_0027\">Round 1: Victory vs. Martin Matijass (GER)<\/a><br><a href=\"https:\/\/judotv.com\/competitions\/gs_fra2024\/contests\/gs_fra2024_0001_m_0090_0046\">Round 2: Victory vs. Vlad Visan (ROU)<\/a><br><a href=\"https:\/\/judotv.com\/competitions\/gs_fra2024\/contests\/gs_fra2024_0001_m_0090_0055\">Round 3: Victory vs. Theodoros Tselidis (GRE)<\/a><br><a href=\"https:\/\/judotv.com\/competitions\/gs_fra2024\/contests\/gs_fra2024_0001_m_0090_0060\">Quarter-Final: Defeat vs. Maxime-Gael Ngayap Hambou (FRA)<\/a><br><a href=\"https:\/\/judotv.com\/competitions\/gs_fra2024\/contests\/gs_fra2024_0001_m_0090_0062\">Repechage 1: Defeat vs. Erlan Sherov (KGZ)<\/a><\/p>\n\n\n\n<h2 class=\"wp-block-heading\">Toma Nikiforov (-100kg)<\/h2>\n\n\n\n<p><a href=\"https:\/\/judotv.com\/competitions\/gs_fra2024\/contests\/gs_fra2024_0001_m_0100_0011\">Round 1: Victory vs. Varlam Liparteliani (GEO)<\/a><br><a href=\"https:\/\/judotv.com\/competitions\/gs_fra2024\/contests\/gs_fra2024_0001_m_0100_0038\">Round 2: Defeat vs. Piotr Kuczera (POL)<\/a><br><\/p>","protected":false},"excerpt":{"rendered":"<p>PARIS &#8211; Van 2 tot 4 februari vond in Parijs de meest legendarische Grand Slam van de World Judo Tour door. De GS van Parijs is tevens \u00e9\u00e9n van de grootste tornooien. Zes judoka\u2019s van Judo Belgium traden op de Parijse tatami in actie. Hierna een overzicht van de kampen. Amer Ryheul (-52kg) Round 1: [&hellip;]<\/p>\n","protected":false},"author":4,"featured_media":2728,"comment_status":"closed","ping_status":"closed","sticky":false,"template":"","format":"standard","meta":{"_seopress_robots_primary_cat":"none","_seopress_titles_title":"","_seopress_titles_desc":"","_seopress_robots_index":"","footnotes":""},"categories":[5],"tags":[247,154,73],"class_list":["post-2724","post","type-post","status-publish","format-standard","has-post-thumbnail","hentry","category-judo-internationaal","tag-247","tag-grand-slam-paris","tag-ijf"],"_links":{"self":[{"href":"https:\/\/judobelgium.be\/fr\/wp-json\/wp\/v2\/posts\/2724","targetHints":{"allow":["GET"]}}],"collection":[{"href":"https:\/\/judobelgium.be\/fr\/wp-json\/wp\/v2\/posts"}],"about":[{"href":"https:\/\/judobelgium.be\/fr\/wp-json\/wp\/v2\/types\/post"}],"author":[{"embeddable":true,"href":"https:\/\/judobelgium.be\/fr\/wp-json\/wp\/v2\/users\/4"}],"replies":[{"embeddable":true,"href":"https:\/\/judobelgium.be\/fr\/wp-json\/wp\/v2\/comments?post=2724"}],"version-history":[{"count":2,"href":"https:\/\/judobelgium.be\/fr\/wp-json\/wp\/v2\/posts\/2724\/revisions"}],"predecessor-version":[{"id":2737,"href":"https:\/\/judobelgium.be\/fr\/wp-json\/wp\/v2\/posts\/2724\/revisions\/2737"}],"wp:featuredmedia":[{"embeddable":true,"href":"https:\/\/judobelgium.be\/fr\/wp-json\/wp\/v2\/media\/2728"}],"wp:attachment":[{"href":"https:\/\/judobelgium.be\/fr\/wp-json\/wp\/v2\/media?parent=2724"}],"wp:term":[{"taxonomy":"category","embeddable":true,"href":"https:\/\/judobelgium.be\/fr\/wp-json\/wp\/v2\/categories?post=2724"},{"taxonomy":"post_tag","embeddable":true,"href":"https:\/\/judobelgium.be\/fr\/wp-json\/wp\/v2\/tags?post=2724"}],"curies":[{"name":"wp","href":"https:\/\/api.w.org\/{rel}","templated":true}]}}