{"id":2759,"date":"2024-02-21T11:34:55","date_gmt":"2024-02-21T10:34:55","guid":{"rendered":"https:\/\/judobelgium.be\/?p=2759"},"modified":"2024-02-21T11:34:55","modified_gmt":"2024-02-21T10:34:55","slug":"grand-slam-bakoe-5de-plaats-voor-petit","status":"publish","type":"post","link":"https:\/\/judobelgium.be\/fr\/judo-internationaal\/grand-slam-bakoe-5de-plaats-voor-petit\/","title":{"rendered":"Grand Chelem de Bakou : 5e place pour Petit"},"content":{"rendered":"<p>BAKOU - Cinq judokas ont particip\u00e9 au Grand Chelem de Bakou, qui s'est d\u00e9roul\u00e9 du 16 au 18 f\u00e9vrier. Cependant, quatre ont \u00e9t\u00e9 \u00e9limin\u00e9s d\u00e8s le tour pr\u00e9liminaire. Lois Petit s'est empar\u00e9e du bronze et a termin\u00e9 cinqui\u00e8me.<\/p>\n\n\n\n<h2 class=\"wp-block-heading\">Lois Petit (-48kg\/JWB) \u2013 5th PLACE<\/h2>\n\n\n\n<p><a href=\"https:\/\/judotv.com\/competitions\/gs_aze2024\/contests\/gs_aze2024_0002_f_0048_0006\">Round 1: Victory vs. Ramila Aliyeva (AZE)<\/a><br><a href=\"https:\/\/judotv.com\/competitions\/gs_aze2024\/contests\/gs_aze2024_0002_f_0048_0019\">Round 2: Victory vs. Andrea Stojadinov (SRB)<\/a><br><a href=\"https:\/\/judotv.com\/competitions\/gs_aze2024\/contests\/gs_aze2024_0002_f_0048_0026\">Quarter-Final: Victory vs. Katharina Tanzer (AUT)<\/a><br><a href=\"https:\/\/judotv.com\/competitions\/gs_aze2024\/contests\/gs_aze2024_0002_f_0048_0031\">Semi-Final: Defeat vs. Milica Nikolic (SRB)<\/a><br><a href=\"https:\/\/judotv.com\/competitions\/gs_aze2024\/contests\/gs_aze2024_0002_f_0048_0034\">Bronze Medal: Defeat (shidos) vs. Abiba Abuzhakynova (KAZ)<\/a><\/p>\n\n\n\n<figure class=\"wp-block-gallery has-nested-images columns-default is-cropped wp-block-gallery-1 is-layout-flex wp-block-gallery-is-layout-flex\">\n<figure class=\"wp-block-image size-large\"><img fetchpriority=\"high\" decoding=\"async\" width=\"1024\" height=\"683\" data-id=\"2766\" src=\"https:\/\/judobelgium.be\/wp-content\/uploads\/2024\/02\/48kg_bronze_2_KAZ-BEL-2-17080-1708098691-1024x683.jpg\" alt=\"\" class=\"wp-image-2766\" srcset=\"https:\/\/judobelgium.be\/wp-content\/uploads\/2024\/02\/48kg_bronze_2_KAZ-BEL-2-17080-1708098691-1024x683.jpg 1024w, https:\/\/judobelgium.be\/wp-content\/uploads\/2024\/02\/48kg_bronze_2_KAZ-BEL-2-17080-1708098691-500x333.jpg 500w, https:\/\/judobelgium.be\/wp-content\/uploads\/2024\/02\/48kg_bronze_2_KAZ-BEL-2-17080-1708098691-768x512.jpg 768w, https:\/\/judobelgium.be\/wp-content\/uploads\/2024\/02\/48kg_bronze_2_KAZ-BEL-2-17080-1708098691-1536x1024.jpg 1536w, https:\/\/judobelgium.be\/wp-content\/uploads\/2024\/02\/48kg_bronze_2_KAZ-BEL-2-17080-1708098691-2048x1365.jpg 2048w, https:\/\/judobelgium.be\/wp-content\/uploads\/2024\/02\/48kg_bronze_2_KAZ-BEL-2-17080-1708098691-18x12.jpg 18w\" sizes=\"(max-width: 1024px) 100vw, 1024px\" \/><\/figure>\n\n\n\n<figure class=\"wp-block-image size-large\"><img decoding=\"async\" width=\"1024\" height=\"683\" data-id=\"2765\" src=\"https:\/\/judobelgium.be\/wp-content\/uploads\/2024\/02\/48kg_bronze_2_KAZ-BEL-4-17080-1708098700-1024x683.jpg\" alt=\"\" class=\"wp-image-2765\" srcset=\"https:\/\/judobelgium.be\/wp-content\/uploads\/2024\/02\/48kg_bronze_2_KAZ-BEL-4-17080-1708098700-1024x683.jpg 1024w, https:\/\/judobelgium.be\/wp-content\/uploads\/2024\/02\/48kg_bronze_2_KAZ-BEL-4-17080-1708098700-500x333.jpg 500w, https:\/\/judobelgium.be\/wp-content\/uploads\/2024\/02\/48kg_bronze_2_KAZ-BEL-4-17080-1708098700-768x512.jpg 768w, https:\/\/judobelgium.be\/wp-content\/uploads\/2024\/02\/48kg_bronze_2_KAZ-BEL-4-17080-1708098700-1536x1024.jpg 1536w, https:\/\/judobelgium.be\/wp-content\/uploads\/2024\/02\/48kg_bronze_2_KAZ-BEL-4-17080-1708098700-2048x1365.jpg 2048w, https:\/\/judobelgium.be\/wp-content\/uploads\/2024\/02\/48kg_bronze_2_KAZ-BEL-4-17080-1708098700-18x12.jpg 18w\" sizes=\"(max-width: 1024px) 100vw, 1024px\" \/><\/figure>\n\n\n\n<figure class=\"wp-block-image size-large\"><img decoding=\"async\" width=\"1024\" height=\"684\" data-id=\"2764\" src=\"https:\/\/judobelgium.be\/wp-content\/uploads\/2024\/02\/48kg_bronze_2_KAZ-BEL-1-17080-1708098686-1024x684.jpg\" alt=\"\" class=\"wp-image-2764\" srcset=\"https:\/\/judobelgium.be\/wp-content\/uploads\/2024\/02\/48kg_bronze_2_KAZ-BEL-1-17080-1708098686-1024x684.jpg 1024w, https:\/\/judobelgium.be\/wp-content\/uploads\/2024\/02\/48kg_bronze_2_KAZ-BEL-1-17080-1708098686-500x334.jpg 500w, https:\/\/judobelgium.be\/wp-content\/uploads\/2024\/02\/48kg_bronze_2_KAZ-BEL-1-17080-1708098686-768x513.jpg 768w, https:\/\/judobelgium.be\/wp-content\/uploads\/2024\/02\/48kg_bronze_2_KAZ-BEL-1-17080-1708098686-1536x1025.jpg 1536w, https:\/\/judobelgium.be\/wp-content\/uploads\/2024\/02\/48kg_bronze_2_KAZ-BEL-1-17080-1708098686-2048x1367.jpg 2048w, https:\/\/judobelgium.be\/wp-content\/uploads\/2024\/02\/48kg_bronze_2_KAZ-BEL-1-17080-1708098686-18x12.jpg 18w\" sizes=\"(max-width: 1024px) 100vw, 1024px\" \/><\/figure>\n<\/figure>\n\n\n\n<h2 class=\"wp-block-heading\">Amber Ryheul (-52kg\/JV)<\/h2>\n\n\n\n<p>Round 1: Bye<br><a href=\"https:\/\/judotv.com\/competitions\/gs_aze2024\/contests\/gs_aze2024_0002_f_0052_0018\">Round 2: Defeat vs. Aydan Valiyeva (AZE)<\/a><\/p>\n\n\n\n<h2 class=\"wp-block-heading\">Karel Foubert (-90kg\/JV)<\/h2>\n\n\n\n<p>Round 1: Bye<br><a href=\"https:\/\/judotv.com\/competitions\/gs_aze2024\/contests\/gs_aze2024_0001_m_0090_0037\">Round 2: Defeat vs. Ivaylo Ivanov (BUL)<\/a><\/p>\n\n\n\n<h2 class=\"wp-block-heading\">Sami Chouchi (-90kg\/JWB)<\/h2>\n\n\n\n<p>Round 1: Bye<br><a href=\"https:\/\/judotv.com\/competitions\/gs_aze2024\/contests\/gs_aze2024_0001_m_0090_0047\">Round 2: Defeat (shidos) vs. Murad Fatiyev (AZE)<\/a><\/p>\n\n\n\n<h2 class=\"wp-block-heading\">Toma Nikiforov (-100kg\/JV)<\/h2>\n\n\n\n<p>Round 1: Bye<br><a href=\"https:\/\/judotv.com\/competitions\/gs_aze2024\/contests\/gs_aze2024_0001_m_0100_0046\">Round 2: Victory vs. Mathias Madsen (DEN)<\/a><br><a href=\"https:\/\/judotv.com\/competitions\/gs_aze2024\/contests\/gs_aze2024_0001_m_0100_0055\">Round 3: Defeat (shidos) vs. Michael Korrel (NED)<\/a><\/p>","protected":false},"excerpt":{"rendered":"<p>BAKU \u2013 Vijf judoka\u2019s namen deel aan de Grand Slam van Bakoe, die plaatsvond op 16 tot 18 februari. Vier werden evenwel uitgeschakeld in de voorronde. Lois Petit greep naast het brons en werd vijfde. Lois Petit (-48kg\/JWB) \u2013 5th PLACE Round 1: Victory vs. Ramila Aliyeva (AZE)Round 2: Victory vs. Andrea Stojadinov (SRB)Quarter-Final: Victory [&hellip;]<\/p>\n","protected":false},"author":4,"featured_media":2762,"comment_status":"closed","ping_status":"closed","sticky":false,"template":"","format":"standard","meta":{"_seopress_robots_primary_cat":"none","_seopress_titles_title":"","_seopress_titles_desc":"","_seopress_robots_index":"","footnotes":""},"categories":[5],"tags":[255,72,73],"class_list":["post-2759","post","type-post","status-publish","format-standard","has-post-thumbnail","hentry","category-judo-internationaal","tag-baku","tag-grand-slam","tag-ijf"],"_links":{"self":[{"href":"https:\/\/judobelgium.be\/fr\/wp-json\/wp\/v2\/posts\/2759","targetHints":{"allow":["GET"]}}],"collection":[{"href":"https:\/\/judobelgium.be\/fr\/wp-json\/wp\/v2\/posts"}],"about":[{"href":"https:\/\/judobelgium.be\/fr\/wp-json\/wp\/v2\/types\/post"}],"author":[{"embeddable":true,"href":"https:\/\/judobelgium.be\/fr\/wp-json\/wp\/v2\/users\/4"}],"replies":[{"embeddable":true,"href":"https:\/\/judobelgium.be\/fr\/wp-json\/wp\/v2\/comments?post=2759"}],"version-history":[{"count":2,"href":"https:\/\/judobelgium.be\/fr\/wp-json\/wp\/v2\/posts\/2759\/revisions"}],"predecessor-version":[{"id":2767,"href":"https:\/\/judobelgium.be\/fr\/wp-json\/wp\/v2\/posts\/2759\/revisions\/2767"}],"wp:featuredmedia":[{"embeddable":true,"href":"https:\/\/judobelgium.be\/fr\/wp-json\/wp\/v2\/media\/2762"}],"wp:attachment":[{"href":"https:\/\/judobelgium.be\/fr\/wp-json\/wp\/v2\/media?parent=2759"}],"wp:term":[{"taxonomy":"category","embeddable":true,"href":"https:\/\/judobelgium.be\/fr\/wp-json\/wp\/v2\/categories?post=2759"},{"taxonomy":"post_tag","embeddable":true,"href":"https:\/\/judobelgium.be\/fr\/wp-json\/wp\/v2\/tags?post=2759"}],"curies":[{"name":"wp","href":"https:\/\/api.w.org\/{rel}","templated":true}]}}