{"id":2848,"date":"2024-03-28T13:58:32","date_gmt":"2024-03-28T12:58:32","guid":{"rendered":"https:\/\/judobelgium.be\/?p=2848"},"modified":"2024-03-28T13:59:20","modified_gmt":"2024-03-28T12:59:20","slug":"bk-kata-2024-nabeschouwing-met-dirk-de-maerteleire","status":"publish","type":"post","link":"https:\/\/judobelgium.be\/fr\/belgisch-kampioenschap\/bk-kata-2024-nabeschouwing-met-dirk-de-maerteleire\/","title":{"rendered":"CB Kata 2024 : r\u00e9flexions d\u2019apr\u00e8s-coup avec Dirk De Maerteleire"},"content":{"rendered":"<p class=\"translation-block\"><strong><em>GENK \u2013<\/em><\/strong>\u2013 Le Championnat de Belgique de Kata a eu lieu \u00e0 Genk le 23 mars. Avec le directeur technique de JV, Dirk De Maerteleire, nous revenons sur cet \u00e9v\u00e9nement r\u00e9ussi.<\/p>\n\n\n\n<p>\u00ab Pour moi, c\u2019\u00e9tait d\u00e9j\u00e0 une \u00e9dition r\u00e9ussie, \u00bb dit Dirk. \u00ab C\u2019est aussi l\u2019une des premi\u00e8res fois que Judo Vlaanderen est nomm\u00e9 pour organiser et g\u00e9rer le CB Kata. Nous avons donc fait de la publicit\u00e9 \u00e0 ce sujet. Surtout pendant les entrainements techniques et katas, mais aussi en ligne sur les r\u00e9seaux sociaux, etc. Nous avons \u00e9galement frapp\u00e9 \u00e0 la porte de nos coll\u00e8gues wallons pour faire de la publicit\u00e9. Tout s\u2019est bien pass\u00e9. \u00bb<\/p>\n\n\n\n<figure class=\"wp-block-gallery has-nested-images columns-default is-cropped wp-block-gallery-1 is-layout-flex wp-block-gallery-is-layout-flex\">\n<figure class=\"wp-block-image size-large\"><img fetchpriority=\"high\" decoding=\"async\" width=\"1024\" height=\"664\" data-id=\"2851\" src=\"https:\/\/judobelgium.be\/wp-content\/uploads\/2024\/03\/BK_Kata_2024_3-1-1024x664.jpg\" alt=\"\" class=\"wp-image-2851\" srcset=\"https:\/\/judobelgium.be\/wp-content\/uploads\/2024\/03\/BK_Kata_2024_3-1-1024x664.jpg 1024w, https:\/\/judobelgium.be\/wp-content\/uploads\/2024\/03\/BK_Kata_2024_3-1-500x324.jpg 500w, https:\/\/judobelgium.be\/wp-content\/uploads\/2024\/03\/BK_Kata_2024_3-1-768x498.jpg 768w, https:\/\/judobelgium.be\/wp-content\/uploads\/2024\/03\/BK_Kata_2024_3-1-18x12.jpg 18w, https:\/\/judobelgium.be\/wp-content\/uploads\/2024\/03\/BK_Kata_2024_3-1.jpg 1256w\" sizes=\"(max-width: 1024px) 100vw, 1024px\" \/><\/figure>\n\n\n\n<figure class=\"wp-block-image size-large\"><img decoding=\"async\" width=\"1024\" height=\"680\" data-id=\"2850\" src=\"https:\/\/judobelgium.be\/wp-content\/uploads\/2024\/03\/BK_Kata_2024_4-1-1024x680.jpg\" alt=\"\" class=\"wp-image-2850\" srcset=\"https:\/\/judobelgium.be\/wp-content\/uploads\/2024\/03\/BK_Kata_2024_4-1-1024x680.jpg 1024w, https:\/\/judobelgium.be\/wp-content\/uploads\/2024\/03\/BK_Kata_2024_4-1-500x332.jpg 500w, https:\/\/judobelgium.be\/wp-content\/uploads\/2024\/03\/BK_Kata_2024_4-1-768x510.jpg 768w, https:\/\/judobelgium.be\/wp-content\/uploads\/2024\/03\/BK_Kata_2024_4-1-18x12.jpg 18w, https:\/\/judobelgium.be\/wp-content\/uploads\/2024\/03\/BK_Kata_2024_4-1.jpg 1256w\" sizes=\"(max-width: 1024px) 100vw, 1024px\" \/><\/figure>\n<\/figure>\n\n\n\n<h2 class=\"wp-block-heading\">Super emplacement<\/h2>\n\n\n\n<p>La salle de sport du parc sportif \u00ab SportInGenk \u00bb a \u00e9t\u00e9 le lieu de ce CB. \u00ab C\u2019\u00e9tait un excellent emplacement \u00bb, explique Dirk. \u00ab Beaucoup de lumi\u00e8re, tr\u00e8s spacieux et beaucoup de vestiaires et de parking. Les gens du JC Genk avec Frank Behr et son \u00e9quipe \u00e9taient \u00e9galement l\u00e0 pour nous. Rien n\u2019\u00e9tait trop demander pour bien faire les choses. \u00bb<\/p>\n\n\n\n<h2 class=\"wp-block-heading\">Les participants<\/h2>\n\n\n\n<p>Dirk est \u00e9galement satisfait du nombre de participants. \u00ab Un nombre record de participants ont r\u00e9pondus pr\u00e9sents, de 43 manifestations \u00e0 41 d\u00e9monstrations effectives. Dans les cinq katas seniors, nous avions toujours un podium complet, dans le pass\u00e9 ce n'\u00e9tait pas toujours le cas, mais maintenant \u00e7a l\u2019est. Donc tr\u00e8s satisfait. Nous sommes sur la bonne voie \u00bb, affirme le directeur technique. \u00ab Apr\u00e8s tout, cela signifie que le kata est \u00e9galement en hausse, tout comme le reste du sport r\u00e9cr\u00e9atif qu'est le judo. \u00bb<\/p>\n\n\n\n<p>La qualit\u00e9 \u00e9tait donc au rendez-vous. \u00ab En effet, des noms \u00e9tablis s'\u00e9taient inscrits, comme les fr\u00e8res jumeaux Gilon, le duo Engelen-Closset, mais il y avait aussi de nouveaux participants. Mais ce qui m'a particuli\u00e8rement plu, c'est de voir ces jeunes au travail. L\u2019attitude de ces jeunes judokas sur le tapis est tr\u00e8s impressionnante. \u00bb<\/p>\n\n\n\n<figure class=\"wp-block-gallery has-nested-images columns-default is-cropped wp-block-gallery-2 is-layout-flex wp-block-gallery-is-layout-flex\">\n<figure class=\"wp-block-image size-large\"><img decoding=\"async\" width=\"1024\" height=\"671\" data-id=\"2853\" src=\"https:\/\/judobelgium.be\/wp-content\/uploads\/2024\/03\/BK_Kata_2024_1-1-1024x671.jpg\" alt=\"\" class=\"wp-image-2853\" srcset=\"https:\/\/judobelgium.be\/wp-content\/uploads\/2024\/03\/BK_Kata_2024_1-1-1024x671.jpg 1024w, https:\/\/judobelgium.be\/wp-content\/uploads\/2024\/03\/BK_Kata_2024_1-1-500x328.jpg 500w, https:\/\/judobelgium.be\/wp-content\/uploads\/2024\/03\/BK_Kata_2024_1-1-768x503.jpg 768w, https:\/\/judobelgium.be\/wp-content\/uploads\/2024\/03\/BK_Kata_2024_1-1-18x12.jpg 18w, https:\/\/judobelgium.be\/wp-content\/uploads\/2024\/03\/BK_Kata_2024_1-1.jpg 1254w\" sizes=\"(max-width: 1024px) 100vw, 1024px\" \/><\/figure>\n\n\n\n<figure class=\"wp-block-image size-large\"><img loading=\"lazy\" decoding=\"async\" width=\"1024\" height=\"641\" data-id=\"2852\" src=\"https:\/\/judobelgium.be\/wp-content\/uploads\/2024\/03\/BK_Kata_2024_2-1-1024x641.jpg\" alt=\"\" class=\"wp-image-2852\" srcset=\"https:\/\/judobelgium.be\/wp-content\/uploads\/2024\/03\/BK_Kata_2024_2-1-1024x641.jpg 1024w, https:\/\/judobelgium.be\/wp-content\/uploads\/2024\/03\/BK_Kata_2024_2-1-500x313.jpg 500w, https:\/\/judobelgium.be\/wp-content\/uploads\/2024\/03\/BK_Kata_2024_2-1-768x480.jpg 768w, https:\/\/judobelgium.be\/wp-content\/uploads\/2024\/03\/BK_Kata_2024_2-1-18x12.jpg 18w, https:\/\/judobelgium.be\/wp-content\/uploads\/2024\/03\/BK_Kata_2024_2-1.jpg 1250w\" sizes=\"(max-width: 1024px) 100vw, 1024px\" \/><\/figure>\n<\/figure>\n\n\n\n<p>Deux \u00e9quipes Enbu \u00e9taient \u00e9galement pr\u00e9sentes. \u00ab Enbu, le judoshow, est un peu plus difficile \u00e0 d\u00e9marrer \u00bb, explique Dirk. \u00ab Nous n'avions qu'une seule \u00e9quipe \u00e0 l'exercice libre et une seule \u00e9quipe \u00e0 l'exercice impos\u00e9. J'esp\u00e8re que cela \u00e9voluera un peu plus \u00e0 l'avenir. Concernant les relations entre couples flamands et wallons, les couples flamands \u00e9taient \u00e9galement bien repr\u00e9sent\u00e9s dans cette \u00e9dition, ce qui n'\u00e9tait pas toujours le cas dans le pass\u00e9. Je sais qu'un certain nombre de couples ont particip\u00e9 \u00e0 la pr\u00e9paration du Shodan Shiken, un examen permettant d'avancer dans leurs grades. C\u2019est en fait l\u2019exercice id\u00e9al pour cela. Mais aussi d'autres, par simple int\u00e9r\u00eat ou comme comp\u00e9titeur de kata. Ce dernier se retrouve logiquement en t\u00eate du classement. De nombreux couples flamands ont termin\u00e9 sur le podium, comme Minnoy-Vandekerckhove, Lips-De Neve, mais de nouveaux venus sont \u00e9galement mont\u00e9s sur le podium, comme Dereere-Depoorter. D\u2019un autre c\u00f4t\u00e9, j\u2019ai \u00e9galement remarqu\u00e9 de nombreux autres participants. Le Kata est donc une belle alternative pour les judokas qui ne se soucient plus du shiai ou qui sont sujets aux blessures ou qui ne font plus de shiai pour d'autres raisons. \u00bb<\/p>\n\n\n\n<h2 class=\"wp-block-heading\">Juges<\/h2>\n\n\n\n<figure class=\"wp-block-gallery has-nested-images columns-default is-cropped wp-block-gallery-3 is-layout-flex wp-block-gallery-is-layout-flex\">\n<figure class=\"wp-block-image size-large\"><img loading=\"lazy\" decoding=\"async\" width=\"1024\" height=\"562\" data-id=\"2855\" src=\"https:\/\/judobelgium.be\/wp-content\/uploads\/2024\/03\/judges-BK-Kata-2024-1024x562.jpg\" alt=\"\" class=\"wp-image-2855\" srcset=\"https:\/\/judobelgium.be\/wp-content\/uploads\/2024\/03\/judges-BK-Kata-2024-1024x562.jpg 1024w, https:\/\/judobelgium.be\/wp-content\/uploads\/2024\/03\/judges-BK-Kata-2024-500x275.jpg 500w, https:\/\/judobelgium.be\/wp-content\/uploads\/2024\/03\/judges-BK-Kata-2024-768x422.jpg 768w, https:\/\/judobelgium.be\/wp-content\/uploads\/2024\/03\/judges-BK-Kata-2024-1536x844.jpg 1536w, https:\/\/judobelgium.be\/wp-content\/uploads\/2024\/03\/judges-BK-Kata-2024-18x10.jpg 18w, https:\/\/judobelgium.be\/wp-content\/uploads\/2024\/03\/judges-BK-Kata-2024.jpg 1566w\" sizes=\"(max-width: 1024px) 100vw, 1024px\" \/><\/figure>\n<\/figure>\n\n\n\n<p>Pour de nombreux juges de kata, ce CB \u00e9tait aussi le bapt\u00eame du feu pour mettre pleinement \u00e0 profit leur licence et leurs connaissances r\u00e9cemment acquises. \u00ab Je suis tr\u00e8s satisfait et fier des juges. C'\u00e9tait l'occasion id\u00e9ale pour les juges titulaires de licences nationales de se lancer. Ils avaient re\u00e7u les katas \u00e0 l'avance afin qu'ils puissent bien se pr\u00e9parer \u00bb, explique Dirk. \u00ab Et les juges de l'UEJ et de l\u2019IJF des deux ailes \u00e9taient pr\u00eats \u00e0 travailler en tant que juges et\/ou commissaires, mais c'\u00e9tait aussi pour eux l'occasion de s'entra\u00eener. La collaboration s\u2019est tr\u00e8s bien d\u00e9roul\u00e9e. D'ailleurs, je suis tr\u00e8s satisfait de la collaboration avec mes coll\u00e8gues wallons pour organiser ce Championnat de Belgique. Un grand compliment \u00e0 Dimitri Nemegaire, Eddy Lamblot et Michel Pongoli, avec qui j'ai eu de fr\u00e9quents contacts dans les semaines pr\u00e9c\u00e9dentes. \u00bb<\/p>\n\n\n\n<h2 class=\"wp-block-heading\">Entrainement national de kata pour les hauts grad\u00e9s<\/h2>\n\n\n\n<figure class=\"wp-block-image size-large\"><img loading=\"lazy\" decoding=\"async\" width=\"1024\" height=\"768\" src=\"https:\/\/judobelgium.be\/wp-content\/uploads\/2024\/03\/Nat_Training_hogere_graden_23.03.2024-1024x768.jpeg\" alt=\"\" class=\"wp-image-2856\" srcset=\"https:\/\/judobelgium.be\/wp-content\/uploads\/2024\/03\/Nat_Training_hogere_graden_23.03.2024-1024x768.jpeg 1024w, https:\/\/judobelgium.be\/wp-content\/uploads\/2024\/03\/Nat_Training_hogere_graden_23.03.2024-500x375.jpeg 500w, https:\/\/judobelgium.be\/wp-content\/uploads\/2024\/03\/Nat_Training_hogere_graden_23.03.2024-768x576.jpeg 768w, https:\/\/judobelgium.be\/wp-content\/uploads\/2024\/03\/Nat_Training_hogere_graden_23.03.2024-1536x1152.jpeg 1536w, https:\/\/judobelgium.be\/wp-content\/uploads\/2024\/03\/Nat_Training_hogere_graden_23.03.2024-16x12.jpeg 16w, https:\/\/judobelgium.be\/wp-content\/uploads\/2024\/03\/Nat_Training_hogere_graden_23.03.2024.jpeg 2048w\" sizes=\"(max-width: 1024px) 100vw, 1024px\" \/><\/figure>\n\n\n\n<p>Apr\u00e8s le CB Kata, il y a eu la formation nationale de kata pour les grades sup\u00e9rieurs, l'\u00e9dition inaugurale d'ailleurs. \u00ab La formation \u00e9tait ouverte \u00e0 tous \u00e0 partir du 1er DAN, mais le programme de cette formation se concentre sur les katas pour les grades sup\u00e9rieurs \u00bb, explique Dirk. \u00ab Avec plus d'une cinquantaine de participants, j'ose qualifier cela de succ\u00e8s. Lors de cette premi\u00e8re \u00e9dition, nous avons travaill\u00e9 ensemble sur le Kime-no-Kata et le Koshiki-no-Kata. Principalement pour affiner la technique de ces katas, mais aussi pour r\u00e9seauter ensuite et \u00eatre sur le tapis ensemble, Wallons et Flamands, ce qui \u00e9tait un signal important. Je vois vraiment ce CB Kata comme un pas en avant vers une plateforme nationale de kata, quelque chose que nous organisons depuis la Belgique et que nous voulons continuer \u00e0 soutenir depuis Judo Belgium des deux c\u00f4t\u00e9s de la fronti\u00e8re linguistique. Apr\u00e8s tout, sur la sc\u00e8ne europ\u00e9enne et mondiale, nous devons rattraper notre retard en mati\u00e8re de kata de comp\u00e9tition. La collaboration des deux ailes au sein de Judo Belgium ne peut que progresser \u00bb, d\u00e9clare Dirk.<\/p>\n\n\n\n<h2 class=\"wp-block-heading\">R\u00e9sultats<\/h2>\n\n\n\n<p class=\"translation-block\"><a href=\"https:\/\/judobelgium.be\/wp-content\/uploads\/2024\/03\/Resultaten-BK-kata-2024-1.pdf\" target=\"_self\"> R\u00e9sultats<\/a><\/p>\n\n\n\n<h2 class=\"wp-block-heading\"><strong>Gall\u00e9rie photos<\/strong><\/h2>\n\n\n\n<p><a href=\"https:\/\/www.flickr.com\/photos\/rikvandersanden\/albums\/72177720315576385\/with\/53607536819\">Rik Vander Sanden<\/a><\/p>","protected":false},"excerpt":{"rendered":"<p>GENK \u2013 Op 23 maart jl. vond in Genk het Belgische Kampioenschap Kata plaats. Samen met JV-Technisch Directeur Dirk De Maerteleire blikken we terug op het succesvolle event. \u201cVoor mij was dat alvast een succeseditie,\u201d vindt Dirk. \u201cHet is ook een van de eerste keren dat Judo Vlaanderen aangeduid was om het BK Kata te [&hellip;]<\/p>\n","protected":false},"author":4,"featured_media":2850,"comment_status":"closed","ping_status":"closed","sticky":false,"template":"","format":"standard","meta":{"_seopress_robots_primary_cat":"none","_seopress_titles_title":"","_seopress_titles_desc":"","_seopress_robots_index":"","footnotes":""},"categories":[44],"tags":[258,259],"class_list":["post-2848","post","type-post","status-publish","format-standard","has-post-thumbnail","hentry","category-belgisch-kampioenschap","tag-bk-kata-2024","tag-cb-kata-2024"],"_links":{"self":[{"href":"https:\/\/judobelgium.be\/fr\/wp-json\/wp\/v2\/posts\/2848","targetHints":{"allow":["GET"]}}],"collection":[{"href":"https:\/\/judobelgium.be\/fr\/wp-json\/wp\/v2\/posts"}],"about":[{"href":"https:\/\/judobelgium.be\/fr\/wp-json\/wp\/v2\/types\/post"}],"author":[{"embeddable":true,"href":"https:\/\/judobelgium.be\/fr\/wp-json\/wp\/v2\/users\/4"}],"replies":[{"embeddable":true,"href":"https:\/\/judobelgium.be\/fr\/wp-json\/wp\/v2\/comments?post=2848"}],"version-history":[{"count":3,"href":"https:\/\/judobelgium.be\/fr\/wp-json\/wp\/v2\/posts\/2848\/revisions"}],"predecessor-version":[{"id":2858,"href":"https:\/\/judobelgium.be\/fr\/wp-json\/wp\/v2\/posts\/2848\/revisions\/2858"}],"wp:featuredmedia":[{"embeddable":true,"href":"https:\/\/judobelgium.be\/fr\/wp-json\/wp\/v2\/media\/2850"}],"wp:attachment":[{"href":"https:\/\/judobelgium.be\/fr\/wp-json\/wp\/v2\/media?parent=2848"}],"wp:term":[{"taxonomy":"category","embeddable":true,"href":"https:\/\/judobelgium.be\/fr\/wp-json\/wp\/v2\/categories?post=2848"},{"taxonomy":"post_tag","embeddable":true,"href":"https:\/\/judobelgium.be\/fr\/wp-json\/wp\/v2\/tags?post=2848"}],"curies":[{"name":"wp","href":"https:\/\/api.w.org\/{rel}","templated":true}]}}