{"id":2905,"date":"2024-05-06T11:43:20","date_gmt":"2024-05-06T09:43:20","guid":{"rendered":"https:\/\/judobelgium.be\/?p=2905"},"modified":"2024-05-06T11:44:36","modified_gmt":"2024-05-06T09:44:36","slug":"grand-slam-dushanbe-vijfde-plaats-voor-libeer-een-nikiforov","status":"publish","type":"post","link":"https:\/\/judobelgium.be\/fr\/judo-internationaal\/grand-slam-dushanbe-vijfde-plaats-voor-libeer-een-nikiforov\/","title":{"rendered":"Grand Slam Dushanbe : cinqui\u00e8me place pour Libeer et Nikiforov"},"content":{"rendered":"<p class=\"translation-block\"><strong><em>DUSHANBE \u2013 <\/em><\/strong> Apr\u00e8s des Championnats d'Europe d\u00e9cevants \u00e0 Zagreb, nos judokas \u00e9taient de retour en action au Grand Slam de Dushanbe, au Tadjikistan, le week-end dernier. Mina Libeer et Tom Nikoforov ont r\u00e9alis\u00e9 de belles performances en concourant tous deux pour la m\u00e9daille de bronze, mais n'ont malheureusement pas r\u00e9ussi \u00e0 d\u00e9crocher une m\u00e9daille et ont termin\u00e9 \u00e0 la cinqui\u00e8me place. Voici un bref aper\u00e7u des camps.<\/p>\n\n\n\n<figure class=\"wp-block-gallery has-nested-images columns-default is-cropped wp-block-gallery-1 is-layout-flex wp-block-gallery-is-layout-flex\">\n<figure class=\"wp-block-image size-large\"><img fetchpriority=\"high\" decoding=\"async\" width=\"1024\" height=\"684\" data-id=\"2909\" src=\"https:\/\/judobelgium.be\/wp-content\/uploads\/2024\/05\/3_05_-_Dushanbe_GS_-12-171473-1714734974-1024x684.jpg\" alt=\"\" class=\"wp-image-2909\" srcset=\"https:\/\/judobelgium.be\/wp-content\/uploads\/2024\/05\/3_05_-_Dushanbe_GS_-12-171473-1714734974-1024x684.jpg 1024w, https:\/\/judobelgium.be\/wp-content\/uploads\/2024\/05\/3_05_-_Dushanbe_GS_-12-171473-1714734974-500x334.jpg 500w, https:\/\/judobelgium.be\/wp-content\/uploads\/2024\/05\/3_05_-_Dushanbe_GS_-12-171473-1714734974-768x513.jpg 768w, https:\/\/judobelgium.be\/wp-content\/uploads\/2024\/05\/3_05_-_Dushanbe_GS_-12-171473-1714734974-1536x1025.jpg 1536w, https:\/\/judobelgium.be\/wp-content\/uploads\/2024\/05\/3_05_-_Dushanbe_GS_-12-171473-1714734974-2048x1367.jpg 2048w, https:\/\/judobelgium.be\/wp-content\/uploads\/2024\/05\/3_05_-_Dushanbe_GS_-12-171473-1714734974-18x12.jpg 18w\" sizes=\"(max-width: 1024px) 100vw, 1024px\" \/><\/figure>\n\n\n\n<figure class=\"wp-block-image size-large\"><img decoding=\"async\" width=\"1024\" height=\"683\" data-id=\"2910\" src=\"https:\/\/judobelgium.be\/wp-content\/uploads\/2024\/05\/EDF_5053-1714813506-1714813506-1024x683.jpg\" alt=\"\" class=\"wp-image-2910\" srcset=\"https:\/\/judobelgium.be\/wp-content\/uploads\/2024\/05\/EDF_5053-1714813506-1714813506-1024x683.jpg 1024w, https:\/\/judobelgium.be\/wp-content\/uploads\/2024\/05\/EDF_5053-1714813506-1714813506-500x333.jpg 500w, https:\/\/judobelgium.be\/wp-content\/uploads\/2024\/05\/EDF_5053-1714813506-1714813506-768x512.jpg 768w, https:\/\/judobelgium.be\/wp-content\/uploads\/2024\/05\/EDF_5053-1714813506-1714813506-1536x1024.jpg 1536w, https:\/\/judobelgium.be\/wp-content\/uploads\/2024\/05\/EDF_5053-1714813506-1714813506-2048x1365.jpg 2048w, https:\/\/judobelgium.be\/wp-content\/uploads\/2024\/05\/EDF_5053-1714813506-1714813506-18x12.jpg 18w\" sizes=\"(max-width: 1024px) 100vw, 1024px\" \/><\/figure>\n\n\n\n<figure class=\"wp-block-image size-large\"><img decoding=\"async\" width=\"1024\" height=\"683\" data-id=\"2911\" src=\"https:\/\/judobelgium.be\/wp-content\/uploads\/2024\/05\/5_05_Dushanbe_GS-01-1714903382-1714903382-1024x683.jpg\" alt=\"\" class=\"wp-image-2911\" srcset=\"https:\/\/judobelgium.be\/wp-content\/uploads\/2024\/05\/5_05_Dushanbe_GS-01-1714903382-1714903382-1024x683.jpg 1024w, https:\/\/judobelgium.be\/wp-content\/uploads\/2024\/05\/5_05_Dushanbe_GS-01-1714903382-1714903382-500x333.jpg 500w, https:\/\/judobelgium.be\/wp-content\/uploads\/2024\/05\/5_05_Dushanbe_GS-01-1714903382-1714903382-768x512.jpg 768w, https:\/\/judobelgium.be\/wp-content\/uploads\/2024\/05\/5_05_Dushanbe_GS-01-1714903382-1714903382-1536x1024.jpg 1536w, https:\/\/judobelgium.be\/wp-content\/uploads\/2024\/05\/5_05_Dushanbe_GS-01-1714903382-1714903382-2048x1365.jpg 2048w, https:\/\/judobelgium.be\/wp-content\/uploads\/2024\/05\/5_05_Dushanbe_GS-01-1714903382-1714903382-18x12.jpg 18w\" sizes=\"(max-width: 1024px) 100vw, 1024px\" \/><\/figure>\n\n\n\n<figure class=\"wp-block-image size-large\"><img loading=\"lazy\" decoding=\"async\" width=\"1024\" height=\"683\" data-id=\"2912\" src=\"https:\/\/judobelgium.be\/wp-content\/uploads\/2024\/05\/57kg_bronze_BEL-MGL-3-1714750-1714750316-1024x683.jpg\" alt=\"\" class=\"wp-image-2912\" srcset=\"https:\/\/judobelgium.be\/wp-content\/uploads\/2024\/05\/57kg_bronze_BEL-MGL-3-1714750-1714750316-1024x683.jpg 1024w, https:\/\/judobelgium.be\/wp-content\/uploads\/2024\/05\/57kg_bronze_BEL-MGL-3-1714750-1714750316-500x334.jpg 500w, https:\/\/judobelgium.be\/wp-content\/uploads\/2024\/05\/57kg_bronze_BEL-MGL-3-1714750-1714750316-768x512.jpg 768w, https:\/\/judobelgium.be\/wp-content\/uploads\/2024\/05\/57kg_bronze_BEL-MGL-3-1714750-1714750316-1536x1025.jpg 1536w, https:\/\/judobelgium.be\/wp-content\/uploads\/2024\/05\/57kg_bronze_BEL-MGL-3-1714750-1714750316-2048x1367.jpg 2048w, https:\/\/judobelgium.be\/wp-content\/uploads\/2024\/05\/57kg_bronze_BEL-MGL-3-1714750-1714750316-18x12.jpg 18w\" sizes=\"(max-width: 1024px) 100vw, 1024px\" \/><\/figure>\n\n\n\n<figure class=\"wp-block-image size-large\"><img loading=\"lazy\" decoding=\"async\" width=\"1024\" height=\"683\" data-id=\"2913\" src=\"https:\/\/judobelgium.be\/wp-content\/uploads\/2024\/05\/5_05_Dushanbe_GS-22-1714903524-1714903524-1024x683.jpg\" alt=\"\" class=\"wp-image-2913\" srcset=\"https:\/\/judobelgium.be\/wp-content\/uploads\/2024\/05\/5_05_Dushanbe_GS-22-1714903524-1714903524-1024x683.jpg 1024w, https:\/\/judobelgium.be\/wp-content\/uploads\/2024\/05\/5_05_Dushanbe_GS-22-1714903524-1714903524-500x333.jpg 500w, https:\/\/judobelgium.be\/wp-content\/uploads\/2024\/05\/5_05_Dushanbe_GS-22-1714903524-1714903524-768x512.jpg 768w, https:\/\/judobelgium.be\/wp-content\/uploads\/2024\/05\/5_05_Dushanbe_GS-22-1714903524-1714903524-1536x1024.jpg 1536w, https:\/\/judobelgium.be\/wp-content\/uploads\/2024\/05\/5_05_Dushanbe_GS-22-1714903524-1714903524-2048x1365.jpg 2048w, https:\/\/judobelgium.be\/wp-content\/uploads\/2024\/05\/5_05_Dushanbe_GS-22-1714903524-1714903524-18x12.jpg 18w\" sizes=\"(max-width: 1024px) 100vw, 1024px\" \/><\/figure>\n<\/figure>\n\n\n\n<h2 class=\"wp-block-heading\">Lois Petit (-48kg\/JWB)<\/h2>\n\n\n\n<p><a href=\"https:\/\/judotv.com\/competitions\/gs_tjk2024\/contests\/gs_tjk2024_0002_f_0048_0002\">Round 1: Defeat vs. Thi Tinh Hoang (VIE)<\/a><\/p>\n\n\n\n<h2 class=\"wp-block-heading\">Amber Ryheul (-52kg\/JV)<\/h2>\n\n\n\n<p><a href=\"https:\/\/judotv.com\/competitions\/gs_tjk2024\/contests\/gs_tjk2024_0002_f_0052_0010\">Round 1: Victory vs. Marina Castello Diez (ESP)<\/a><br><a href=\"https:\/\/judotv.com\/competitions\/gs_tjk2024\/contests\/gs_tjk2024_0002_f_0052_0021\">Round 2: Defeat vs. Gultaj Mammadaliyeva (AZE)<\/a><\/p>\n\n\n\n<h2 class=\"wp-block-heading\">Mina Libeer (-57kg\/JV) \u2013 5th PLACE<\/h2>\n\n\n\n<p><a href=\"https:\/\/judotv.com\/competitions\/gs_tjk2024\/contests\/gs_tjk2024_0002_f_0057_0012\">Round 1: Victory vs. Altantsetseg Batsukh (UAE)<\/a><br><a href=\"https:\/\/judotv.com\/competitions\/gs_tjk2024\/contests\/gs_tjk2024_0002_f_0057_0022\">Round 2: Victory vs. Irina Zueva (AIN)<\/a><br><a href=\"https:\/\/judotv.com\/competitions\/gs_tjk2024\/contests\/gs_tjk2024_0002_f_0057_0027\">Quarter-Final: Defeat vs. Sarah Leonie Cysique (FRA)<\/a><br><a href=\"https:\/\/judotv.com\/competitions\/gs_tjk2024\/contests\/gs_tjk2024_0002_f_0057_0030\">Repechage: Victory vs. QI Cai (CHN)<\/a><br><a href=\"https:\/\/judotv.com\/competitions\/gs_tjk2024\/contests\/gs_tjk2024_0002_f_0057_0034\">Bronze: Defeat (shidos) vs. Enkhriilen Lkhagvatogoo (MGL)<\/a><\/p>\n\n\n\n<h2 class=\"wp-block-heading\">Gabriella Willems (-70kg\/JWB)<\/h2>\n\n\n\n<p><a href=\"https:\/\/judotv.com\/competitions\/gs_tjk2024\/contests\/gs_tjk2024_0002_f_0070_0002\">Round 1: Victory vs. Mavluda Odinaeva (TJK)<\/a><br><a href=\"https:\/\/judotv.com\/competitions\/gs_tjk2024\/contests\/gs_tjk2024_0002_f_0070_0017\">Round 2: Defeat vs. Michaela Pollerres (AUT)<\/a><\/p>\n\n\n\n<h2 class=\"wp-block-heading\">Sami Chouchi (-90kg\/JWB)<\/h2>\n\n\n\n<p><a href=\"https:\/\/judotv.com\/competitions\/gs_tjk2024\/contests\/gs_tjk2024_0001_m_0090_0010\">Round 1: Victory vs. Jamal Petgrave (GBR)<\/a><br><a href=\"https:\/\/judotv.com\/competitions\/gs_tjk2024\/contests\/gs_tjk2024_0001_m_0090_0021\">Round 2: Defeat (shidos) vs. Theodoros Tseledis (GRE)<\/a><\/p>\n\n\n\n<h2 class=\"wp-block-heading\">Toma Nikiforov (-100kg\/JV) \u2013 5th PLACE<\/h2>\n\n\n\n<p><a href=\"https:\/\/judotv.com\/competitions\/gs_tjk2024\/contests\/gs_tjk2024_0001_m_0100_0015\">Round 1: Victory vs. Rhys Thompson (GBR)<\/a><br><a href=\"https:\/\/judotv.com\/competitions\/gs_tjk2024\/contests\/gs_tjk2024_0001_m_0100_0024\">Round 2: Victory vs. Parviz Abdurakhmonov (TJK)<\/a><br><a href=\"https:\/\/judotv.com\/competitions\/gs_tjk2024\/contests\/gs_tjk2024_0001_m_0100_0028\">Quarter-Final: Defeat vs. Dzhafar Kostoev (UAE)<\/a><br><a href=\"https:\/\/judotv.com\/competitions\/gs_tjk2024\/contests\/gs_tjk2024_0001_m_0100_0030\">Repechage: Victory vs. Gonchigsuren Batkhuyag (MGL)<\/a><br><a href=\"https:\/\/judotv.com\/competitions\/gs_tjk2024\/contests\/gs_tjk2024_0001_m_0100_0034\">Bronze: Defeat vs. Dzhakhongir Madzhidov (TJK)<\/a><\/p>","protected":false},"excerpt":{"rendered":"<p>DUSHANBE \u2013 Na het teleurstellende EK in Zagreb traden onze judoka\u2019s het afgelopen weekend reeds opnieuw in het krijt op de Grand Slam in Dushanbe, Tadjikistan. Mooie prestaties van Mina Libeer en Tom Nikoforov die allebei voor brons kampten, maar jammer genoeg naast een medaille grepen en op de vijfde plaats eindigden. Hierna een kort [&hellip;]<\/p>\n","protected":false},"author":4,"featured_media":2912,"comment_status":"closed","ping_status":"closed","sticky":false,"template":"","format":"standard","meta":{"_seopress_robots_primary_cat":"none","_seopress_titles_title":"","_seopress_titles_desc":"","_seopress_robots_index":"","footnotes":""},"categories":[5],"tags":[247,266,73],"class_list":["post-2905","post","type-post","status-publish","format-standard","has-post-thumbnail","hentry","category-judo-internationaal","tag-247","tag-grand-slam-dushanbe","tag-ijf"],"_links":{"self":[{"href":"https:\/\/judobelgium.be\/fr\/wp-json\/wp\/v2\/posts\/2905","targetHints":{"allow":["GET"]}}],"collection":[{"href":"https:\/\/judobelgium.be\/fr\/wp-json\/wp\/v2\/posts"}],"about":[{"href":"https:\/\/judobelgium.be\/fr\/wp-json\/wp\/v2\/types\/post"}],"author":[{"embeddable":true,"href":"https:\/\/judobelgium.be\/fr\/wp-json\/wp\/v2\/users\/4"}],"replies":[{"embeddable":true,"href":"https:\/\/judobelgium.be\/fr\/wp-json\/wp\/v2\/comments?post=2905"}],"version-history":[{"count":3,"href":"https:\/\/judobelgium.be\/fr\/wp-json\/wp\/v2\/posts\/2905\/revisions"}],"predecessor-version":[{"id":2914,"href":"https:\/\/judobelgium.be\/fr\/wp-json\/wp\/v2\/posts\/2905\/revisions\/2914"}],"wp:featuredmedia":[{"embeddable":true,"href":"https:\/\/judobelgium.be\/fr\/wp-json\/wp\/v2\/media\/2912"}],"wp:attachment":[{"href":"https:\/\/judobelgium.be\/fr\/wp-json\/wp\/v2\/media?parent=2905"}],"wp:term":[{"taxonomy":"category","embeddable":true,"href":"https:\/\/judobelgium.be\/fr\/wp-json\/wp\/v2\/categories?post=2905"},{"taxonomy":"post_tag","embeddable":true,"href":"https:\/\/judobelgium.be\/fr\/wp-json\/wp\/v2\/tags?post=2905"}],"curies":[{"name":"wp","href":"https:\/\/api.w.org\/{rel}","templated":true}]}}