{"id":2934,"date":"2024-05-15T12:41:45","date_gmt":"2024-05-15T10:41:45","guid":{"rendered":"https:\/\/judobelgium.be\/?p=2934"},"modified":"2024-05-15T12:41:45","modified_gmt":"2024-05-15T10:41:45","slug":"grand-slam-in-astana-geen-medailles-voor-onze-judokas","status":"publish","type":"post","link":"https:\/\/judobelgium.be\/fr\/algemeen\/grand-slam-in-astana-geen-medailles-voor-onze-judokas\/","title":{"rendered":"Grand Chelem \u00e0 Astana : pas de m\u00e9dailles pour nos judokas"},"content":{"rendered":"<p>ASTANA - Le week-end dernier, le dernier Grand Slam d'une longue s\u00e9rie qui a emmen\u00e9 nos judokas aux quatre coins du monde s'est d\u00e9roul\u00e9 \u00e0 Astana, au Kazakhstan.<\/p>\n\n\n\n<p class=\"translation-block\">Malheureusement, le succ\u00e8s n'a pas \u00e9t\u00e9 au rendez-vous pour les <a href=\"https:\/\/judobelgium.be\/wp-content\/uploads\/2024\/05\/Judobase-inschrijvingsbewijs-GS-Astana-2024.pdf\" target=\"_self\"><strong>cinq judokas <\/strong><\/a>de Judo Belgium qui y ont particip\u00e9. Nos judokas ont \u00e9t\u00e9 \u00e9limin\u00e9s d\u00e8s le tour pr\u00e9liminaire. Pas le temps de s'affliger, car le 19 mai, les championnats du monde commenceront \u00e0 Abu Dhabi, ce qui marquera \u00e9galement la fin des qualifications pour les Jeux olympiques de Paris cet \u00e9t\u00e9.<\/p>\n\n\n\n<p class=\"translation-block\">Via  <strong><a href=\"https:\/\/judotv.com\/competitions\/gs_kaz2024\/judoka\" target=\"_self\">ce lien<\/a><\/strong>, vous pouvez jeter un coup d'\u0153il aux camps de nos judokas.<\/p>\n\n\n\n<figure class=\"wp-block-gallery has-nested-images columns-default is-cropped wp-block-gallery-1 is-layout-flex wp-block-gallery-is-layout-flex\">\n<figure class=\"wp-block-image size-large\"><img fetchpriority=\"high\" decoding=\"async\" width=\"1024\" height=\"683\" data-id=\"2937\" src=\"https:\/\/judobelgium.be\/wp-content\/uploads\/2024\/05\/IJF_Gabi_Juan_GS_Astana2024_15-1715512361-1024x683.jpg\" alt=\"\" class=\"wp-image-2937\" srcset=\"https:\/\/judobelgium.be\/wp-content\/uploads\/2024\/05\/IJF_Gabi_Juan_GS_Astana2024_15-1715512361-1024x683.jpg 1024w, https:\/\/judobelgium.be\/wp-content\/uploads\/2024\/05\/IJF_Gabi_Juan_GS_Astana2024_15-1715512361-500x333.jpg 500w, https:\/\/judobelgium.be\/wp-content\/uploads\/2024\/05\/IJF_Gabi_Juan_GS_Astana2024_15-1715512361-768x512.jpg 768w, https:\/\/judobelgium.be\/wp-content\/uploads\/2024\/05\/IJF_Gabi_Juan_GS_Astana2024_15-1715512361-1536x1024.jpg 1536w, https:\/\/judobelgium.be\/wp-content\/uploads\/2024\/05\/IJF_Gabi_Juan_GS_Astana2024_15-1715512361-2048x1365.jpg 2048w, https:\/\/judobelgium.be\/wp-content\/uploads\/2024\/05\/IJF_Gabi_Juan_GS_Astana2024_15-1715512361-18x12.jpg 18w\" sizes=\"(max-width: 1024px) 100vw, 1024px\" \/><figcaption class=\"wp-element-caption\">Sami Chouchi<\/figcaption><\/figure>\n\n\n\n<figure class=\"wp-block-image size-large\"><img decoding=\"async\" width=\"1024\" height=\"683\" data-id=\"2938\" src=\"https:\/\/judobelgium.be\/wp-content\/uploads\/2024\/05\/IJF_Gabi_Juan_GS_Astana2024_15-1715339446-1024x683.jpg\" alt=\"\" class=\"wp-image-2938\" srcset=\"https:\/\/judobelgium.be\/wp-content\/uploads\/2024\/05\/IJF_Gabi_Juan_GS_Astana2024_15-1715339446-1024x683.jpg 1024w, https:\/\/judobelgium.be\/wp-content\/uploads\/2024\/05\/IJF_Gabi_Juan_GS_Astana2024_15-1715339446-500x333.jpg 500w, https:\/\/judobelgium.be\/wp-content\/uploads\/2024\/05\/IJF_Gabi_Juan_GS_Astana2024_15-1715339446-768x512.jpg 768w, https:\/\/judobelgium.be\/wp-content\/uploads\/2024\/05\/IJF_Gabi_Juan_GS_Astana2024_15-1715339446-1536x1024.jpg 1536w, https:\/\/judobelgium.be\/wp-content\/uploads\/2024\/05\/IJF_Gabi_Juan_GS_Astana2024_15-1715339446-2048x1365.jpg 2048w, https:\/\/judobelgium.be\/wp-content\/uploads\/2024\/05\/IJF_Gabi_Juan_GS_Astana2024_15-1715339446-18x12.jpg 18w\" sizes=\"(max-width: 1024px) 100vw, 1024px\" \/><figcaption class=\"wp-element-caption\">Mina Libeer<\/figcaption><\/figure>\n<\/figure>","protected":false},"excerpt":{"rendered":"<p>ASTANA \u2013 Dit afgelopen weekend vond in Astana, Kazachstan de laatste Grand Slam plaats in een lange reeks die onze judoka\u2019s naar alle uithoeken van de wereld bracht. Het werd jammer genoeg geen succes voor de vijf judoka\u2019s van Judo Belgium die er in actie traden. Onze judoka\u2019s werden uitgeschakeld in de voorronde. Geen tijd [&hellip;]<\/p>\n","protected":false},"author":4,"featured_media":2936,"comment_status":"closed","ping_status":"closed","sticky":false,"template":"","format":"standard","meta":{"_seopress_robots_primary_cat":"none","_seopress_titles_title":"","_seopress_titles_desc":"","_seopress_robots_index":"","footnotes":""},"categories":[1],"tags":[247,190,73],"class_list":["post-2934","post","type-post","status-publish","format-standard","has-post-thumbnail","hentry","category-algemeen","tag-247","tag-grand-slam-astana","tag-ijf"],"_links":{"self":[{"href":"https:\/\/judobelgium.be\/fr\/wp-json\/wp\/v2\/posts\/2934","targetHints":{"allow":["GET"]}}],"collection":[{"href":"https:\/\/judobelgium.be\/fr\/wp-json\/wp\/v2\/posts"}],"about":[{"href":"https:\/\/judobelgium.be\/fr\/wp-json\/wp\/v2\/types\/post"}],"author":[{"embeddable":true,"href":"https:\/\/judobelgium.be\/fr\/wp-json\/wp\/v2\/users\/4"}],"replies":[{"embeddable":true,"href":"https:\/\/judobelgium.be\/fr\/wp-json\/wp\/v2\/comments?post=2934"}],"version-history":[{"count":2,"href":"https:\/\/judobelgium.be\/fr\/wp-json\/wp\/v2\/posts\/2934\/revisions"}],"predecessor-version":[{"id":2940,"href":"https:\/\/judobelgium.be\/fr\/wp-json\/wp\/v2\/posts\/2934\/revisions\/2940"}],"wp:featuredmedia":[{"embeddable":true,"href":"https:\/\/judobelgium.be\/fr\/wp-json\/wp\/v2\/media\/2936"}],"wp:attachment":[{"href":"https:\/\/judobelgium.be\/fr\/wp-json\/wp\/v2\/media?parent=2934"}],"wp:term":[{"taxonomy":"category","embeddable":true,"href":"https:\/\/judobelgium.be\/fr\/wp-json\/wp\/v2\/categories?post=2934"},{"taxonomy":"post_tag","embeddable":true,"href":"https:\/\/judobelgium.be\/fr\/wp-json\/wp\/v2\/tags?post=2934"}],"curies":[{"name":"wp","href":"https:\/\/api.w.org\/{rel}","templated":true}]}}