{"id":3067,"date":"2024-07-25T15:28:59","date_gmt":"2024-07-25T13:28:59","guid":{"rendered":"https:\/\/judobelgium.be\/?p=3067"},"modified":"2024-07-25T15:29:00","modified_gmt":"2024-07-25T13:29:00","slug":"os-parijs-volg-onze-judokas-van-judo-team-belgium-via-de-liveblog-van-sporza-rtbf","status":"publish","type":"post","link":"https:\/\/judobelgium.be\/fr\/judo-internationaal\/os-parijs-volg-onze-judokas-van-judo-team-belgium-via-de-liveblog-van-sporza-rtbf\/","title":{"rendered":"OS Paris : suivez nos judokas de la Judo Team Belgium via le liveblog de Sporza &amp; de la RTBF"},"content":{"rendered":"<p>Vous pouvez suivre nos judokas via les liens ci-dessous \u00e0 partir du samedi 27 juillet, premier vrai jour de comp\u00e9tition aux Jeux Olympiques de Paris.<\/p>\n\n\n\n<p><strong>NED<\/strong><br><a href=\"https:\/\/sporza.be\/nl\/categorie\/olympische-spelen\/multilive-livestreams-olympische-spelen-2024\/\">Via les 4 livestreams simultan\u00e9s de Sporza.<\/a><br><strong>FRA<\/strong><br><a href=\"https:\/\/www.rtbf.be\/article\/paris-2024-programme-des-competitions-olympiques-diffusees-sur-la-rtbf-11403905\">Via la programmation de la RTBF.<\/a><\/p>\n\n\n\n<p>Ci-dessous, \u00e0 nouveau en d\u00e9tail les heures de combat de nos judokas belges et les heures du d\u00e9roulement \u00e9ventuel de leur tournoi olympique.<\/p>\n\n\n\n<figure class=\"wp-block-gallery has-nested-images columns-default is-cropped wp-block-gallery-1 is-layout-flex wp-block-gallery-is-layout-flex\">\n<figure class=\"wp-block-image size-large\"><img fetchpriority=\"high\" decoding=\"async\" width=\"819\" height=\"1024\" data-id=\"3070\" src=\"https:\/\/judobelgium.be\/wp-content\/uploads\/2024\/07\/2.0.team_bel_os_paris_2024-819x1024.png\" alt=\"\" class=\"wp-image-3070\" srcset=\"https:\/\/judobelgium.be\/wp-content\/uploads\/2024\/07\/2.0.team_bel_os_paris_2024-819x1024.png 819w, https:\/\/judobelgium.be\/wp-content\/uploads\/2024\/07\/2.0.team_bel_os_paris_2024-400x500.png 400w, https:\/\/judobelgium.be\/wp-content\/uploads\/2024\/07\/2.0.team_bel_os_paris_2024-768x960.png 768w, https:\/\/judobelgium.be\/wp-content\/uploads\/2024\/07\/2.0.team_bel_os_paris_2024-10x12.png 10w, https:\/\/judobelgium.be\/wp-content\/uploads\/2024\/07\/2.0.team_bel_os_paris_2024.png 1080w\" sizes=\"(max-width: 819px) 100vw, 819px\" \/><\/figure>\n\n\n\n<figure class=\"wp-block-image size-large\"><img decoding=\"async\" width=\"819\" height=\"1024\" data-id=\"3071\" src=\"https:\/\/judobelgium.be\/wp-content\/uploads\/2024\/07\/2.5.os_2024_schedule-819x1024.png\" alt=\"\" class=\"wp-image-3071\" srcset=\"https:\/\/judobelgium.be\/wp-content\/uploads\/2024\/07\/2.5.os_2024_schedule-819x1024.png 819w, https:\/\/judobelgium.be\/wp-content\/uploads\/2024\/07\/2.5.os_2024_schedule-400x500.png 400w, https:\/\/judobelgium.be\/wp-content\/uploads\/2024\/07\/2.5.os_2024_schedule-768x960.png 768w, https:\/\/judobelgium.be\/wp-content\/uploads\/2024\/07\/2.5.os_2024_schedule-10x12.png 10w, https:\/\/judobelgium.be\/wp-content\/uploads\/2024\/07\/2.5.os_2024_schedule.png 1080w\" sizes=\"(max-width: 819px) 100vw, 819px\" \/><\/figure>\n<\/figure>\n\n\n\n<figure class=\"wp-block-gallery has-nested-images columns-default is-cropped wp-block-gallery-2 is-layout-flex wp-block-gallery-is-layout-flex\">\n<figure class=\"wp-block-image size-large\"><img decoding=\"async\" width=\"819\" height=\"1024\" data-id=\"3073\" src=\"https:\/\/judobelgium.be\/wp-content\/uploads\/2024\/07\/2.1.team_bel_os_paris_2024_verstraeten_profiel-819x1024.png\" alt=\"\" class=\"wp-image-3073\" srcset=\"https:\/\/judobelgium.be\/wp-content\/uploads\/2024\/07\/2.1.team_bel_os_paris_2024_verstraeten_profiel-819x1024.png 819w, https:\/\/judobelgium.be\/wp-content\/uploads\/2024\/07\/2.1.team_bel_os_paris_2024_verstraeten_profiel-400x500.png 400w, https:\/\/judobelgium.be\/wp-content\/uploads\/2024\/07\/2.1.team_bel_os_paris_2024_verstraeten_profiel-768x960.png 768w, https:\/\/judobelgium.be\/wp-content\/uploads\/2024\/07\/2.1.team_bel_os_paris_2024_verstraeten_profiel-10x12.png 10w, https:\/\/judobelgium.be\/wp-content\/uploads\/2024\/07\/2.1.team_bel_os_paris_2024_verstraeten_profiel.png 1080w\" sizes=\"(max-width: 819px) 100vw, 819px\" \/><\/figure>\n\n\n\n<figure class=\"wp-block-image size-large\"><img loading=\"lazy\" decoding=\"async\" width=\"819\" height=\"1024\" data-id=\"3074\" src=\"https:\/\/judobelgium.be\/wp-content\/uploads\/2024\/07\/2.2.team_bel_os_paris_2024_casse_portret-819x1024.png\" alt=\"\" class=\"wp-image-3074\" srcset=\"https:\/\/judobelgium.be\/wp-content\/uploads\/2024\/07\/2.2.team_bel_os_paris_2024_casse_portret-819x1024.png 819w, https:\/\/judobelgium.be\/wp-content\/uploads\/2024\/07\/2.2.team_bel_os_paris_2024_casse_portret-400x500.png 400w, https:\/\/judobelgium.be\/wp-content\/uploads\/2024\/07\/2.2.team_bel_os_paris_2024_casse_portret-768x960.png 768w, https:\/\/judobelgium.be\/wp-content\/uploads\/2024\/07\/2.2.team_bel_os_paris_2024_casse_portret-10x12.png 10w, https:\/\/judobelgium.be\/wp-content\/uploads\/2024\/07\/2.2.team_bel_os_paris_2024_casse_portret.png 1080w\" sizes=\"(max-width: 819px) 100vw, 819px\" \/><\/figure>\n<\/figure>\n\n\n\n<figure class=\"wp-block-table\"><table class=\"has-fixed-layout\"><tbody><tr><td><strong>27\/07 \u2013 Jorre Verstraeten (JWB)<\/strong><\/td><td><strong>30\/07 \u2013 Matthias Casse (JV)<\/strong><\/td><\/tr><tr><td>10:00 : pr\u00e9liminaires et quarts de finale -60kg<\/td><td>10:00 : pr\u00e9liminaires et quarts de finale -81kg<\/td><\/tr><tr><td>16:34 : rep\u00eachages et demi-finales -60kg<\/td><td>16:00 : rep\u00eachages et demi-finales -81kg<\/td><\/tr><tr><td>17:49 : matchs pour le bronze -60kg<\/td><td>17:18 : matchs pour le bronze -81kg<\/td><\/tr><tr><td>18:09 : finale -60kg<\/td><td>17:38: finale -81kg<\/td><\/tr><\/tbody><\/table><\/figure>\n\n\n\n<figure class=\"wp-block-gallery has-nested-images columns-default is-cropped wp-block-gallery-3 is-layout-flex wp-block-gallery-is-layout-flex\">\n<figure class=\"wp-block-image size-large\"><img loading=\"lazy\" decoding=\"async\" width=\"819\" height=\"1024\" data-id=\"3072\" src=\"https:\/\/judobelgium.be\/wp-content\/uploads\/2024\/07\/2.3.team_bel_os_paris_2024_willems_profiel-819x1024.png\" alt=\"\" class=\"wp-image-3072\" srcset=\"https:\/\/judobelgium.be\/wp-content\/uploads\/2024\/07\/2.3.team_bel_os_paris_2024_willems_profiel-819x1024.png 819w, https:\/\/judobelgium.be\/wp-content\/uploads\/2024\/07\/2.3.team_bel_os_paris_2024_willems_profiel-400x500.png 400w, https:\/\/judobelgium.be\/wp-content\/uploads\/2024\/07\/2.3.team_bel_os_paris_2024_willems_profiel-768x960.png 768w, https:\/\/judobelgium.be\/wp-content\/uploads\/2024\/07\/2.3.team_bel_os_paris_2024_willems_profiel-10x12.png 10w, https:\/\/judobelgium.be\/wp-content\/uploads\/2024\/07\/2.3.team_bel_os_paris_2024_willems_profiel.png 1080w\" sizes=\"(max-width: 819px) 100vw, 819px\" \/><\/figure>\n\n\n\n<figure class=\"wp-block-image size-large\"><img loading=\"lazy\" decoding=\"async\" width=\"819\" height=\"1024\" data-id=\"3075\" src=\"https:\/\/judobelgium.be\/wp-content\/uploads\/2024\/07\/2.4.team_bel_os_paris_2024_nikiforov_profiel-819x1024.png\" alt=\"\" class=\"wp-image-3075\" srcset=\"https:\/\/judobelgium.be\/wp-content\/uploads\/2024\/07\/2.4.team_bel_os_paris_2024_nikiforov_profiel-819x1024.png 819w, https:\/\/judobelgium.be\/wp-content\/uploads\/2024\/07\/2.4.team_bel_os_paris_2024_nikiforov_profiel-400x500.png 400w, https:\/\/judobelgium.be\/wp-content\/uploads\/2024\/07\/2.4.team_bel_os_paris_2024_nikiforov_profiel-768x960.png 768w, https:\/\/judobelgium.be\/wp-content\/uploads\/2024\/07\/2.4.team_bel_os_paris_2024_nikiforov_profiel-10x12.png 10w, https:\/\/judobelgium.be\/wp-content\/uploads\/2024\/07\/2.4.team_bel_os_paris_2024_nikiforov_profiel.png 1080w\" sizes=\"(max-width: 819px) 100vw, 819px\" \/><\/figure>\n<\/figure>\n\n\n\n<figure class=\"wp-block-table\"><table class=\"has-fixed-layout\"><tbody><tr><td><strong>31\/07 \u2013 Gabriella Willems (JWB)<\/strong><\/td><td><strong>01\/08 \u2013 Toma Nikiforov (JV)<\/strong><\/td><\/tr><tr><td>10:00 :  pr\u00e9liminaires et quarts de finale -70kg<\/td><td>10:00 : pr\u00e9liminaires et quarts de finale -100kg<\/td><\/tr><tr><td>16:00 : rep\u00eachages et demi-finales -70kg<\/td><td>16:00 : rep\u00eachages et demi-finales -100kg<\/td><\/tr><tr><td>17:18 : matchs pour le bronze -70kg<\/td><td>17:18 : matchs pour le bronze -100kg<\/td><\/tr><tr><td>17:38: finale -70kg<\/td><td>17:38: finale -100kg<\/td><\/tr><\/tbody><\/table><\/figure>","protected":false},"excerpt":{"rendered":"<p>Via onderstaande links kan je vanaf zaterdag 27 juli, de eerste echte competitiedag van de Olympische Spelen in Parijs, onze judoka\u2019s volgen. NEDERLANDSVia de 4 simultane livestreams van Sporza.FRANSVia de programmatie van RTBF. Hierna nog eens in detail de tijdstippen wanneer onze Belgische judoka\u2019s starten en de tijdstippen van het eventuele verloop van hun Olympisch [&hellip;]<\/p>\n","protected":false},"author":4,"featured_media":3076,"comment_status":"closed","ping_status":"closed","sticky":false,"template":"","format":"standard","meta":{"_seopress_robots_primary_cat":"none","_seopress_titles_title":"","_seopress_titles_desc":"","_seopress_robots_index":"","footnotes":""},"categories":[5],"tags":[132,73,283,134,78,282,76],"class_list":["post-3067","post","type-post","status-publish","format-standard","has-post-thumbnail","hentry","category-judo-internationaal","tag-gabriella-willems","tag-ijf","tag-ioc","tag-jorre-verstraeten","tag-matthias-casse","tag-os-paris-2024","tag-toma-nikiforov"],"_links":{"self":[{"href":"https:\/\/judobelgium.be\/fr\/wp-json\/wp\/v2\/posts\/3067","targetHints":{"allow":["GET"]}}],"collection":[{"href":"https:\/\/judobelgium.be\/fr\/wp-json\/wp\/v2\/posts"}],"about":[{"href":"https:\/\/judobelgium.be\/fr\/wp-json\/wp\/v2\/types\/post"}],"author":[{"embeddable":true,"href":"https:\/\/judobelgium.be\/fr\/wp-json\/wp\/v2\/users\/4"}],"replies":[{"embeddable":true,"href":"https:\/\/judobelgium.be\/fr\/wp-json\/wp\/v2\/comments?post=3067"}],"version-history":[{"count":2,"href":"https:\/\/judobelgium.be\/fr\/wp-json\/wp\/v2\/posts\/3067\/revisions"}],"predecessor-version":[{"id":3077,"href":"https:\/\/judobelgium.be\/fr\/wp-json\/wp\/v2\/posts\/3067\/revisions\/3077"}],"wp:featuredmedia":[{"embeddable":true,"href":"https:\/\/judobelgium.be\/fr\/wp-json\/wp\/v2\/media\/3076"}],"wp:attachment":[{"href":"https:\/\/judobelgium.be\/fr\/wp-json\/wp\/v2\/media?parent=3067"}],"wp:term":[{"taxonomy":"category","embeddable":true,"href":"https:\/\/judobelgium.be\/fr\/wp-json\/wp\/v2\/categories?post=3067"},{"taxonomy":"post_tag","embeddable":true,"href":"https:\/\/judobelgium.be\/fr\/wp-json\/wp\/v2\/tags?post=3067"}],"curies":[{"name":"wp","href":"https:\/\/api.w.org\/{rel}","templated":true}]}}