{"id":307,"date":"2021-08-26T11:57:51","date_gmt":"2021-08-26T09:57:51","guid":{"rendered":"https:\/\/judo-belgium.mailbox-marketing7.be\/?p=307"},"modified":"2022-09-08T16:08:00","modified_gmt":"2022-09-08T14:08:00","slug":"os-tokyo-2020ne-matthias-casse-pakt-brons-op-zijn-eerste-spelen","status":"publish","type":"post","link":"https:\/\/judobelgium.be\/fr\/judo-internationaal\/os-tokyo-2020ne-matthias-casse-pakt-brons-op-zijn-eerste-spelen\/","title":{"rendered":"Matthias Casse d\u00e9croche le bronze \u00e0 ses premiers JO !"},"content":{"rendered":"<p><strong><em>TOKIO\/LOUVAIN-LA-NEUVE \u2013<\/em><\/strong> Le mardi 27 juillet a \u00e9t\u00e9 le jour de v\u00e9rit\u00e9 pour Matthias Casse, champion du monde en titre et actuel n\u00b01 mondial dans la cat\u00e9gorie de poids -81kg. Sa premi\u00e8re participation olympique est d\u00e9sormais un fait et quelle r\u00e9ussite ! Apr\u00e8s un parcours extr\u00eamement excitant, notre compatriote remporte la m\u00e9daille de bronze avec beaucoup de classe.<\/p>\n\n\n\n<p>Nous reprenons la longue route vers le bronze que Matthias a remport\u00e9 \u00e0 Tokyo.<\/p>\n\n\n\n<p>Apr\u00e8s un bye au premier tour, Matthias d\u00e9butera son tournoi olympique dans le Budokan japonais contre le Portoricain Adrian Gandia, le num\u00e9ro 33 au classement mondial. Un d\u00e9but surprenant car apr\u00e8s seulement 20 secondes Matthias est quasiment mis KO par son adversaire. Casse contre-attaque imm\u00e9diatement et semble marquer avec ippon, mais apr\u00e8s v\u00e9rification vid\u00e9o, l\u2019ippon est converti en waza-ari. Donc \u00e9galit\u00e9. Apr\u00e8s deux tentatives infructueuses de lancer d'\u00e9paule de Matthias, le combat se poursuit en prolongation. Et l\u00e0 Matthias montre ses qualit\u00e9s avec un serre-bras qui lui offre sa premi\u00e8re victoire.<\/p>\n\n\n\n<p>Au troisi\u00e8me tour, Matthias affrontera le Su\u00e9dois Robin Pacek, num\u00e9ro 28 au classement mondial IJF. Casse a d\u00e9j\u00e0 rencontr\u00e9 le Su\u00e9dois \u00e0 trois reprises sur le tapis, en sortant vainqueur deux fois. Le Su\u00e9dois marque rapidement un premier point. Matthias corrige imm\u00e9diatement avec un joli lancer qui lui donne un waza-ari. Il tente un autre lancer d'\u00e9paule, mais sans le r\u00e9sultat escompt\u00e9 et le match passe \u00e0 nouveau en prolongation. Pacek et Casse re\u00e7oivent un premier point de p\u00e9nalit\u00e9. La fatigue commence \u00e0 peser sur le Su\u00e9dois qui \u00e9cope d'un deuxi\u00e8me point de p\u00e9nalit\u00e9. Trois minutes apr\u00e8s le d\u00e9but du Golden Score, un solide Matthias bat le Su\u00e9dois \u00e9puis\u00e9 avec un jet de sacrifice. Notre compatriote se qualifie pour les quarts de finale.<\/p>\n\n\n\n<p>En quarts de finale, le judoka anversois affrontera le Russe Alan Khubetsov (8 WRL). Ils ne se sont rencontr\u00e9s qu'une seule fois sur le tatami auparavant, lors du Grand Chelem de Bakou en 2019. Matthias a ensuite battu le Russe. Et maintenant, il r\u00e9ussit \u00e0 nouveau. Cependant, notre compatriote avait besoin de plus de temps pour mettre Khubetsov de c\u00f4t\u00e9 afin de se frayer un chemin vers les demi-finales. C'\u00e9tait au d\u00e9part un combat tr\u00e8s probant dans lequel Casse a tent\u00e9 de vaincre un adversaire raide, qui avait verrouill\u00e9 sa d\u00e9fense. Ce qui, \u00e0 long terme, a jou\u00e9 en d\u00e9faveur du Russe. Les deux judokas prennent un point de p\u00e9nalit\u00e9, mais Khubetsov en obtient 2 de plus, ce qui entra\u00eene imm\u00e9diatement son \u00e9limination au Golden Score. Matthias se qualifie donc pour les demi-finales.<\/p>\n\n\n\n<p>En demi-finale, Matthias affrontera le Japonais Nagase Takanori (13 WRL). Il n'a lutt\u00e9 contre Nagase qu'une seule fois, lors du Grand Prix de Montr\u00e9al (2019), \u00e9galement pour les demi-finales, qu'il a ensuite perdu. Ce sera un combat intense. Les deux judokas cherchent une ouverture par laquelle l'arbitre accorde des points de p\u00e9nalit\u00e9 pour passivit\u00e9. Les adversaires continuent de saisir, d'essayer et de s'accrocher au Golden Score. Pendant ce temps, Casse \u00e9cope d'un deuxi\u00e8me point de p\u00e9nalit\u00e9 et ne peut parer un lancer du Japonais, si bien que ce dernier marque un point et remporte le match. Donc pas de finale pour notre compatriote. Cependant, la lutte pour la m\u00e9daille de bronze contre le G\u00e9orgien Tato Grigalashvili. Une r\u00e9p\u00e9tition de la finale de la Coupe du monde \u00e0 Budapest.<\/p>\n\n\n\n<p class=\"translation-block\">Le G\u00e9orgien attaque assez vite dans ce dernier camp et Matthias prend une p\u00e9nalit\u00e9 pour passivit\u00e9. Grigalashvili essaie de mettre Matthias au sol avec seoi nage, mais Matthias prend le relais et marque avec ippon. Une reprise fantastique avec laquelle notre compatriote belge d\u00e9livre la 10\u00e8me m\u00e9daille de bronze en judo, la 13\u00e8me m\u00e9daille de judo au g\u00e9n\u00e9ral.<\/p>\n\n\n\n<p class=\"translation-block\"><em>\u00ab J'ai assez bien r\u00e9ussi \u00e0 me ressourcer apr\u00e8s avoir perdu en demi-finale. J'\u00e9tais donc pr\u00eat pour ce combat \u00bb<\/em>, explique Matthias dans la zone mixte. <em>\u00ab C'\u00e9tait une reprise de la finale de la Coupe du monde \u00e0 Budapest. Je me suis tellement entra\u00een\u00e9 \u00e0 cette fa\u00e7on de marquer que c'est maintenant venu presque automatiquement, sans vraiment y penser. Je suis donc heureux que cela ait \u00e9t\u00e9 un succ\u00e8s. \u00bb<\/em> Pas d'or olympique pour le champion du monde en titre, mais il n'est pas d\u00e9\u00e7u. <em>\u00ab Je peux revenir sur cette journ\u00e9e avec satisfaction, malgr\u00e9 l'or qui m'a \u00e9chapp\u00e9 \u00bb<\/em>, dit Casse. Il r\u00e9agit comme un vrai professionnel \u00e0 sa d\u00e9faite en demi-finale. <em>\u00ab Pouvoir recharger pour ce dernier combat \u00e9tait important. L'arbitre prend une d\u00e9cision et je ne vais pas en discuter. Je vais juste accepter les cons\u00e9quences et la prochaine fois je devrai faire mieux. Cependant, je suis tr\u00e8s content de ma saison. L'argent aux Championnats d'Europe, l'or \u00e0 la Coupe du monde et maintenant le bronze au JO\u00bb, a d\u00e9clar\u00e9 Casse \u00e9mu. <em>\u00ab Je vais continuer \u00e0 travailler fort. Il y aura des nouveaux tournois pour me montrer. \u00bb<\/em><\/p>\n\n\n\n<p class=\"translation-block\"><em>\u00ab Matthias est fait pour ce genre de comp\u00e9tition \u00bb<\/em>, d\u00e9clare le directeur technique sport \u00e9lite de Judo Vlaanderen Koen Sleeckx de Tokyo. <em>\u00ab Plus ses adversaires sont bons, plus son niveau est \u00e9lev\u00e9. En demi-finale, il perd contre le champion \u00e0 domicile Nagase apr\u00e8s un match passionnant. Il peut se charger sans probl\u00e8mes pour le bronze et gagne avec une belle prise de contr\u00f4le. Un grand bravo \u00e0 Matthias ! Mais aussi un excellent travail des entra\u00eeneurs Mark van der Ham et Damiano Martinuzzi et le soutien m\u00e9dical avec Tom, Luc et Vincent, Dr. Peter Smolders, Bellemans et Henry. Sans oublier le sparring partner Karel Foubert et tous les autres judokas avec lesquels Matthias s'entra\u00eene, ainsi que Robin Jacobs, le manager de Matthias ! \u00bb<\/em><\/p>\n\n\n\n<p class=\"translation-block\"><em>\u00ab Quelle belle journ\u00e9e de judo pour Matthias Casse \u00bb<\/em>, a d\u00e9clar\u00e9 l'entra\u00eeneur-chef de JV Mark van der Ham. <em>\u00ab Gagner une m\u00e9daille de bronze apr\u00e8s une pr\u00e9paration pas id\u00e9ale est fantastique. La journ\u00e9e a commenc\u00e9 difficile, mais Matthias s'est am\u00e9lior\u00e9 combat apr\u00e8s combat et a atteint son plus haut niveau avec le bronze en battant le G\u00e9orgien Grigalashvili avec une prise de contr\u00f4le difficile ! \u00bb<\/em><\/p>","protected":false},"excerpt":{"rendered":"<p>TOKIO\/LOUVAIN-LA-NEUVE \u2013 Dinsdag 27 juli, was de dag van de waarheid voor Matthias Casse, de regerende Wereldkampioen en de huidige nummer 1 in de wereld voor gewichtscategorie -81kg. Zijn eerste Olympische deelname is ondertussen een feit en wat voor \u00e9\u00e9n! Na een extreem spannend parcours pakt onze landgenoot met veel klasse de bronzen medaille. We [&hellip;]<\/p>\n","protected":false},"author":2,"featured_media":669,"comment_status":"closed","ping_status":"closed","sticky":false,"template":"","format":"standard","meta":{"_seopress_robots_primary_cat":"","_seopress_titles_title":"","_seopress_titles_desc":"","_seopress_robots_index":"","footnotes":""},"categories":[5],"tags":[],"class_list":["post-307","post","type-post","status-publish","format-standard","has-post-thumbnail","hentry","category-judo-internationaal"],"_links":{"self":[{"href":"https:\/\/judobelgium.be\/fr\/wp-json\/wp\/v2\/posts\/307","targetHints":{"allow":["GET"]}}],"collection":[{"href":"https:\/\/judobelgium.be\/fr\/wp-json\/wp\/v2\/posts"}],"about":[{"href":"https:\/\/judobelgium.be\/fr\/wp-json\/wp\/v2\/types\/post"}],"author":[{"embeddable":true,"href":"https:\/\/judobelgium.be\/fr\/wp-json\/wp\/v2\/users\/2"}],"replies":[{"embeddable":true,"href":"https:\/\/judobelgium.be\/fr\/wp-json\/wp\/v2\/comments?post=307"}],"version-history":[{"count":1,"href":"https:\/\/judobelgium.be\/fr\/wp-json\/wp\/v2\/posts\/307\/revisions"}],"predecessor-version":[{"id":309,"href":"https:\/\/judobelgium.be\/fr\/wp-json\/wp\/v2\/posts\/307\/revisions\/309"}],"wp:featuredmedia":[{"embeddable":true,"href":"https:\/\/judobelgium.be\/fr\/wp-json\/wp\/v2\/media\/669"}],"wp:attachment":[{"href":"https:\/\/judobelgium.be\/fr\/wp-json\/wp\/v2\/media?parent=307"}],"wp:term":[{"taxonomy":"category","embeddable":true,"href":"https:\/\/judobelgium.be\/fr\/wp-json\/wp\/v2\/categories?post=307"},{"taxonomy":"post_tag","embeddable":true,"href":"https:\/\/judobelgium.be\/fr\/wp-json\/wp\/v2\/tags?post=307"}],"curies":[{"name":"wp","href":"https:\/\/api.w.org\/{rel}","templated":true}]}}