{"id":3078,"date":"2024-08-02T11:00:46","date_gmt":"2024-08-02T09:00:46","guid":{"rendered":"https:\/\/judobelgium.be\/?p=3078"},"modified":"2026-04-20T15:31:46","modified_gmt":"2026-04-20T13:31:46","slug":"os-parijs-brons-voor-willems-5de-plaats-voor-casse","status":"publish","type":"post","link":"https:\/\/judobelgium.be\/fr\/judo-internationaal\/os-parijs-brons-voor-willems-5de-plaats-voor-casse\/","title":{"rendered":"JO Paris : Le bronze pour Willems, 5i\u00e8me place pour Casse"},"content":{"rendered":"<p class=\"translation-block\">PARIS \u2013 Les Jeux Olympiques sont termin\u00e9s pour les judokas de Judo Belgium. Avec la m\u00e9daille de bronze de Gabriella Willems et la cinqui\u00e8me place de Matthias Casse, les judokas belges r\u00e9alisent un meilleur r\u00e9sultat \u00e0 Paris qu\u2019\u00e0 Tokyo, l\u00e0 o\u00f9 Matthias Casse avait emport\u00e9 le bronze et Charline Van Snick avait termin\u00e9 \u00e0 la 7i\u00e8me place. Bien s\u00fbr, nos quatre judokas ont vis\u00e9 haut \u00e0 Paris, mais le sport de haut niveau reste un sport de haut niveau, o\u00f9 profits et pertes, joies et tristesses sont tr\u00e8s proches. Une dure r\u00e9alit\u00e9. Malgr\u00e9 les larmes de l'\u00e9limination, les judokas belges ont continu\u00e9 \u00e0 remporter r\u00e9guli\u00e8rement des m\u00e9dailles olympiques lors des quatre derni\u00e8res \u00e9ditions et Judo Belgique reste le principal fournisseur du Team Belgium\/BOIC. Charline Van Snick a remport\u00e9 le bronze \u00e0 Londres (2012), Dirk Van Tichelt et Matthias Casse sont respectivement repartis avec le bronze \u00e0 Rio (2016) et Tokyo (2021). Et voil\u00e0 que Gabriella Willems rejoint le groupe restreint avec le bronze \u00e0 Paris (2024).<\/p>\n\n\n\n<figure class=\"wp-block-image aligncenter size-large\"><img fetchpriority=\"high\" decoding=\"async\" width=\"1024\" height=\"683\" src=\"https:\/\/judobelgium.be\/wp-content\/uploads\/2024\/08\/Gabi-Juan-Olympic-Games-Judo-2024-2024-330762-1024x683.jpg\" alt=\"\" class=\"wp-image-3091\" srcset=\"https:\/\/judobelgium.be\/wp-content\/uploads\/2024\/08\/Gabi-Juan-Olympic-Games-Judo-2024-2024-330762-1024x683.jpg 1024w, https:\/\/judobelgium.be\/wp-content\/uploads\/2024\/08\/Gabi-Juan-Olympic-Games-Judo-2024-2024-330762-500x333.jpg 500w, https:\/\/judobelgium.be\/wp-content\/uploads\/2024\/08\/Gabi-Juan-Olympic-Games-Judo-2024-2024-330762-768x512.jpg 768w, https:\/\/judobelgium.be\/wp-content\/uploads\/2024\/08\/Gabi-Juan-Olympic-Games-Judo-2024-2024-330762-1536x1024.jpg 1536w, https:\/\/judobelgium.be\/wp-content\/uploads\/2024\/08\/Gabi-Juan-Olympic-Games-Judo-2024-2024-330762-2048x1366.jpg 2048w, https:\/\/judobelgium.be\/wp-content\/uploads\/2024\/08\/Gabi-Juan-Olympic-Games-Judo-2024-2024-330762-18x12.jpg 18w\" sizes=\"(max-width: 1024px) 100vw, 1024px\" \/><\/figure>\n\n\n\n<p class=\"translation-block\">Sebastien Bonte, pr\u00e9sident Judo Belgium : \"Je suis extr\u00eamement fier de la performance de notre d\u00e9l\u00e9gation aux Jeux Olympiques de Paris. Avec une m\u00e9daille de bronze et une 5\u00e8me place, nos judokas ont montr\u00e9 un niveau exceptionnel et une d\u00e9termination remarquable. F\u00e9licitations \u00e0 Jorre, Matthias, Gaby et Toma pour leur travail acharn\u00e9 et leur esprit de comp\u00e9tition. Leur engagement continue de faire briller le judo belge sur la sc\u00e8ne internationale.\"<\/p>\n\n\n\n<p class=\"translation-block\">\"La vraie force aux Jeux Olympiques ne vient pas seulement de la force physique, mais aussi de la force de la croyance en la victoire\", a d\u00e9clar\u00e9 Peter Vermeir, vice-pr\u00e9sident de Judo Belgium et pr\u00e9sident de Judo Vlaanderen.<\/p>\n\n\n\n<p>Revenons sur le parcours de nos quatre judokas olympiques.<\/p>\n\n\n\n<h2 class=\"wp-block-heading\">Jorre Verstraeten (-60kg\/JWB) - \u00c9limination au tour pr\u00e9liminaire<\/h2>\n\n\n\n<figure class=\"wp-block-image alignleft size-large is-resized\"><img decoding=\"async\" width=\"1024\" height=\"683\" src=\"https:\/\/judobelgium.be\/wp-content\/uploads\/2024\/08\/Gabi-Juan-Olympic-Games-Judo-2024-2024-331137-1024x683.jpg\" alt=\"\" class=\"wp-image-3090\" style=\"width:393px;height:auto\" srcset=\"https:\/\/judobelgium.be\/wp-content\/uploads\/2024\/08\/Gabi-Juan-Olympic-Games-Judo-2024-2024-331137-1024x683.jpg 1024w, https:\/\/judobelgium.be\/wp-content\/uploads\/2024\/08\/Gabi-Juan-Olympic-Games-Judo-2024-2024-331137-500x333.jpg 500w, https:\/\/judobelgium.be\/wp-content\/uploads\/2024\/08\/Gabi-Juan-Olympic-Games-Judo-2024-2024-331137-768x512.jpg 768w, https:\/\/judobelgium.be\/wp-content\/uploads\/2024\/08\/Gabi-Juan-Olympic-Games-Judo-2024-2024-331137-1536x1024.jpg 1536w, https:\/\/judobelgium.be\/wp-content\/uploads\/2024\/08\/Gabi-Juan-Olympic-Games-Judo-2024-2024-331137-2048x1366.jpg 2048w, https:\/\/judobelgium.be\/wp-content\/uploads\/2024\/08\/Gabi-Juan-Olympic-Games-Judo-2024-2024-331137-18x12.jpg 18w\" sizes=\"(max-width: 1024px) 100vw, 1024px\" \/><\/figure>\n\n\n\n<p>Le 27 juillet, Jorre Verstraeten est le premier judoka de Judo Belgium \u00e0 monter sur les tatamis Olympiques. Verstraeten, num\u00e9ro 19 mondial, affronte le num\u00e9ro 79, le Salvadorien Jairo Moreno, qui peine \u00e0 r\u00e9sister \u00e0 Jorre. Le combat va donc se d\u00e9cider rapidement. Au bout d'une minute, il jette son adversaire sur son \u00e9paule et marque son premier point via waza-ari. S'ensuit une violente bataille terrestre au cours de laquelle le Salvadorien doit reconna\u00eetre la sup\u00e9riorit\u00e9 de Jorre. Dans son deuxi\u00e8me combat, Jorre attend cependant un adversaire d'un autre calibre, \u00e0 savoir l'Espagnol Francisco Garrigos (#5 WRL), champion du monde 2023 et champion d'Europe en titre. Notre compatriote a d\u00e9but\u00e9 le combat en force, qui s'est termin\u00e9 par une joute tactique au cours de laquelle les deux judokas ont re\u00e7u un shido. Dans un premier temps, Jorre semble avoir pris le contr\u00f4le du combat. Cependant, le match s'\u00e9ternise en prolongation, o\u00f9 l'Espagnol jette notre compatriote par-dessus son \u00e9paule avec un peu moins de trois minutes de temps additionnel au compteur.<\/p>\n\n\n\n<p class=\"translation-block\"><strong>Parcours<\/strong><br>Round of 32: Victory vs. Jairo Morena (ESA)<br>Round of 16: Defeat vs. Francisco Garrigos (ESP)<\/p>\n\n\n\n<figure class=\"wp-block-gallery has-nested-images columns-default is-cropped wp-block-gallery-1 is-layout-flex wp-block-gallery-is-layout-flex\">\n<figure class=\"wp-block-image size-large\"><img decoding=\"async\" width=\"1024\" height=\"683\" data-id=\"3084\" src=\"https:\/\/judobelgium.be\/wp-content\/uploads\/2024\/08\/EDF_0394-1722085124-1722085124-1024x683.jpg\" alt=\"\" class=\"wp-image-3084\" srcset=\"https:\/\/judobelgium.be\/wp-content\/uploads\/2024\/08\/EDF_0394-1722085124-1722085124-1024x683.jpg 1024w, https:\/\/judobelgium.be\/wp-content\/uploads\/2024\/08\/EDF_0394-1722085124-1722085124-500x333.jpg 500w, https:\/\/judobelgium.be\/wp-content\/uploads\/2024\/08\/EDF_0394-1722085124-1722085124-768x512.jpg 768w, https:\/\/judobelgium.be\/wp-content\/uploads\/2024\/08\/EDF_0394-1722085124-1722085124-1536x1024.jpg 1536w, https:\/\/judobelgium.be\/wp-content\/uploads\/2024\/08\/EDF_0394-1722085124-1722085124-2048x1365.jpg 2048w, https:\/\/judobelgium.be\/wp-content\/uploads\/2024\/08\/EDF_0394-1722085124-1722085124-18x12.jpg 18w\" sizes=\"(max-width: 1024px) 100vw, 1024px\" \/><\/figure>\n\n\n\n<figure class=\"wp-block-image size-large\"><img loading=\"lazy\" decoding=\"async\" width=\"1024\" height=\"683\" data-id=\"3083\" src=\"https:\/\/judobelgium.be\/wp-content\/uploads\/2024\/08\/EDF_0548-1722085129-1722085129-1024x683.jpg\" alt=\"\" class=\"wp-image-3083\" srcset=\"https:\/\/judobelgium.be\/wp-content\/uploads\/2024\/08\/EDF_0548-1722085129-1722085129-1024x683.jpg 1024w, https:\/\/judobelgium.be\/wp-content\/uploads\/2024\/08\/EDF_0548-1722085129-1722085129-500x333.jpg 500w, https:\/\/judobelgium.be\/wp-content\/uploads\/2024\/08\/EDF_0548-1722085129-1722085129-768x512.jpg 768w, https:\/\/judobelgium.be\/wp-content\/uploads\/2024\/08\/EDF_0548-1722085129-1722085129-1536x1024.jpg 1536w, https:\/\/judobelgium.be\/wp-content\/uploads\/2024\/08\/EDF_0548-1722085129-1722085129-2048x1365.jpg 2048w, https:\/\/judobelgium.be\/wp-content\/uploads\/2024\/08\/EDF_0548-1722085129-1722085129-18x12.jpg 18w\" sizes=\"(max-width: 1024px) 100vw, 1024px\" \/><\/figure>\n<\/figure>\n\n\n\n<h2 class=\"wp-block-heading\">Matthias Casse (-81kg\/JV) \u2013 5i\u00e8me place<\/h2>\n\n\n\n<figure class=\"wp-block-image alignleft size-large is-resized\"><img loading=\"lazy\" decoding=\"async\" width=\"1024\" height=\"739\" src=\"https:\/\/judobelgium.be\/wp-content\/uploads\/2024\/08\/S_C9019-1722340371-1722340371-1024x739.jpg\" alt=\"\" class=\"wp-image-3092\" style=\"width:394px;height:auto\" srcset=\"https:\/\/judobelgium.be\/wp-content\/uploads\/2024\/08\/S_C9019-1722340371-1722340371-1024x739.jpg 1024w, https:\/\/judobelgium.be\/wp-content\/uploads\/2024\/08\/S_C9019-1722340371-1722340371-500x361.jpg 500w, https:\/\/judobelgium.be\/wp-content\/uploads\/2024\/08\/S_C9019-1722340371-1722340371-768x554.jpg 768w, https:\/\/judobelgium.be\/wp-content\/uploads\/2024\/08\/S_C9019-1722340371-1722340371-1536x1108.jpg 1536w, https:\/\/judobelgium.be\/wp-content\/uploads\/2024\/08\/S_C9019-1722340371-1722340371-18x12.jpg 18w, https:\/\/judobelgium.be\/wp-content\/uploads\/2024\/08\/S_C9019-1722340371-1722340371.jpg 2048w\" sizes=\"(max-width: 1024px) 100vw, 1024px\" \/><\/figure>\n\n\n\n<p>Apr\u00e8s un premier tour bye, Matthias a d\u00e9but\u00e9 son tournoi olympique contre Sibghafullah Arab (EOR) d'Afghanistan, membre de l'\u00e9quipe olympique des r\u00e9fugi\u00e9s. La tension est rapidement mont\u00e9e car le noble inconnu (#109 WRL) a d\u00e9j\u00e0 cr\u00e9\u00e9 le suspense en prenant \u00e9tonnamment rapidement son premier point via waza-ari. Les supporters ont imm\u00e9diatement eu une impression de d\u00e9j\u00e0 vu, car la m\u00eame chose s'est produite \u00e0 Tokyo lors du premier combat de Matthias contre Adrian Gandia (PUR). Cependant, Matthias a pu rapidement faire tourner le combat dans sa direction et a plaqu\u00e9 avec force son adversaire sur le tapis et a forc\u00e9 sa premi\u00e8re victoire avec un solide verrouillage du bras. Le prochain adversaire de Matthias \u00e9tait le Hongrois Attila Ungvari (#20 WRL). Matthias a sond\u00e9 son adversaire et a finalement jet\u00e9 le Hongrois sur le dos dans la prolongation. En quarts de finale, Matthias affronte le Japonais Nagase, qui l'a battu en demi-finale aux JO de Tokyo. Une fois de plus, le combat s'\u00e9ternise jusqu'au Golden Score. Nagase y marque un waza-ari. Malheureusement, Matthias doit suspendre sa qu\u00eate de l'or olympique \u00e0 cause de cette d\u00e9faite. Il est renvoy\u00e9 aux rep\u00eachages. Il y rencontre le Canadien Fran\u00e7ois Gauthier Drapeau. Matthias se r\u00e9v\u00e8le \u00eatre le meilleur judoka. Pour ce faire, il a d\u00fb se replonger dans le Golden Score et finalement \u00e9pingler son adversaire au tapis avec une prise de t\u00eate. L'adversaire dans le combat pour le bronze est le Cor\u00e9en Joonhwan Lee. Ce sera un combat passionnant qui se poursuivra encore une fois en prolongation. Lorsque Matthias passe \u00e0 l'attaque, Lee balaie ses jambes et marque waza-ari. Suffisant pour une victoire en prolongation. Donc pas de m\u00e9daille d'honneur pour Matthias aux Jeux de Paris. Notre compatriote doit se contenter de la cinqui\u00e8me place, la d\u00e9ception est grande.<\/p>\n\n\n\n<p class=\"translation-block\"><strong>Parcours<\/strong><br>Round of 32: Victory vs. Sibghatullah Arab (EOR)<br>Round of 16: Victory vs. Attila Ungvari (HUN)<br>Quarter Final: Defeat vs. Takanori Nagase (JPN)<br>Repechage: Victory vs. Fran\u00e7ois Gauthier Drapeau (CAN)<br>BRONZE: Defeat vs. Joonhwan Lee (KOR)<\/p>\n\n\n\n<figure class=\"wp-block-gallery has-nested-images columns-default is-cropped wp-block-gallery-2 is-layout-flex wp-block-gallery-is-layout-flex\">\n<figure class=\"wp-block-image size-large\"><img loading=\"lazy\" decoding=\"async\" width=\"1024\" height=\"765\" data-id=\"3085\" src=\"https:\/\/judobelgium.be\/wp-content\/uploads\/2024\/08\/S_C8337-1722340309-1722340309-1024x765.jpg\" alt=\"\" class=\"wp-image-3085\" srcset=\"https:\/\/judobelgium.be\/wp-content\/uploads\/2024\/08\/S_C8337-1722340309-1722340309-1024x765.jpg 1024w, https:\/\/judobelgium.be\/wp-content\/uploads\/2024\/08\/S_C8337-1722340309-1722340309-500x374.jpg 500w, https:\/\/judobelgium.be\/wp-content\/uploads\/2024\/08\/S_C8337-1722340309-1722340309-768x574.jpg 768w, https:\/\/judobelgium.be\/wp-content\/uploads\/2024\/08\/S_C8337-1722340309-1722340309-1536x1148.jpg 1536w, https:\/\/judobelgium.be\/wp-content\/uploads\/2024\/08\/S_C8337-1722340309-1722340309-16x12.jpg 16w, https:\/\/judobelgium.be\/wp-content\/uploads\/2024\/08\/S_C8337-1722340309-1722340309.jpg 2048w\" sizes=\"(max-width: 1024px) 100vw, 1024px\" \/><\/figure>\n\n\n\n<figure class=\"wp-block-image size-large\"><img loading=\"lazy\" decoding=\"async\" width=\"1024\" height=\"683\" data-id=\"3086\" src=\"https:\/\/judobelgium.be\/wp-content\/uploads\/2024\/08\/81kg_bronze_BEL-KOR-05-172236-1722362302-1024x683.jpg\" alt=\"\" class=\"wp-image-3086\" srcset=\"https:\/\/judobelgium.be\/wp-content\/uploads\/2024\/08\/81kg_bronze_BEL-KOR-05-172236-1722362302-1024x683.jpg 1024w, https:\/\/judobelgium.be\/wp-content\/uploads\/2024\/08\/81kg_bronze_BEL-KOR-05-172236-1722362302-500x333.jpg 500w, https:\/\/judobelgium.be\/wp-content\/uploads\/2024\/08\/81kg_bronze_BEL-KOR-05-172236-1722362302-768x512.jpg 768w, https:\/\/judobelgium.be\/wp-content\/uploads\/2024\/08\/81kg_bronze_BEL-KOR-05-172236-1722362302-1536x1024.jpg 1536w, https:\/\/judobelgium.be\/wp-content\/uploads\/2024\/08\/81kg_bronze_BEL-KOR-05-172236-1722362302-2048x1365.jpg 2048w, https:\/\/judobelgium.be\/wp-content\/uploads\/2024\/08\/81kg_bronze_BEL-KOR-05-172236-1722362302-18x12.jpg 18w\" sizes=\"(max-width: 1024px) 100vw, 1024px\" \/><\/figure>\n<\/figure>\n\n\n\n<h2 class=\"wp-block-heading\">Gabriella Willems (-70kg\/JWB) \u2013 BRONZE<\/h2>\n\n\n\n<figure class=\"wp-block-image alignright size-large is-resized\"><img loading=\"lazy\" decoding=\"async\" width=\"1024\" height=\"758\" src=\"https:\/\/judobelgium.be\/wp-content\/uploads\/2024\/08\/S_C3637-1722448262-1722448262-1024x758.jpg\" alt=\"\" class=\"wp-image-3089\" style=\"width:343px;height:auto\" srcset=\"https:\/\/judobelgium.be\/wp-content\/uploads\/2024\/08\/S_C3637-1722448262-1722448262-1024x758.jpg 1024w, https:\/\/judobelgium.be\/wp-content\/uploads\/2024\/08\/S_C3637-1722448262-1722448262-500x370.jpg 500w, https:\/\/judobelgium.be\/wp-content\/uploads\/2024\/08\/S_C3637-1722448262-1722448262-768x568.jpg 768w, https:\/\/judobelgium.be\/wp-content\/uploads\/2024\/08\/S_C3637-1722448262-1722448262-1536x1136.jpg 1536w, https:\/\/judobelgium.be\/wp-content\/uploads\/2024\/08\/S_C3637-1722448262-1722448262-16x12.jpg 16w, https:\/\/judobelgium.be\/wp-content\/uploads\/2024\/08\/S_C3637-1722448262-1722448262.jpg 2048w\" sizes=\"(max-width: 1024px) 100vw, 1024px\" \/><\/figure>\n\n\n\n<p>Malgr\u00e9 une qualification tardive et serr\u00e9e en raison de longues blessures, Gabriella Willems a surpris le monde du judo combat apr\u00e8s combat en tant qu\u2019outsider lors de ses d\u00e9buts olympiques. Elle a d\u00fb manquer les Jeux de Tokyo en raison d'une blessure. Alors que Paris \u00e9tait en vue, le d\u00e9sastre frappe \u00e0 nouveau. Encore une blessure grave qui a rapidement laiss\u00e9 ces Jeux suspendus \u00e0 un fil. Avec seulement un mois pour se qualifier pour les Jeux, cela semblait \u00eatre une mission impossible, mais avec une cinqui\u00e8me place aux Championnats du monde \u00e0 Abu Dhabi, cela a quand m\u00eame fonctionn\u00e9. Personne \u2013 y compris elle-m\u00eame \u2013 ne s\u2019attendait \u00e0 ce que Willems surprenne tout le monde en route vers le podium olympique. Lors de son tour pr\u00e9liminaire, Gabriella s'est montr\u00e9e trop forte pour la Portoricaine Maria Perez. Lors de son deuxi\u00e8me combat, elle a surpris la Grecque Elisavet Teltsidou (#2 WRL) par ippon. Le moteur n'a crach\u00e9 qu'un instant... En quart de finale contre l'Allemande Miriam Butkereit, elle a d\u00fb s\u2019incliner. La d\u00e9faite face \u00e0 l'Allemande l'a donc envoy\u00e9e aux rep\u00eachages o\u00f9 elle a compl\u00e8tement fait taire le Champs de Mars Arena en battant d\u2019une cl\u00e9 de bras la Fran\u00e7aise Marie Eve Gahie dans le temps r\u00e9glementaire. Dans le combat pour la m\u00e9daille de bronze, elle a mis la cerise sur le g\u00e2teau en battant la N\u00e9erlandaise Sanne Van Dijke. Willems d\u00e9marre le combat avec acharnement et tente imm\u00e9diatement de renverser son adversaire n\u00e9erlandaise. Cela fonctionne du premier coup, mais la N\u00e9erlandaise se d\u00e9fend bien. Van Dijke tente alors de marquer un point avec un lancer de la hanche, mais Willems pare. Van Dijke met tout en \u0153uvre, mais Willems m\u00e8ne le combat au sol et maintient la N\u00e9erlandaise dans l'\u00e9tau en ne-waza. Willems la garde sous contr\u00f4le et remporte la m\u00e9daille de bronze. Quelle r\u00e9ussite !<\/p>\n\n\n\n<p class=\"translation-block\"><strong>Parcours<\/strong><br>Round of 32: Victory vs. Maria Perez (PUR)<br>Round of 16: Victory vs. Elisavet Teltsidou (GRE)<br>Quarter Final: Defeat vs. Miriam Butkereit (GER)<br>Repechage: Victory vs. Marie Eve Gahie (FRA)<br>BRONZE: Vicotry vs. Sanne Van Dijke (NED)<\/p>\n\n\n\n<figure class=\"wp-block-gallery has-nested-images columns-default is-cropped wp-block-gallery-3 is-layout-flex wp-block-gallery-is-layout-flex\">\n<figure class=\"wp-block-image size-large\"><img loading=\"lazy\" decoding=\"async\" width=\"1024\" height=\"753\" data-id=\"3087\" src=\"https:\/\/judobelgium.be\/wp-content\/uploads\/2024\/08\/S_C3564-1722448228-1722448228-1024x753.jpg\" alt=\"\" class=\"wp-image-3087\" srcset=\"https:\/\/judobelgium.be\/wp-content\/uploads\/2024\/08\/S_C3564-1722448228-1722448228-1024x753.jpg 1024w, https:\/\/judobelgium.be\/wp-content\/uploads\/2024\/08\/S_C3564-1722448228-1722448228-500x368.jpg 500w, https:\/\/judobelgium.be\/wp-content\/uploads\/2024\/08\/S_C3564-1722448228-1722448228-768x565.jpg 768w, https:\/\/judobelgium.be\/wp-content\/uploads\/2024\/08\/S_C3564-1722448228-1722448228-1536x1130.jpg 1536w, https:\/\/judobelgium.be\/wp-content\/uploads\/2024\/08\/S_C3564-1722448228-1722448228-16x12.jpg 16w, https:\/\/judobelgium.be\/wp-content\/uploads\/2024\/08\/S_C3564-1722448228-1722448228.jpg 2048w\" sizes=\"(max-width: 1024px) 100vw, 1024px\" \/><\/figure>\n\n\n\n<figure class=\"wp-block-image size-large\"><img loading=\"lazy\" decoding=\"async\" width=\"1024\" height=\"731\" data-id=\"3088\" src=\"https:\/\/judobelgium.be\/wp-content\/uploads\/2024\/08\/S_C3584-1722448237-1722448237-1024x731.jpg\" alt=\"\" class=\"wp-image-3088\" srcset=\"https:\/\/judobelgium.be\/wp-content\/uploads\/2024\/08\/S_C3584-1722448237-1722448237-1024x731.jpg 1024w, https:\/\/judobelgium.be\/wp-content\/uploads\/2024\/08\/S_C3584-1722448237-1722448237-500x357.jpg 500w, https:\/\/judobelgium.be\/wp-content\/uploads\/2024\/08\/S_C3584-1722448237-1722448237-768x548.jpg 768w, https:\/\/judobelgium.be\/wp-content\/uploads\/2024\/08\/S_C3584-1722448237-1722448237-1536x1097.jpg 1536w, https:\/\/judobelgium.be\/wp-content\/uploads\/2024\/08\/S_C3584-1722448237-1722448237-18x12.jpg 18w, https:\/\/judobelgium.be\/wp-content\/uploads\/2024\/08\/S_C3584-1722448237-1722448237.jpg 2048w\" sizes=\"(max-width: 1024px) 100vw, 1024px\" \/><\/figure>\n<\/figure>\n\n\n\n<h2 class=\"wp-block-heading\">Toma Nikiforov (-100kg\/JV) \u2013 Elimination au tour pr\u00e9liminaire<\/h2>\n\n\n\n<figure class=\"wp-block-image alignright size-large is-resized\"><img loading=\"lazy\" decoding=\"async\" width=\"1024\" height=\"683\" src=\"https:\/\/judobelgium.be\/wp-content\/uploads\/2024\/08\/KUL_7725-1722518125-1722518125-1024x683.jpg\" alt=\"\" class=\"wp-image-3094\" style=\"width:398px;height:auto\" srcset=\"https:\/\/judobelgium.be\/wp-content\/uploads\/2024\/08\/KUL_7725-1722518125-1722518125-1024x683.jpg 1024w, https:\/\/judobelgium.be\/wp-content\/uploads\/2024\/08\/KUL_7725-1722518125-1722518125-500x334.jpg 500w, https:\/\/judobelgium.be\/wp-content\/uploads\/2024\/08\/KUL_7725-1722518125-1722518125-768x512.jpg 768w, https:\/\/judobelgium.be\/wp-content\/uploads\/2024\/08\/KUL_7725-1722518125-1722518125-1536x1025.jpg 1536w, https:\/\/judobelgium.be\/wp-content\/uploads\/2024\/08\/KUL_7725-1722518125-1722518125-2048x1366.jpg 2048w, https:\/\/judobelgium.be\/wp-content\/uploads\/2024\/08\/KUL_7725-1722518125-1722518125-18x12.jpg 18w\" sizes=\"(max-width: 1024px) 100vw, 1024px\" \/><\/figure>\n\n\n\n<p>Lors de son premier combat, Toma (#22 WRL) affronte le Kazakh Nurlykhan Sharkhan (#23 WRL). Compte tenu de leur position au classement de l\u2019IJF, les deux judokas sont \u00e0 \u00e9galit\u00e9, mais c'est la premi\u00e8re fois qu'ils s'affrontent. Toma passe imm\u00e9diatement \u00e0 l'attaque, mais Sharkhan riposte. Pendant un instant, il semble que le Kazak ait marqu\u00e9 un point via waza-ari, mais cela est annul\u00e9 par le juge vid\u00e9o. Sharkhan re\u00e7oit le premier point de p\u00e9nalit\u00e9, mais un shido s'ensuit bient\u00f4t pour notre compatriote. Toma ne trouve pas d'ouverture pour imposer son judo sur le lisse Kazakh. S'ensuit ensuite un deuxi\u00e8me point de p\u00e9nalit\u00e9 pour Toma pour passivit\u00e9. Avec ce lourd \u00ab fardeau \u00bb, il entre en prolongation et finalement le verdict rapide de l'arbitre s'accompagne d'un troisi\u00e8me shido pour Toma, encore une fois pour passivit\u00e9, ce qui signifie imm\u00e9diatement la fin pr\u00e9matur\u00e9e de sa campagne olympique. Toma n'est clairement pas d'accord avec la punition. Il descend du tapis avec indignation, les bras \u00e9cart\u00e9s, demandant ce qui se passe. Notre compatriote voulait en fait imposer une punition \u00e0 l'adversaire pour une fausse attaque, mais s\u2019est alors fait avoir. La d\u00e9ception pour Toma est \u00e9norme.<\/p>\n\n\n\n<figure class=\"wp-block-gallery has-nested-images columns-default is-cropped wp-block-gallery-4 is-layout-flex wp-block-gallery-is-layout-flex\"><\/figure>\n\n\n\n<p class=\"translation-block\"><strong>Parcours<\/strong><br>Round of 32: Defeat (shidos) vs. Nurlykhan Sharkhan (KAZ)<\/p>\n\n\n\n<p class=\"translation-block\"><strong><em>Christian Pierre &amp; Cyrielle Engels<br>M\u00e9dia &amp; Communication<\/em><\/strong><\/p>","protected":false},"excerpt":{"rendered":"<p>PARIJS \u2013 De Olympische Spelen voor de judoka\u2019s van Judo Belgium zijn afgelopen. Met de bronzen medaille van Gabriella Willems en de vijfde plaats van Matthias Casse zetten de Belgische judoka\u2019s in Parijs een beter resultaat neer dan in Tokio, waar Matthias Casse ook brons pakte, en Charline Van Snick op de zevende plaats eindigde. [&hellip;]<\/p>\n","protected":false},"author":4,"featured_media":3082,"comment_status":"closed","ping_status":"closed","sticky":false,"template":"","format":"standard","meta":{"_seopress_robots_primary_cat":"none","_seopress_titles_title":"","_seopress_titles_desc":"","_seopress_robots_index":"","footnotes":""},"categories":[5],"tags":[247,132,73,134,78,282,284,285,76],"class_list":["post-3078","post","type-post","status-publish","format-standard","has-post-thumbnail","hentry","category-judo-internationaal","tag-247","tag-gabriella-willems","tag-ijf","tag-jorre-verstraeten","tag-matthias-casse","tag-os-paris-2024","tag-peter-vermeir","tag-sebastien-bonte","tag-toma-nikiforov"],"_links":{"self":[{"href":"https:\/\/judobelgium.be\/fr\/wp-json\/wp\/v2\/posts\/3078","targetHints":{"allow":["GET"]}}],"collection":[{"href":"https:\/\/judobelgium.be\/fr\/wp-json\/wp\/v2\/posts"}],"about":[{"href":"https:\/\/judobelgium.be\/fr\/wp-json\/wp\/v2\/types\/post"}],"author":[{"embeddable":true,"href":"https:\/\/judobelgium.be\/fr\/wp-json\/wp\/v2\/users\/4"}],"replies":[{"embeddable":true,"href":"https:\/\/judobelgium.be\/fr\/wp-json\/wp\/v2\/comments?post=3078"}],"version-history":[{"count":3,"href":"https:\/\/judobelgium.be\/fr\/wp-json\/wp\/v2\/posts\/3078\/revisions"}],"predecessor-version":[{"id":3464,"href":"https:\/\/judobelgium.be\/fr\/wp-json\/wp\/v2\/posts\/3078\/revisions\/3464"}],"wp:featuredmedia":[{"embeddable":true,"href":"https:\/\/judobelgium.be\/fr\/wp-json\/wp\/v2\/media\/3082"}],"wp:attachment":[{"href":"https:\/\/judobelgium.be\/fr\/wp-json\/wp\/v2\/media?parent=3078"}],"wp:term":[{"taxonomy":"category","embeddable":true,"href":"https:\/\/judobelgium.be\/fr\/wp-json\/wp\/v2\/categories?post=3078"},{"taxonomy":"post_tag","embeddable":true,"href":"https:\/\/judobelgium.be\/fr\/wp-json\/wp\/v2\/tags?post=3078"}],"curies":[{"name":"wp","href":"https:\/\/api.w.org\/{rel}","templated":true}]}}