{"id":3126,"date":"2024-08-20T11:01:01","date_gmt":"2024-08-20T09:01:01","guid":{"rendered":"https:\/\/judobelgium.be\/?p=3126"},"modified":"2024-08-20T11:01:01","modified_gmt":"2024-08-20T09:01:01","slug":"vijf-judokas-naar-wk-u18-in-lima","status":"publish","type":"post","link":"https:\/\/judobelgium.be\/fr\/algemeen\/vijf-judokas-naar-wk-u18-in-lima\/","title":{"rendered":"Cinq judokas aux Championnats du monde U18 \u00e0 Lima"},"content":{"rendered":"<p>Du 28 au 31 ao\u00fbt, les Championnats du monde U18 se d\u00e9rouleront dans la capitale p\u00e9ruvienne, Lima. Cinq judokas belges y d\u00e9fendront les couleurs nationales.<\/p>\n\n\n\n<figure class=\"wp-block-gallery has-nested-images columns-default is-cropped wp-block-gallery-1 is-layout-flex wp-block-gallery-is-layout-flex\">\n<figure class=\"wp-block-image size-large\"><img fetchpriority=\"high\" decoding=\"async\" width=\"819\" height=\"1024\" data-id=\"3127\" src=\"https:\/\/judobelgium.be\/wp-content\/uploads\/2024\/08\/team_bel_wk_cad_lima_2024-819x1024.png\" alt=\"\" class=\"wp-image-3127\" srcset=\"https:\/\/judobelgium.be\/wp-content\/uploads\/2024\/08\/team_bel_wk_cad_lima_2024-819x1024.png 819w, https:\/\/judobelgium.be\/wp-content\/uploads\/2024\/08\/team_bel_wk_cad_lima_2024-400x500.png 400w, https:\/\/judobelgium.be\/wp-content\/uploads\/2024\/08\/team_bel_wk_cad_lima_2024-768x960.png 768w, https:\/\/judobelgium.be\/wp-content\/uploads\/2024\/08\/team_bel_wk_cad_lima_2024-10x12.png 10w, https:\/\/judobelgium.be\/wp-content\/uploads\/2024\/08\/team_bel_wk_cad_lima_2024.png 1080w\" sizes=\"(max-width: 819px) 100vw, 819px\" \/><\/figure>\n\n\n\n<figure class=\"wp-block-image size-large\"><img decoding=\"async\" width=\"819\" height=\"1024\" data-id=\"3129\" src=\"https:\/\/judobelgium.be\/wp-content\/uploads\/2024\/08\/team_bel_peeters_wk_lima_2024-819x1024.png\" alt=\"\" class=\"wp-image-3129\" srcset=\"https:\/\/judobelgium.be\/wp-content\/uploads\/2024\/08\/team_bel_peeters_wk_lima_2024-819x1024.png 819w, https:\/\/judobelgium.be\/wp-content\/uploads\/2024\/08\/team_bel_peeters_wk_lima_2024-400x500.png 400w, https:\/\/judobelgium.be\/wp-content\/uploads\/2024\/08\/team_bel_peeters_wk_lima_2024-768x960.png 768w, https:\/\/judobelgium.be\/wp-content\/uploads\/2024\/08\/team_bel_peeters_wk_lima_2024-10x12.png 10w, https:\/\/judobelgium.be\/wp-content\/uploads\/2024\/08\/team_bel_peeters_wk_lima_2024.png 1080w\" sizes=\"(max-width: 819px) 100vw, 819px\" \/><\/figure>\n\n\n\n<figure class=\"wp-block-image size-large\"><img decoding=\"async\" width=\"819\" height=\"1024\" data-id=\"3128\" src=\"https:\/\/judobelgium.be\/wp-content\/uploads\/2024\/08\/team_bel_antoine_wk_lima_2024-819x1024.png\" alt=\"\" class=\"wp-image-3128\" srcset=\"https:\/\/judobelgium.be\/wp-content\/uploads\/2024\/08\/team_bel_antoine_wk_lima_2024-819x1024.png 819w, https:\/\/judobelgium.be\/wp-content\/uploads\/2024\/08\/team_bel_antoine_wk_lima_2024-400x500.png 400w, https:\/\/judobelgium.be\/wp-content\/uploads\/2024\/08\/team_bel_antoine_wk_lima_2024-768x960.png 768w, https:\/\/judobelgium.be\/wp-content\/uploads\/2024\/08\/team_bel_antoine_wk_lima_2024-10x12.png 10w, https:\/\/judobelgium.be\/wp-content\/uploads\/2024\/08\/team_bel_antoine_wk_lima_2024.png 1080w\" sizes=\"(max-width: 819px) 100vw, 819px\" \/><\/figure>\n\n\n\n<figure class=\"wp-block-image size-large\"><img loading=\"lazy\" decoding=\"async\" width=\"819\" height=\"1024\" data-id=\"3130\" src=\"https:\/\/judobelgium.be\/wp-content\/uploads\/2024\/08\/team_bel_dapa_wk_lima_2024-819x1024.png\" alt=\"\" class=\"wp-image-3130\" srcset=\"https:\/\/judobelgium.be\/wp-content\/uploads\/2024\/08\/team_bel_dapa_wk_lima_2024-819x1024.png 819w, https:\/\/judobelgium.be\/wp-content\/uploads\/2024\/08\/team_bel_dapa_wk_lima_2024-400x500.png 400w, https:\/\/judobelgium.be\/wp-content\/uploads\/2024\/08\/team_bel_dapa_wk_lima_2024-768x960.png 768w, https:\/\/judobelgium.be\/wp-content\/uploads\/2024\/08\/team_bel_dapa_wk_lima_2024-10x12.png 10w, https:\/\/judobelgium.be\/wp-content\/uploads\/2024\/08\/team_bel_dapa_wk_lima_2024.png 1080w\" sizes=\"(max-width: 819px) 100vw, 819px\" \/><\/figure>\n\n\n\n<figure class=\"wp-block-image size-large\"><img loading=\"lazy\" decoding=\"async\" width=\"819\" height=\"1024\" data-id=\"3132\" src=\"https:\/\/judobelgium.be\/wp-content\/uploads\/2024\/08\/team_bel_de_witte_wk_lima_2024-819x1024.png\" alt=\"\" class=\"wp-image-3132\" srcset=\"https:\/\/judobelgium.be\/wp-content\/uploads\/2024\/08\/team_bel_de_witte_wk_lima_2024-819x1024.png 819w, https:\/\/judobelgium.be\/wp-content\/uploads\/2024\/08\/team_bel_de_witte_wk_lima_2024-400x500.png 400w, https:\/\/judobelgium.be\/wp-content\/uploads\/2024\/08\/team_bel_de_witte_wk_lima_2024-768x960.png 768w, https:\/\/judobelgium.be\/wp-content\/uploads\/2024\/08\/team_bel_de_witte_wk_lima_2024-10x12.png 10w, https:\/\/judobelgium.be\/wp-content\/uploads\/2024\/08\/team_bel_de_witte_wk_lima_2024.png 1080w\" sizes=\"(max-width: 819px) 100vw, 819px\" \/><\/figure>\n\n\n\n<figure class=\"wp-block-image size-large\"><img loading=\"lazy\" decoding=\"async\" width=\"819\" height=\"1024\" data-id=\"3131\" src=\"https:\/\/judobelgium.be\/wp-content\/uploads\/2024\/08\/team_bel_cremers_wk_lima_2024-819x1024.png\" alt=\"\" class=\"wp-image-3131\" srcset=\"https:\/\/judobelgium.be\/wp-content\/uploads\/2024\/08\/team_bel_cremers_wk_lima_2024-819x1024.png 819w, https:\/\/judobelgium.be\/wp-content\/uploads\/2024\/08\/team_bel_cremers_wk_lima_2024-400x500.png 400w, https:\/\/judobelgium.be\/wp-content\/uploads\/2024\/08\/team_bel_cremers_wk_lima_2024-768x960.png 768w, https:\/\/judobelgium.be\/wp-content\/uploads\/2024\/08\/team_bel_cremers_wk_lima_2024-10x12.png 10w, https:\/\/judobelgium.be\/wp-content\/uploads\/2024\/08\/team_bel_cremers_wk_lima_2024.png 1080w\" sizes=\"(max-width: 819px) 100vw, 819px\" \/><\/figure>\n<\/figure>","protected":false},"excerpt":{"rendered":"<p>Du 28 au 31 ao\u00fbt, les Championnats du monde U18 se d\u00e9rouleront dans la capitale p\u00e9ruvienne, Lima. Cinq judokas belges y d\u00e9fendront les couleurs nationales.<\/p>","protected":false},"author":4,"featured_media":3105,"comment_status":"closed","ping_status":"closed","sticky":false,"template":"","format":"standard","meta":{"_seopress_robots_primary_cat":"none","_seopress_titles_title":"","_seopress_titles_desc":"","_seopress_robots_index":"","footnotes":""},"categories":[1],"tags":[247,287,73,286],"class_list":["post-3126","post","type-post","status-publish","format-standard","has-post-thumbnail","hentry","category-algemeen","tag-247","tag-cm-cad-2024","tag-ijf","tag-wk-cad-2024"],"_links":{"self":[{"href":"https:\/\/judobelgium.be\/fr\/wp-json\/wp\/v2\/posts\/3126","targetHints":{"allow":["GET"]}}],"collection":[{"href":"https:\/\/judobelgium.be\/fr\/wp-json\/wp\/v2\/posts"}],"about":[{"href":"https:\/\/judobelgium.be\/fr\/wp-json\/wp\/v2\/types\/post"}],"author":[{"embeddable":true,"href":"https:\/\/judobelgium.be\/fr\/wp-json\/wp\/v2\/users\/4"}],"replies":[{"embeddable":true,"href":"https:\/\/judobelgium.be\/fr\/wp-json\/wp\/v2\/comments?post=3126"}],"version-history":[{"count":1,"href":"https:\/\/judobelgium.be\/fr\/wp-json\/wp\/v2\/posts\/3126\/revisions"}],"predecessor-version":[{"id":3133,"href":"https:\/\/judobelgium.be\/fr\/wp-json\/wp\/v2\/posts\/3126\/revisions\/3133"}],"wp:featuredmedia":[{"embeddable":true,"href":"https:\/\/judobelgium.be\/fr\/wp-json\/wp\/v2\/media\/3105"}],"wp:attachment":[{"href":"https:\/\/judobelgium.be\/fr\/wp-json\/wp\/v2\/media?parent=3126"}],"wp:term":[{"taxonomy":"category","embeddable":true,"href":"https:\/\/judobelgium.be\/fr\/wp-json\/wp\/v2\/categories?post=3126"},{"taxonomy":"post_tag","embeddable":true,"href":"https:\/\/judobelgium.be\/fr\/wp-json\/wp\/v2\/tags?post=3126"}],"curies":[{"name":"wp","href":"https:\/\/api.w.org\/{rel}","templated":true}]}}