{"id":3135,"date":"2024-09-02T12:10:16","date_gmt":"2024-09-02T10:10:16","guid":{"rendered":"https:\/\/judobelgium.be\/?p=3135"},"modified":"2024-09-02T12:10:17","modified_gmt":"2024-09-02T10:10:17","slug":"wk-u18-in-lima-5de-plaats-voor-cremers-7de-voor-dapa-antoine","status":"publish","type":"post","link":"https:\/\/judobelgium.be\/fr\/judo-internationaal\/wk-u18-in-lima-5de-plaats-voor-cremers-7de-voor-dapa-antoine\/","title":{"rendered":"CM U18 \u00e0 Lima: Cremers 5i\u00e8me, Dapa &amp; Antoine 7i\u00e8me"},"content":{"rendered":"<p>Du 28 au 31 ao\u00fbt, les Championnats du monde U18 se sont d\u00e9roul\u00e9s dans la capitale p\u00e9ruvienne, Lima. Cinq judokas belges y ont d\u00e9fendu les couleurs nationales. En voici un aper\u00e7u.<\/p>\n\n\n\n<figure class=\"wp-block-gallery has-nested-images columns-default is-cropped wp-block-gallery-1 is-layout-flex wp-block-gallery-is-layout-flex\">\n<figure class=\"wp-block-image size-large\"><img fetchpriority=\"high\" decoding=\"async\" width=\"1024\" height=\"683\" data-id=\"3138\" src=\"https:\/\/judobelgium.be\/wp-content\/uploads\/2024\/08\/KUL_1355-1724875246-1724875246-1024x683.jpg\" alt=\"\" class=\"wp-image-3138\" srcset=\"https:\/\/judobelgium.be\/wp-content\/uploads\/2024\/08\/KUL_1355-1724875246-1724875246-1024x683.jpg 1024w, https:\/\/judobelgium.be\/wp-content\/uploads\/2024\/08\/KUL_1355-1724875246-1724875246-500x334.jpg 500w, https:\/\/judobelgium.be\/wp-content\/uploads\/2024\/08\/KUL_1355-1724875246-1724875246-768x512.jpg 768w, https:\/\/judobelgium.be\/wp-content\/uploads\/2024\/08\/KUL_1355-1724875246-1724875246-1536x1025.jpg 1536w, https:\/\/judobelgium.be\/wp-content\/uploads\/2024\/08\/KUL_1355-1724875246-1724875246-2048x1366.jpg 2048w, https:\/\/judobelgium.be\/wp-content\/uploads\/2024\/08\/KUL_1355-1724875246-1724875246-18x12.jpg 18w\" sizes=\"(max-width: 1024px) 100vw, 1024px\" \/><figcaption class=\"wp-element-caption\">Maelys Dapa<\/figcaption><\/figure>\n\n\n\n<figure class=\"wp-block-image size-large\"><img decoding=\"async\" width=\"1024\" height=\"683\" data-id=\"3139\" src=\"https:\/\/judobelgium.be\/wp-content\/uploads\/2024\/08\/KUL_9305-1724875609-1724875609-1024x683.jpg\" alt=\"\" class=\"wp-image-3139\" srcset=\"https:\/\/judobelgium.be\/wp-content\/uploads\/2024\/08\/KUL_9305-1724875609-1724875609-1024x683.jpg 1024w, https:\/\/judobelgium.be\/wp-content\/uploads\/2024\/08\/KUL_9305-1724875609-1724875609-500x333.jpg 500w, https:\/\/judobelgium.be\/wp-content\/uploads\/2024\/08\/KUL_9305-1724875609-1724875609-768x512.jpg 768w, https:\/\/judobelgium.be\/wp-content\/uploads\/2024\/08\/KUL_9305-1724875609-1724875609-1536x1024.jpg 1536w, https:\/\/judobelgium.be\/wp-content\/uploads\/2024\/08\/KUL_9305-1724875609-1724875609-2048x1366.jpg 2048w, https:\/\/judobelgium.be\/wp-content\/uploads\/2024\/08\/KUL_9305-1724875609-1724875609-18x12.jpg 18w\" sizes=\"(max-width: 1024px) 100vw, 1024px\" \/><figcaption class=\"wp-element-caption\">Fenne Peeters<\/figcaption><\/figure>\n\n\n\n<figure class=\"wp-block-image size-large\"><img decoding=\"async\" width=\"1024\" height=\"683\" data-id=\"3140\" src=\"https:\/\/judobelgium.be\/wp-content\/uploads\/2024\/08\/KUL_9275-1724875571-1724875572-1024x683.jpg\" alt=\"\" class=\"wp-image-3140\" srcset=\"https:\/\/judobelgium.be\/wp-content\/uploads\/2024\/08\/KUL_9275-1724875571-1724875572-1024x683.jpg 1024w, https:\/\/judobelgium.be\/wp-content\/uploads\/2024\/08\/KUL_9275-1724875571-1724875572-500x333.jpg 500w, https:\/\/judobelgium.be\/wp-content\/uploads\/2024\/08\/KUL_9275-1724875571-1724875572-768x512.jpg 768w, https:\/\/judobelgium.be\/wp-content\/uploads\/2024\/08\/KUL_9275-1724875571-1724875572-1536x1024.jpg 1536w, https:\/\/judobelgium.be\/wp-content\/uploads\/2024\/08\/KUL_9275-1724875571-1724875572-2048x1366.jpg 2048w, https:\/\/judobelgium.be\/wp-content\/uploads\/2024\/08\/KUL_9275-1724875571-1724875572-18x12.jpg 18w\" sizes=\"(max-width: 1024px) 100vw, 1024px\" \/><figcaption class=\"wp-element-caption\">Sverre De Witte<\/figcaption><\/figure>\n\n\n\n<figure class=\"wp-block-image size-large\"><img loading=\"lazy\" decoding=\"async\" width=\"1024\" height=\"683\" data-id=\"3145\" src=\"https:\/\/judobelgium.be\/wp-content\/uploads\/2024\/09\/30_08-39-1725048996-1725048996-1024x683.jpg\" alt=\"\" class=\"wp-image-3145\" srcset=\"https:\/\/judobelgium.be\/wp-content\/uploads\/2024\/09\/30_08-39-1725048996-1725048996-1024x683.jpg 1024w, https:\/\/judobelgium.be\/wp-content\/uploads\/2024\/09\/30_08-39-1725048996-1725048996-500x333.jpg 500w, https:\/\/judobelgium.be\/wp-content\/uploads\/2024\/09\/30_08-39-1725048996-1725048996-768x512.jpg 768w, https:\/\/judobelgium.be\/wp-content\/uploads\/2024\/09\/30_08-39-1725048996-1725048996-1536x1024.jpg 1536w, https:\/\/judobelgium.be\/wp-content\/uploads\/2024\/09\/30_08-39-1725048996-1725048996-2048x1365.jpg 2048w, https:\/\/judobelgium.be\/wp-content\/uploads\/2024\/09\/30_08-39-1725048996-1725048996-18x12.jpg 18w\" sizes=\"(max-width: 1024px) 100vw, 1024px\" \/><figcaption class=\"wp-element-caption\">Kenzo Cremers<\/figcaption><\/figure>\n<\/figure>\n\n\n\n<p><\/p>\n\n\n\n<h2 class=\"wp-block-heading\">Fenne Peeters (-40kg\/JV)<\/h2>\n\n\n\n<p><a href=\"https:\/\/judotv.com\/competitions\/wc_cad2024\/contests\/wc_cad2024_0010_f_0040_0002\">Round of 16: Defeat vs. Zarina Tsakulova (IJF)<\/a><\/p>\n\n\n\n<h2 class=\"wp-block-heading\">Maelys Dapa (-44kg\/JWB) &#8211; 7th PLACE<\/h2>\n\n\n\n<p><a href=\"https:\/\/judotv.com\/competitions\/wc_cad2024\/contests\/wc_cad2024_0010_f_0044_0018\">Round of 16: Victory vs. Sofia Hernandez (MEX)<\/a><br><a href=\"https:\/\/judotv.com\/competitions\/wc_cad2024\/contests\/wc_cad2024_0010_f_0044_0025\">Quarter Final: Defeat vs. Patricia Tomankova (SVK)<\/a><br><a href=\"https:\/\/judotv.com\/competitions\/wc_cad2024\/contests\/wc_cad2024_0010_f_0044_0029\">Repechage: Defeat (shidos) vs. Irene Garcia Sanchez (ESP)<\/a><\/p>\n\n\n\n<h2 class=\"wp-block-heading\">L\u00e9na Antoine (-44kg\/JWB) &#8211; 7th PLACE<\/h2>\n\n\n\n<p><a href=\"https:\/\/judotv.com\/competitions\/wc_cad2024\/contests\/wc_cad2024_0010_f_0044_0022\">Round of 16: Victory vs. Nadezhda Mishenkina (IJF)<\/a><br><a href=\"https:\/\/judotv.com\/competitions\/wc_cad2024\/contests\/wc_cad2024_0010_f_0044_0027\">Quarter Final: Defeat vs. Juliana Yamasaki (BRA)<\/a><br><a href=\"https:\/\/judotv.com\/competitions\/wc_cad2024\/contests\/wc_cad2024_0010_f_0044_0030\">Repechage: Defeat vs. Africa Puente Lopez (ESP)<\/a><\/p>\n\n\n\n<h2 class=\"wp-block-heading\">Sverre De Witte (-50kg\/JV)<\/h2>\n\n\n\n<p><a href=\"https:\/\/judotv.com\/competitions\/wc_cad2024\/contests\/wc_cad2024_0009_m_0050_0006\">Round of 32: Defeat vs. Thomas Ghidoni (ITA)<\/a><\/p>\n\n\n\n<h2 class=\"wp-block-heading\">Kenzo Cremers (-81kg\/JV) &#8211; 5th PLACE<\/h2>\n\n\n\n<p>Kenzo Cremers (-81kg\/JV) \u2013 5th Place<\/p>\n\n\n\n<p><a href=\"https:\/\/judotv.com\/competitions\/wc_cad2024\/contests\/wc_cad2024_0009_m_0081_0021\">Round of 16: Victory vs. Saba Jakhveladze (GEO)<\/a><br><a href=\"https:\/\/judotv.com\/competitions\/wc_cad2024\/contests\/wc_cad2024_0009_m_0081_0027\">Quarter Final: Victory vs. Ali Gazi Mammadov (AZE)<\/a><br><a href=\"https:\/\/judotv.com\/competitions\/wc_cad2024\/contests\/wc_cad2024_0009_m_0081_0032\">Semi-Final: Defeat vs. Abu-Bakr Kantaev (IJF)<\/a><br><a href=\"https:\/\/judotv.com\/competitions\/wc_cad2024\/contests\/wc_cad2024_0009_m_0081_0033\">Bronze: defeat vs. Mehdi Abbasov (AZE)<\/a><\/p>","protected":false},"excerpt":{"rendered":"<p>LIMA &#8211; Van 28 tot en met 31 augustus vond in de Peruviaanse hoofdstad Lima het Wereldkampioenschap U18 door. Vijf Belgische judoka\u2019s verdedigden er de nationale driekleur. Hierna volgt een overzicht. Fenne Peeters (-40kg\/JV) Round of 16: Defeat vs. Zarina Tsakulova (IJF) Maelys Dapa (-44kg\/JWB) &#8211; 7th PLACE Round of 16: Victory vs. Sofia Hernandez [&hellip;]<\/p>\n","protected":false},"author":4,"featured_media":3145,"comment_status":"closed","ping_status":"closed","sticky":false,"template":"","format":"standard","meta":{"_seopress_robots_primary_cat":"none","_seopress_titles_title":"","_seopress_titles_desc":"","_seopress_robots_index":"","footnotes":""},"categories":[5],"tags":[247,289,73,195,290,288],"class_list":["post-3135","post","type-post","status-publish","format-standard","has-post-thumbnail","hentry","category-judo-internationaal","tag-247","tag-cm-cad","tag-ijf","tag-u18","tag-wc-cad","tag-wk-cad"],"_links":{"self":[{"href":"https:\/\/judobelgium.be\/fr\/wp-json\/wp\/v2\/posts\/3135","targetHints":{"allow":["GET"]}}],"collection":[{"href":"https:\/\/judobelgium.be\/fr\/wp-json\/wp\/v2\/posts"}],"about":[{"href":"https:\/\/judobelgium.be\/fr\/wp-json\/wp\/v2\/types\/post"}],"author":[{"embeddable":true,"href":"https:\/\/judobelgium.be\/fr\/wp-json\/wp\/v2\/users\/4"}],"replies":[{"embeddable":true,"href":"https:\/\/judobelgium.be\/fr\/wp-json\/wp\/v2\/comments?post=3135"}],"version-history":[{"count":3,"href":"https:\/\/judobelgium.be\/fr\/wp-json\/wp\/v2\/posts\/3135\/revisions"}],"predecessor-version":[{"id":3147,"href":"https:\/\/judobelgium.be\/fr\/wp-json\/wp\/v2\/posts\/3135\/revisions\/3147"}],"wp:featuredmedia":[{"embeddable":true,"href":"https:\/\/judobelgium.be\/fr\/wp-json\/wp\/v2\/media\/3145"}],"wp:attachment":[{"href":"https:\/\/judobelgium.be\/fr\/wp-json\/wp\/v2\/media?parent=3135"}],"wp:term":[{"taxonomy":"category","embeddable":true,"href":"https:\/\/judobelgium.be\/fr\/wp-json\/wp\/v2\/categories?post=3135"},{"taxonomy":"post_tag","embeddable":true,"href":"https:\/\/judobelgium.be\/fr\/wp-json\/wp\/v2\/tags?post=3135"}],"curies":[{"name":"wp","href":"https:\/\/api.w.org\/{rel}","templated":true}]}}